{"id":80250,"date":"2020-06-14T19:42:59","date_gmt":"2020-06-15T00:42:59","guid":{"rendered":"http:\/\/elcuartopoder.com.mx\/nw\/?p=80250"},"modified":"2020-06-14T19:43:02","modified_gmt":"2020-06-15T00:43:02","slug":"por-la-pandemia-un-millon-de-empleos-perdidos-en-tres-meses-imss","status":"publish","type":"post","link":"http:\/\/elcuartopoder.com.mx\/nw\/economia\/por-la-pandemia-un-millon-de-empleos-perdidos-en-tres-meses-imss\/","title":{"rendered":"Por la pandemia, un Mill\u00f3n de Empleos perdidos en tres meses: IMSS"},"content":{"rendered":"\n<p>El Instituto Mexicano del Seguro Social (IMSS) inform\u00f3 que como consecuencia de la pandemia de Coronavirus&nbsp;<strong>se han perdido 1 mill\u00f3n 30,366 empleos, entre los meses de marzo, abril y mayo<\/strong>; periodo en el que se dio el confinamiento.&nbsp;<\/p>\n\n\n\n<p>Al presentar el informe mensual el IMSS, el organismo detall\u00f3 que como consecuencia de los efectos derivados de la emergencia sanitaria,&nbsp;<strong>en mayo se registr\u00f3 una disminuci\u00f3n mensual de 344,526 puestos<\/strong>, equivalente a una tasa mensual de menos 1.7 por ciento.<\/p>\n\n\n\n<p>Las proyecciones que han presentado diversas organizaciones es que habr\u00e1 una p\u00e9rdida superior al mill\u00f3n 800,000 puestos de trabajo en todo el a\u00f1o.<\/p>\n\n\n\n<p>Al 31 de mayo de 2020,&nbsp;<strong>se tienen registrados en el IMSS 19 millones 583,170 puestos de trabajo<\/strong>; de \u00e9stos, el 86.7% son permanentes y el 13.3% son eventuales. En los \u00faltimos a\u00f1os, estos porcentajes se han mantenido relativamente constantes.<\/p>\n\n\n\n<p>Los sectores que presentan crecimiento anual en puestos de trabajo son agropecuario con 3.5%; servicios sociales y comunales con 2.7% y comunicaciones y transportes con 0.9% . Por entidad federativa, Tabasco y Colima registran una variaci\u00f3n anual positiva durante mayo.<\/p>\n\n\n\n<p>La reducci\u00f3n de empleo fue menor a la que se present\u00f3 en marzo con 130,000 y abril 555,000; \u201csin embargo, no deja de preocupar que no se tomen acciones y medidas que ayuden a cancelar fuentes de empleo formal con todas sus prestaciones\u201d, sostuvo el presidente del Centro de Estudios para el Empleo Formal (CEEF), Armando Le\u00f1ero.<\/p>\n\n\n\n<p>Por otra parte, el n\u00famero de&nbsp;<strong>patrones que se dio de baja en el IMSS en el mes de mayo fue de 3,295<\/strong>.&nbsp;<\/p>\n\n\n\n<p>Al 31 de mayo de 2020, se tienen registrados ante el Instituto 997,767 patrones, equivalente a una tasa de crecimiento anual de 0.9 por ciento.\u00a0<\/p>\n\n\n\n<p><strong>Fuente:&nbsp;<\/strong>marcrixnoticias<\/p>\n","protected":false},"excerpt":{"rendered":"<p>El Instituto Mexicano del Seguro Social (IMSS) inform\u00f3 que como consecuencia de la pandemia de Coronavirus&nbsp;se han perdido 1 mill\u00f3n 30,366 empleos, entre los meses de marzo, abril y mayo; periodo en el que se dio el confinamiento.&nbsp; Al presentar el informe mensual el IMSS, el organismo detall\u00f3 que como consecuencia de los efectos derivados [&hellip;]<\/p>\n","protected":false},"author":2,"featured_media":80251,"comment_status":"open","ping_status":"open","sticky":false,"template":"","format":"standard","meta":{"footnotes":""},"categories":[1],"tags":[],"class_list":["post-80250","post","type-post","status-publish","format-standard","has-post-thumbnail","hentry","category-economia"],"_links":{"self":[{"href":"http:\/\/elcuartopoder.com.mx\/nw\/wp-json\/wp\/v2\/posts\/80250","targetHints":{"allow":["GET"]}}],"collection":[{"href":"http:\/\/elcuartopoder.com.mx\/nw\/wp-json\/wp\/v2\/posts"}],"about":[{"href":"http:\/\/elcuartopoder.com.mx\/nw\/wp-json\/wp\/v2\/types\/post"}],"author":[{"embeddable":true,"href":"http:\/\/elcuartopoder.com.mx\/nw\/wp-json\/wp\/v2\/users\/2"}],"replies":[{"embeddable":true,"href":"http:\/\/elcuartopoder.com.mx\/nw\/wp-json\/wp\/v2\/comments?post=80250"}],"version-history":[{"count":1,"href":"http:\/\/elcuartopoder.com.mx\/nw\/wp-json\/wp\/v2\/posts\/80250\/revisions"}],"predecessor-version":[{"id":80252,"href":"http:\/\/elcuartopoder.com.mx\/nw\/wp-json\/wp\/v2\/posts\/80250\/revisions\/80252"}],"wp:featuredmedia":[{"embeddable":true,"href":"http:\/\/elcuartopoder.com.mx\/nw\/wp-json\/wp\/v2\/media\/80251"}],"wp:attachment":[{"href":"http:\/\/elcuartopoder.com.mx\/nw\/wp-json\/wp\/v2\/media?parent=80250"}],"wp:term":[{"taxonomy":"category","embeddable":true,"href":"http:\/\/elcuartopoder.com.mx\/nw\/wp-json\/wp\/v2\/categories?post=80250"},{"taxonomy":"post_tag","embeddable":true,"href":"http:\/\/elcuartopoder.com.mx\/nw\/wp-json\/wp\/v2\/tags?post=80250"}],"curies":[{"name":"wp","href":"https:\/\/api.w.org\/{rel}","templated":true}]}}