{"id":80253,"date":"2020-06-14T20:05:10","date_gmt":"2020-06-15T01:05:10","guid":{"rendered":"http:\/\/elcuartopoder.com.mx\/nw\/?p=80253"},"modified":"2020-06-14T20:05:13","modified_gmt":"2020-06-15T01:05:13","slug":"el-mundo-contra-el-racismo-neocolonial","status":"publish","type":"post","link":"http:\/\/elcuartopoder.com.mx\/nw\/destacadas\/el-mundo-contra-el-racismo-neocolonial\/","title":{"rendered":"El mundo, contra el racismo neocolonial"},"content":{"rendered":"\n<p>Violando la prohibici\u00f3n de realizar concentraciones masivas, la polic\u00eda francesa march\u00f3 ayer por la Avenida de los Campos El\u00edseos para demostrar su rechazo a los nuevos l\u00edmites impuestos por el gobierno a las t\u00e1cticas de arresto y las acusaciones de racismo en sus filas.<\/p>\n\n\n\n<p>Francia anunci\u00f3 la prohibici\u00f3n de la t\u00e9cnica policial de aferrar a los detenidos por el cuello como parte de la campa\u00f1a del gobierno contra la brutalidad de las fuerzas del orden y el racismo, en medio de las protestas globales por la muerte de George Floyd en Estados Unidos.<\/p>\n\n\n\n<p>El ministro del Interior, Christophe Castaner, dijo d\u00edas atr\u00e1s que cualquier&nbsp;sospecha fuerte&nbsp;de racismo ser\u00eda sancionada, al investigar declaraciones racistas aparecidas en grupos cerrados de la polic\u00eda en Facebook y WhatsApp.<\/p>\n\n\n\n<p>La marcha fue peque\u00f1a pero ruidosa, con bocinazos, banderas y humo azul bajo cielos lluviosos. Los agentes marchaban muy juntos y sin mascarillas.<\/p>\n\n\n\n<p>En tanto, se anunci\u00f3 que las marchas contra la brutalidad policial, previstas para el fin de semana estaban prohibidas debido a la pandemia.<\/p>\n\n\n\n<p>Para el s\u00e1bado estaban programadas manifestaciones antirracistas en las principales ciudades francesas.<\/p>\n\n\n\n<p>En otro tema, cinco hombres, que denuncian el&nbsp;despojo a \u00c1frica de sus riquezas, entraron ayer al Museo de Quai Branly en Par\u00eds, donde arrancaron de su pedestal un poste funerario Bari del siglo XIX, antes de ser detenidos por la polic\u00eda.<\/p>\n\n\n\n<p>El museo present\u00f3 una queja y hay una investigaci\u00f3n en curso, indic\u00f3 el museo.<\/p>\n\n\n\n<p>En Londres, el primer ministro brit\u00e1nico, Boris Johnson, calific\u00f3 ayer de&nbsp;absurdo y vergonzoso&nbsp;que una estatua de Winston Churchill corra el riesgo de ser atacada por manifestantes. Grupos antirracistas, que han organizado protestas desde la muerte de George Floyd, un hombre negro, bajo custodia policial en Minneapolis el 25 de mayo, han situado a las estatuas en primera l\u00ednea de su reto al pasado imperialista brit\u00e1nico.<\/p>\n\n\n\n<p>La figura de Edward Colston, quien amas\u00f3 una fortuna en el siglo XVII gracias al comercio esclavista, fue derribada el domingo en la ciudad de Bristol por manifestantes que participaban en la ola mundial de protestas.<\/p>\n\n\n\n<p>Antes de las marchas previstas para este fin de semana, funcionarios ocultaron con paneles la estatua de Churchill \u2013primer ministro brit\u00e1nico durante la Segunda Guerra Mundial\u2013, situada frente al Parlamento, despu\u00e9s de que los manifestantes la pintarrajearon el domingo.<\/p>\n\n\n\n<p>Johnson, admirador y bi\u00f3grafo de Churchill, tuite\u00f3:&nbsp;S\u00ed, a veces expres\u00f3 opiniones que eran y son inaceptables para nosotros hoy en d\u00eda, pero fue un h\u00e9roe, y se merece plenamente su monumento. No podemos ahora tratar de editar o censurar nuestro pasado. No podemos pretender tener una historia diferente.<\/p>\n\n\n\n<p>Agreg\u00f3; \u201cSea cual sea el progreso que ha hecho este pa\u00eds en el combate contra el racismo \u2013y ha sido grande\u2013 todos reconocemos que hay mucho m\u00e1s trabajo que hacer, pero est\u00e1 claro que las protestas han sido tristemente secuestradas por intentos extremistas de violencia\u201d.<\/p>\n\n\n\n<p>El primer ministro de Australia, Scott Morrison, se disculp\u00f3 ayer por declarar el jueves que&nbsp;nunca existi\u00f3 la esclavitud en el pa\u00eds, lo que le vali\u00f3 cr\u00edticas por ignorar a decenas de miles de habitantes de las islas del Pac\u00edfico Sur explotados durante siglos en los campos de az\u00facar australianos.<\/p>\n\n\n\n<p>Mis comentarios no quer\u00edan ofender a nadie y, si lo hicieron, lo lamento profundamente y pido perd\u00f3n por ello. Lo que quer\u00eda decir es que Australia tiene un pasado, lo hemos reconocido y tenemos que afrontarlo&nbsp;a\u00f1adi\u00f3.<\/p>\n\n\n\n<p>Las declaraciones iniciales del primer ministro tuvieron lugar despu\u00e9s de que miles de personas salieron el pasado fin de semana a las calles de la ciudad de S\u00eddney por los derechos de la poblaci\u00f3n aborigen en el marco de las marchas mundiales por la igualdad racial.<\/p>\n\n\n\n<p><strong>Fuente:<\/strong> jornada<\/p>\n","protected":false},"excerpt":{"rendered":"<p>Violando la prohibici\u00f3n de realizar concentraciones masivas, la polic\u00eda francesa march\u00f3 ayer por la Avenida de los Campos El\u00edseos para demostrar su rechazo a los nuevos l\u00edmites impuestos por el gobierno a las t\u00e1cticas de arresto y las acusaciones de racismo en sus filas. Francia anunci\u00f3 la prohibici\u00f3n de la t\u00e9cnica policial de aferrar a [&hellip;]<\/p>\n","protected":false},"author":2,"featured_media":80254,"comment_status":"open","ping_status":"open","sticky":false,"template":"","format":"standard","meta":{"footnotes":""},"categories":[59],"tags":[],"class_list":["post-80253","post","type-post","status-publish","format-standard","has-post-thumbnail","hentry","category-destacadas"],"_links":{"self":[{"href":"http:\/\/elcuartopoder.com.mx\/nw\/wp-json\/wp\/v2\/posts\/80253","targetHints":{"allow":["GET"]}}],"collection":[{"href":"http:\/\/elcuartopoder.com.mx\/nw\/wp-json\/wp\/v2\/posts"}],"about":[{"href":"http:\/\/elcuartopoder.com.mx\/nw\/wp-json\/wp\/v2\/types\/post"}],"author":[{"embeddable":true,"href":"http:\/\/elcuartopoder.com.mx\/nw\/wp-json\/wp\/v2\/users\/2"}],"replies":[{"embeddable":true,"href":"http:\/\/elcuartopoder.com.mx\/nw\/wp-json\/wp\/v2\/comments?post=80253"}],"version-history":[{"count":1,"href":"http:\/\/elcuartopoder.com.mx\/nw\/wp-json\/wp\/v2\/posts\/80253\/revisions"}],"predecessor-version":[{"id":80255,"href":"http:\/\/elcuartopoder.com.mx\/nw\/wp-json\/wp\/v2\/posts\/80253\/revisions\/80255"}],"wp:featuredmedia":[{"embeddable":true,"href":"http:\/\/elcuartopoder.com.mx\/nw\/wp-json\/wp\/v2\/media\/80254"}],"wp:attachment":[{"href":"http:\/\/elcuartopoder.com.mx\/nw\/wp-json\/wp\/v2\/media?parent=80253"}],"wp:term":[{"taxonomy":"category","embeddable":true,"href":"http:\/\/elcuartopoder.com.mx\/nw\/wp-json\/wp\/v2\/categories?post=80253"},{"taxonomy":"post_tag","embeddable":true,"href":"http:\/\/elcuartopoder.com.mx\/nw\/wp-json\/wp\/v2\/tags?post=80253"}],"curies":[{"name":"wp","href":"https:\/\/api.w.org\/{rel}","templated":true}]}}