{"id":80280,"date":"2020-06-15T15:08:03","date_gmt":"2020-06-15T20:08:03","guid":{"rendered":"http:\/\/elcuartopoder.com.mx\/nw\/?p=80280"},"modified":"2020-06-15T15:08:06","modified_gmt":"2020-06-15T20:08:06","slug":"el-dengue-acecha-mexico-y-centroamerica-en-plena-pandemia-de-coronavirus","status":"publish","type":"post","link":"http:\/\/elcuartopoder.com.mx\/nw\/destacadas\/el-dengue-acecha-mexico-y-centroamerica-en-plena-pandemia-de-coronavirus\/","title":{"rendered":"El dengue acecha M\u00e9xico y Centroam\u00e9rica en plena pandemia de coronavirus"},"content":{"rendered":"\n<p>Cuando la temporada de lluvias inicia en M\u00e9xico y Centroam\u00e9rica, sus epidemi\u00f3logos comienzan a temblar. Tras la devastadora epidemia de dengue que golpe\u00f3 a la regi\u00f3n el a\u00f1o pasado, temen un repunte de los casos durante el invierno tropical, lo que generar\u00e1 m\u00e1s presi\u00f3n en sus precarios sistemas de salud, atiborrados ya de pacientes de la covid-19 en pa\u00edses como Honduras y Nicaragua, los m\u00e1s pobres de la zona. En M\u00e9xico, un pa\u00eds que registra m\u00e1s de 3.000 casos de dengue, el subsecretario de Salud, Hugo L\u00f3pez-Gatell, ha alertado ya de una \u201ccoepidemia\u201d a causa de las dos enfermedades debido a la proliferaci\u00f3n del mosquito que transmite el dengue. \u201cCuando se juntan las necesidades de atenci\u00f3n hospitalaria puede haber un reto importante\u201d, ha afirmado.<\/p>\n\n\n\n<p>La Organizaci\u00f3n Panamericana de la Salud (OPS) alert\u00f3 en un informe epidemiol\u00f3gico publicado en el pasado febrero, que Am\u00e9rica registr\u00f3 a finales de 2019 el mayor n\u00famero de casos de dengue de su historia, con m\u00e1s de tres millones de casos. En Honduras hubo m\u00e1s de 100.000 contagiados y 180 personas fallecieron a causa de esta enfermedad causada por el mosquito Aedes aegypti, cuyas hembras, seg\u00fan los expertos, son la principal fuente de transmisi\u00f3n. El pa\u00eds registra ahora 13.511 contagios, de los que 1.202 son graves.<\/p>\n\n\n\n<p>\u201cEs una situaci\u00f3n muy cr\u00edtica\u201d, afirma el epidemi\u00f3logo hondure\u00f1o Marco Pinel Vallecillo, quien el a\u00f1o pasado se moviliz\u00f3 por su pa\u00eds para hacer frente a la epidemia de dengue. Pinel explica por tel\u00e9fono que Honduras solo cuenta con 120 camas de cuidados intensivos, repartidas en las dos principales ciudades, Tegucigalpa, la capital pol\u00edtica, y San Pedro Sula, la ciudad m\u00e1s importante por su actividad econ\u00f3mica. El resto del pa\u00eds, afirma, est\u00e1 pr\u00e1cticamente en el abandono. \u201cDe esas camas disponibles ya 47 est\u00e1n ocupadas\u201d, dice quien teme que con una nueva epidemia de dengue la presi\u00f3n haga que el sistema llegue \u201cal colapso total\u201d.<\/p>\n\n\n\n<p>Pinel y sus colegas han criticado el manejo que ha hecho el Gobierno hondure\u00f1o de la pandemia de coronavirus. El m\u00e9dico la cataloga como una \u201cconducci\u00f3n err\u00e1tica\u201d y afirma que los hospitales sufren caos porque no hay una direcci\u00f3n clara, sin protocolos adecuados para guiar al personal m\u00e9dico en el manejo de la covid-19 y escasez de equipos de protecci\u00f3n personal. Las consecuencias, asegura, han sido dos m\u00e9dicas, un microbi\u00f3logo y dos enfermeras fallecidas hasta ahora. A esa negligencia estatal se suma la corrupci\u00f3n: los m\u00e9dicos han alertado de que el estado de emergencia ha sido utilizado para hacer compras de equipamientos m\u00e9dicos a grupos de intereses econ\u00f3micos salt\u00e1ndose las normas legales de adjudicaci\u00f3n.<\/p>\n\n\n\n<p>\u201cEl sistema ya estaba colapsado por el dengue, esta pandemia lo ha venido a golpear mortalmente\u201d, corrobora la doctora Ligia Ramos, integrante de la Plataforma Por la Defensa de la Salud y Educaci\u00f3n, una agrupaci\u00f3n que el a\u00f1o pasado organiz\u00f3 fuertes protestas contra el Gobierno del presidente Orlando Hern\u00e1ndez. \u201cEstamos afrontando la pandemia de forma dif\u00edcil, con corrupci\u00f3n impune, con mucha desesperanza. Estamos agotados\u201d, dice la m\u00e9dica. Honduras registra 290 fallecidos por la covid-19 y 7.360 casos.<\/p>\n\n\n\n<p>En Nicaragua, donde las estad\u00edsticas oficiales son cuestionadas por los expertos en salud, el r\u00e9gimen del sandinista Daniel Ortega ha informado de que el pa\u00eds registra 22.951 casos de dengue que considera \u201csospechosos\u201d, de los que han sido confirmados 629. El a\u00f1o pasado esta peque\u00f1a naci\u00f3n registr\u00f3 m\u00e1s de 10.000 casos de dengue, con 30 muertos. Los m\u00e9dicos nicarag\u00fcenses, alarmados por el aumento de contagios por la covid-19, han exigido al Gobierno que declare una emergencia, tome fuertes medidas de contingencia y establezca una cuarentena obligatoria. Ortega hab\u00eda negado en un inicio la letalidad de la pandemia, pero termin\u00f3 acept\u00e1ndola ante lo innegable: la vulnerabilidad de Nicaragua, de su precario sistema sanitario y de su situaci\u00f3n geogr\u00e1fica, territorio de paso en Centroam\u00e9rica. Las cifras oficiales muestran que al menos 55 nicarag\u00fcenses han muerto y 1. 464 est\u00e1n contagiados.<\/p>\n\n\n\n<p>Cap\u00edtulo aparte en la regi\u00f3n ha sido Costa Rica, una naci\u00f3n que desde un inicio tom\u00f3 medidas basadas en la evidencia cient\u00edfica para evitar la propagaci\u00f3n del coronavirus en su territorio, lo que le permiti\u00f3 registrar la tasa de mortalidad m\u00e1s baja del continente. Cuando el pa\u00eds ha iniciado una cuidadosa desescalada, sus expertos ponen el ojo en el dengue: el Ministerio de Salud inform\u00f3 a mediados de abril que los contagios se hab\u00edan triplicado en el primer trimestre del a\u00f1o, hasta alcanzar los 1.726 casos, mientras que en el mismo periodo del a\u00f1o pasado se registraron 542. \u201cEstamos en un momento dif\u00edcil, donde el pa\u00eds enfrenta la covid-19, pero lamentablemente las dem\u00e1s enfermedades contin\u00faan su ciclo, es por esto por lo que hacemos un llamado a la poblaci\u00f3n para que nos ayuden en sus casas, con la eliminaci\u00f3n de criaderos\u201d, alert\u00f3 Rodrigo Mar\u00edn, director de Vigilancia del Ministerio de Salud costarricense.<\/p>\n\n\n\n<p>El dengue tambi\u00e9n preocupa a las autoridades mexicanas. Con m\u00e1s de 3.000 contagios y 11 muertes en el pa\u00eds, temen que la estad\u00edstica vaya en aumento mientras la naci\u00f3n cruza por el momento m\u00e1s complicado de la pandemia de coronavirus. El subsecretario de Salud, Hugo L\u00f3pez-Gatell ha advertido de que \u201cla desinfecci\u00f3n que se ha hecho para prevenir contagios de coronavirus no tiene un impacto significativo para prevenir dengue\u201d. Las autoridades informaron sobre el caso de una persona que se contagi\u00f3 con ambas enfermedades en el Estado de Nayarit, localizado al oeste de M\u00e9xico. El enfermo se recuper\u00f3 satisfactoriamente, ha explicado L\u00f3pez-Gatell, quien tambi\u00e9n ha advertido de que teme que casos de estos se repitan en M\u00e9xico debido a que ha comenzado la temporada de lluvias, cuando prolifera el mosquito que transmite la enfermedad y que afecta a todo el pa\u00eds, menos a Ciudad de M\u00e9xico y los estados de Zacatecas y Aguascalientes.<\/p>\n\n\n\n<p><strong>Fuente:<\/strong> elpa\u00eds<\/p>\n","protected":false},"excerpt":{"rendered":"<p>Cuando la temporada de lluvias inicia en M\u00e9xico y Centroam\u00e9rica, sus epidemi\u00f3logos comienzan a temblar. Tras la devastadora epidemia de dengue que golpe\u00f3 a la regi\u00f3n el a\u00f1o pasado, temen un repunte de los casos durante el invierno tropical, lo que generar\u00e1 m\u00e1s presi\u00f3n en sus precarios sistemas de salud, atiborrados ya de pacientes de [&hellip;]<\/p>\n","protected":false},"author":2,"featured_media":80281,"comment_status":"open","ping_status":"open","sticky":false,"template":"","format":"standard","meta":{"footnotes":""},"categories":[59],"tags":[],"class_list":["post-80280","post","type-post","status-publish","format-standard","has-post-thumbnail","hentry","category-destacadas"],"_links":{"self":[{"href":"http:\/\/elcuartopoder.com.mx\/nw\/wp-json\/wp\/v2\/posts\/80280","targetHints":{"allow":["GET"]}}],"collection":[{"href":"http:\/\/elcuartopoder.com.mx\/nw\/wp-json\/wp\/v2\/posts"}],"about":[{"href":"http:\/\/elcuartopoder.com.mx\/nw\/wp-json\/wp\/v2\/types\/post"}],"author":[{"embeddable":true,"href":"http:\/\/elcuartopoder.com.mx\/nw\/wp-json\/wp\/v2\/users\/2"}],"replies":[{"embeddable":true,"href":"http:\/\/elcuartopoder.com.mx\/nw\/wp-json\/wp\/v2\/comments?post=80280"}],"version-history":[{"count":1,"href":"http:\/\/elcuartopoder.com.mx\/nw\/wp-json\/wp\/v2\/posts\/80280\/revisions"}],"predecessor-version":[{"id":80282,"href":"http:\/\/elcuartopoder.com.mx\/nw\/wp-json\/wp\/v2\/posts\/80280\/revisions\/80282"}],"wp:featuredmedia":[{"embeddable":true,"href":"http:\/\/elcuartopoder.com.mx\/nw\/wp-json\/wp\/v2\/media\/80281"}],"wp:attachment":[{"href":"http:\/\/elcuartopoder.com.mx\/nw\/wp-json\/wp\/v2\/media?parent=80280"}],"wp:term":[{"taxonomy":"category","embeddable":true,"href":"http:\/\/elcuartopoder.com.mx\/nw\/wp-json\/wp\/v2\/categories?post=80280"},{"taxonomy":"post_tag","embeddable":true,"href":"http:\/\/elcuartopoder.com.mx\/nw\/wp-json\/wp\/v2\/tags?post=80280"}],"curies":[{"name":"wp","href":"https:\/\/api.w.org\/{rel}","templated":true}]}}