{"id":80283,"date":"2020-06-15T15:22:27","date_gmt":"2020-06-15T20:22:27","guid":{"rendered":"http:\/\/elcuartopoder.com.mx\/nw\/?p=80283"},"modified":"2020-06-15T15:22:29","modified_gmt":"2020-06-15T20:22:29","slug":"rodrigo-el-espanol-mas-caro-del-mundo-desafia-al-madrid","status":"publish","type":"post","link":"http:\/\/elcuartopoder.com.mx\/nw\/entretenimiento\/deportes\/rodrigo-el-espanol-mas-caro-del-mundo-desafia-al-madrid\/","title":{"rendered":"Rodrigo: el espa\u00f1ol m\u00e1s caro del mundo desaf\u00eda al Madrid"},"content":{"rendered":"\n<p>Esta semana ha sido publicada la \u00faltima entrega del estudio de valor de mercado del prestigioso Observatorio Internacional del F\u00fatbol (CIES), con Mbapp\u00e9 en la cima de las cinco grandes ligas. Su tasaci\u00f3n, 259,2 millones de euros, y su atractivo para marcas, clubes y aficionados opac\u00f3 muchos detalles del estudio, entre ellos la constataci\u00f3n del jugador en el que se ha convertido Rodrigo Hern\u00e1ndez.<\/p>\n\n\n\n<p>A punto de cumplir los 24 a\u00f1os, el pr\u00f3ximo 22 de junio, Rodrigo es, de acuerdo con el CIES,\u00a0<strong>el 21\u00ba futbolista m\u00e1s caro de la \u00e9lite europea y el primer espa\u00f1ol.<\/strong>\u00a0La estimaci\u00f3n de su precio es de\u00a0<strong>101,5 millones de euros.<\/strong>\u00a0Ese dato da cuenta de su evoluci\u00f3n, la de un centrocampista con unas caracter\u00edsticas muy concretas que, sin embargo, no le restan versatilidad: ha sabido adaptarse con gran facilidad\u00a0<strong>al estilo de Simeone,<\/strong>\u00a0con el que acab\u00f3 en su primer y \u00fanico curso en el Atl\u00e9tico como el cuarto de la plantilla en minutos,\u00a0<strong>y al de Guardiola, que s\u00f3lo ha puesto m\u00e1s en esta 2019-20 a Sterling.<\/strong><\/p>\n\n\n\n<p><strong>Objetivo: la Champions, contra el Madrid, en agosto<\/strong><\/p>\n\n\n\n<p>Guardiola se ha atrevido puntualmente con \u00e9l incluso de central, su soluci\u00f3n ante tantas lesiones atr\u00e1s. Pero Rodrigo es, en esencia, centrocampista, y en esa demarcaci\u00f3n, volviendo al an\u00e1lisis del CIES, s\u00f3lo le superan De Jong (3\u00ba), Mount (2\u00ba) y Bruno Fernandes (1\u00ba). En otro especializado, Transfermarkt, es el m\u00e1s valioso en su demarcaci\u00f3n, el 2\u00ba de la generaci\u00f3n de 1996, el 2\u00ba de los nacidos en Espa\u00f1a, el 5\u00ba del City, el 14\u00ba de la Premier y el 32\u00ba del mundo.<\/p>\n\n\n\n<p>Con la Premier a la vuelta de la esquina, donde queda poco por hacer por la superioridad del Liverpool,\u00a0<strong>Rodrigo mira a\u00a0la vuelta en Europa ante el Madrid<\/strong>, en agosto. En sus primeros meses en Inglaterra, con cuatro goles y una asistencia, ha levantado dos t\u00edtulos,\u00a0<strong>la Community Shield y la Carabao Cup. Pero ahora hay sed de Champions.<\/strong><\/p>\n\n\n\n<p><strong>Fuente: <\/strong>AS<\/p>\n\n\n\n<p><br><\/p>\n","protected":false},"excerpt":{"rendered":"<p>Esta semana ha sido publicada la \u00faltima entrega del estudio de valor de mercado del prestigioso Observatorio Internacional del F\u00fatbol (CIES), con Mbapp\u00e9 en la cima de las cinco grandes ligas. Su tasaci\u00f3n, 259,2 millones de euros, y su atractivo para marcas, clubes y aficionados opac\u00f3 muchos detalles del estudio, entre ellos la constataci\u00f3n del [&hellip;]<\/p>\n","protected":false},"author":2,"featured_media":80284,"comment_status":"open","ping_status":"open","sticky":false,"template":"","format":"standard","meta":{"footnotes":""},"categories":[7],"tags":[],"class_list":["post-80283","post","type-post","status-publish","format-standard","has-post-thumbnail","hentry","category-deportes"],"_links":{"self":[{"href":"http:\/\/elcuartopoder.com.mx\/nw\/wp-json\/wp\/v2\/posts\/80283","targetHints":{"allow":["GET"]}}],"collection":[{"href":"http:\/\/elcuartopoder.com.mx\/nw\/wp-json\/wp\/v2\/posts"}],"about":[{"href":"http:\/\/elcuartopoder.com.mx\/nw\/wp-json\/wp\/v2\/types\/post"}],"author":[{"embeddable":true,"href":"http:\/\/elcuartopoder.com.mx\/nw\/wp-json\/wp\/v2\/users\/2"}],"replies":[{"embeddable":true,"href":"http:\/\/elcuartopoder.com.mx\/nw\/wp-json\/wp\/v2\/comments?post=80283"}],"version-history":[{"count":1,"href":"http:\/\/elcuartopoder.com.mx\/nw\/wp-json\/wp\/v2\/posts\/80283\/revisions"}],"predecessor-version":[{"id":80285,"href":"http:\/\/elcuartopoder.com.mx\/nw\/wp-json\/wp\/v2\/posts\/80283\/revisions\/80285"}],"wp:featuredmedia":[{"embeddable":true,"href":"http:\/\/elcuartopoder.com.mx\/nw\/wp-json\/wp\/v2\/media\/80284"}],"wp:attachment":[{"href":"http:\/\/elcuartopoder.com.mx\/nw\/wp-json\/wp\/v2\/media?parent=80283"}],"wp:term":[{"taxonomy":"category","embeddable":true,"href":"http:\/\/elcuartopoder.com.mx\/nw\/wp-json\/wp\/v2\/categories?post=80283"},{"taxonomy":"post_tag","embeddable":true,"href":"http:\/\/elcuartopoder.com.mx\/nw\/wp-json\/wp\/v2\/tags?post=80283"}],"curies":[{"name":"wp","href":"https:\/\/api.w.org\/{rel}","templated":true}]}}