{"id":80286,"date":"2020-06-15T15:25:00","date_gmt":"2020-06-15T20:25:00","guid":{"rendered":"http:\/\/elcuartopoder.com.mx\/nw\/?p=80286"},"modified":"2020-06-15T15:25:03","modified_gmt":"2020-06-15T20:25:03","slug":"america-regresara-a-los-entrenamientos-el-15-de-junio","status":"publish","type":"post","link":"http:\/\/elcuartopoder.com.mx\/nw\/entretenimiento\/deportes\/america-regresara-a-los-entrenamientos-el-15-de-junio\/","title":{"rendered":"Am\u00e9rica regresar\u00e1 a los entrenamientos el 15 de junio"},"content":{"rendered":"\n<p>Am\u00e9rica prepara su regreso a las canchas con la mira puesta en el Apertura 2020. El club azulcrema lanz\u00f3 un comunicado en sus redes sociales, donde dio a conocer que el equipo varonil volver\u00e1 a los entrenamientos el pr\u00f3ximo 15 de junio, pero lo har\u00e1 con las medidas de higiene correspondientes e impuestas en el protocolo sanitario de la Liga MX. <\/p>\n\n\n\n<p>Las \u00c1guilas tambi\u00e9n dieron a conocer que solo dar\u00e1n acceso al personal m\u00ednimo necesario para la realizaci\u00f3n de los entrenamientos. El plantel trabajar\u00e1 en grupos de seis, por recomendaci\u00f3n de las autoridades sanitarias. Finalmente, el club afirm\u00f3 que el objetivo es levantar el t\u00edtulo.<\/p>\n\n\n\n<p>Am\u00e9rica se encontraba en la cuarta posici\u00f3n de la tabla general con 17 puntos, justo antes de la cancelaci\u00f3n del Clausura 2020. En su \u00faltimo compromiso, cay\u00f3 ante Cruz Azul en el estadio Azteca.<\/p>\n\n\n\n<p>Sin embargo, no se dieron conocer fechas para el regreso del plantel femenil, as\u00ed como de los jugadores que pertenecen a las fuerzas b\u00e1sicas.<\/p>\n\n\n\n<p><strong>Fuente:&nbsp;<\/strong>AS<\/p>\n","protected":false},"excerpt":{"rendered":"<p>Am\u00e9rica prepara su regreso a las canchas con la mira puesta en el Apertura 2020. El club azulcrema lanz\u00f3 un comunicado en sus redes sociales, donde dio a conocer que el equipo varonil volver\u00e1 a los entrenamientos el pr\u00f3ximo 15 de junio, pero lo har\u00e1 con las medidas de higiene correspondientes e impuestas en el [&hellip;]<\/p>\n","protected":false},"author":2,"featured_media":80287,"comment_status":"open","ping_status":"open","sticky":false,"template":"","format":"standard","meta":{"footnotes":""},"categories":[7],"tags":[],"class_list":["post-80286","post","type-post","status-publish","format-standard","has-post-thumbnail","hentry","category-deportes"],"_links":{"self":[{"href":"http:\/\/elcuartopoder.com.mx\/nw\/wp-json\/wp\/v2\/posts\/80286","targetHints":{"allow":["GET"]}}],"collection":[{"href":"http:\/\/elcuartopoder.com.mx\/nw\/wp-json\/wp\/v2\/posts"}],"about":[{"href":"http:\/\/elcuartopoder.com.mx\/nw\/wp-json\/wp\/v2\/types\/post"}],"author":[{"embeddable":true,"href":"http:\/\/elcuartopoder.com.mx\/nw\/wp-json\/wp\/v2\/users\/2"}],"replies":[{"embeddable":true,"href":"http:\/\/elcuartopoder.com.mx\/nw\/wp-json\/wp\/v2\/comments?post=80286"}],"version-history":[{"count":1,"href":"http:\/\/elcuartopoder.com.mx\/nw\/wp-json\/wp\/v2\/posts\/80286\/revisions"}],"predecessor-version":[{"id":80288,"href":"http:\/\/elcuartopoder.com.mx\/nw\/wp-json\/wp\/v2\/posts\/80286\/revisions\/80288"}],"wp:featuredmedia":[{"embeddable":true,"href":"http:\/\/elcuartopoder.com.mx\/nw\/wp-json\/wp\/v2\/media\/80287"}],"wp:attachment":[{"href":"http:\/\/elcuartopoder.com.mx\/nw\/wp-json\/wp\/v2\/media?parent=80286"}],"wp:term":[{"taxonomy":"category","embeddable":true,"href":"http:\/\/elcuartopoder.com.mx\/nw\/wp-json\/wp\/v2\/categories?post=80286"},{"taxonomy":"post_tag","embeddable":true,"href":"http:\/\/elcuartopoder.com.mx\/nw\/wp-json\/wp\/v2\/tags?post=80286"}],"curies":[{"name":"wp","href":"https:\/\/api.w.org\/{rel}","templated":true}]}}