{"id":80312,"date":"2020-06-16T11:17:51","date_gmt":"2020-06-16T16:17:51","guid":{"rendered":"http:\/\/elcuartopoder.com.mx\/nw\/?p=80312"},"modified":"2020-06-16T11:17:54","modified_gmt":"2020-06-16T16:17:54","slug":"quintana-roo-pierde-la-cuarta-parte-de-su-plantilla-laboral-imss","status":"publish","type":"post","link":"http:\/\/elcuartopoder.com.mx\/nw\/opinion\/quintana-roo-pierde-la-cuarta-parte-de-su-plantilla-laboral-imss\/","title":{"rendered":"Quintana Roo pierde la cuarta parte de su plantilla laboral: IMSS"},"content":{"rendered":"\n<p>Ciudad de M\u00e9xico.- La pandemia por COVID-19 no solo le ha quitado la vida a m\u00e1s de 16 mil personas sino que tambi\u00e9n&nbsp;<strong>ha dejado sin empleo a casi un mill\u00f3n de mexicanos<\/strong>.<\/p>\n\n\n\n<p>Aunque la Ciudad de M\u00e9xico es la entidad que m\u00e1s plazas laborales ha perdido en los tres meses de pandemia, con 185 mil 134 puestos,&nbsp;<strong>Quintana Roo es la entidad m\u00e1s afectada<\/strong>, al ver cancelada casi una cuarta parte de la planta laboral con registro en el IMSS: 110 mil 745 plazas.<\/p>\n\n\n\n<p>Entre marzo, abril y mayo, la contracci\u00f3n de trabajadores inscritos en el Instituto Mexicano del Seguro Social (IMSS) acumul\u00f3 la cifra de 988 mil 135, de acuerdo con cifras desestacionalizadas.<\/p>\n\n\n\n<p>Con esta baja, el padr\u00f3n de trabajadores formales del sector privado regres\u00f3 al nivel que ten\u00eda en el primer mes de 2018, es decir, durante el lapso que lleva la pandemia en el pa\u00eds se perdi\u00f3 el avance registrado en los 26 meses previos a marzo de 2020.<\/p>\n\n\n\n<p>En mayo, la p\u00e9rdida de empleos formales fue inferior la registrada un mes antes, una baja de 283 mil 727 plazas, contra 516 mil 902 en abril.<\/p>\n\n\n\n<p>Del total de plazas recortadas en mayo, 238 mil 758 fueron de empleos permanentes y 44 mil 969 de empleos eventuales.<\/p>\n\n\n\n<p>Medido contra el mismo mes del a\u00f1o previo<strong>, la contracci\u00f3n del registro de trabajadores en el IMSS fue de 800 mil<\/strong>, mientras que la baja acumulada en lo que va del a\u00f1o lleg\u00f3 a 944 mil 298 plazas.<\/p>\n\n\n\n<p>Durante la administraci\u00f3n actual se ha registrado una ca\u00edda de 559 mil 991 empleos formales del sector privado.<\/p>\n\n\n\n<p>En mayo del presente a\u00f1o, las cifras originales del IMSS ubican en 19 millones 583 mil 170 el padr\u00f3n de trabajadores asegurados.<\/p>\n\n\n\n<p><strong>Fuente:<\/strong> SIPSE<\/p>\n","protected":false},"excerpt":{"rendered":"<p>Ciudad de M\u00e9xico.- La pandemia por COVID-19 no solo le ha quitado la vida a m\u00e1s de 16 mil personas sino que tambi\u00e9n&nbsp;ha dejado sin empleo a casi un mill\u00f3n de mexicanos. Aunque la Ciudad de M\u00e9xico es la entidad que m\u00e1s plazas laborales ha perdido en los tres meses de pandemia, con 185 mil [&hellip;]<\/p>\n","protected":false},"author":2,"featured_media":80313,"comment_status":"open","ping_status":"open","sticky":false,"template":"","format":"standard","meta":{"footnotes":""},"categories":[62],"tags":[],"class_list":["post-80312","post","type-post","status-publish","format-standard","has-post-thumbnail","hentry","category-opinion"],"_links":{"self":[{"href":"http:\/\/elcuartopoder.com.mx\/nw\/wp-json\/wp\/v2\/posts\/80312","targetHints":{"allow":["GET"]}}],"collection":[{"href":"http:\/\/elcuartopoder.com.mx\/nw\/wp-json\/wp\/v2\/posts"}],"about":[{"href":"http:\/\/elcuartopoder.com.mx\/nw\/wp-json\/wp\/v2\/types\/post"}],"author":[{"embeddable":true,"href":"http:\/\/elcuartopoder.com.mx\/nw\/wp-json\/wp\/v2\/users\/2"}],"replies":[{"embeddable":true,"href":"http:\/\/elcuartopoder.com.mx\/nw\/wp-json\/wp\/v2\/comments?post=80312"}],"version-history":[{"count":1,"href":"http:\/\/elcuartopoder.com.mx\/nw\/wp-json\/wp\/v2\/posts\/80312\/revisions"}],"predecessor-version":[{"id":80314,"href":"http:\/\/elcuartopoder.com.mx\/nw\/wp-json\/wp\/v2\/posts\/80312\/revisions\/80314"}],"wp:featuredmedia":[{"embeddable":true,"href":"http:\/\/elcuartopoder.com.mx\/nw\/wp-json\/wp\/v2\/media\/80313"}],"wp:attachment":[{"href":"http:\/\/elcuartopoder.com.mx\/nw\/wp-json\/wp\/v2\/media?parent=80312"}],"wp:term":[{"taxonomy":"category","embeddable":true,"href":"http:\/\/elcuartopoder.com.mx\/nw\/wp-json\/wp\/v2\/categories?post=80312"},{"taxonomy":"post_tag","embeddable":true,"href":"http:\/\/elcuartopoder.com.mx\/nw\/wp-json\/wp\/v2\/tags?post=80312"}],"curies":[{"name":"wp","href":"https:\/\/api.w.org\/{rel}","templated":true}]}}