{"id":80318,"date":"2020-06-16T11:25:02","date_gmt":"2020-06-16T16:25:02","guid":{"rendered":"http:\/\/elcuartopoder.com.mx\/nw\/?p=80318"},"modified":"2020-06-16T11:25:05","modified_gmt":"2020-06-16T16:25:05","slug":"si-hay-de-otra-q-roo-no-puede-admitir-la-division-porque-su-fortaleza-es-la-pluralidad-dice-gobernador","status":"publish","type":"post","link":"http:\/\/elcuartopoder.com.mx\/nw\/estatales\/si-hay-de-otra-q-roo-no-puede-admitir-la-division-porque-su-fortaleza-es-la-pluralidad-dice-gobernador\/","title":{"rendered":"S\u00cd HAY DE OTRA: Q. Roo no puede admitir la divisi\u00f3n porque su fortaleza es la pluralidad, dice Gobernador"},"content":{"rendered":"\n<p><strong>DOLORES, MX.-&nbsp;<\/strong>Al remarcar que \u201cS\u00ed hay de otra\u201d el Gobierno de Quintana Roo consider\u00f3 esencial en estos momentos la unidad, el respeto a la pluralidad y las diferencias, la libertad para pensar y expresarse, la certeza patrimonial y laboral, la soberan\u00eda pol\u00edtica y suficiencia econ\u00f3mica, a fin de remontar la crisis generada por la pandemia y proteger a la poblaci\u00f3n y econom\u00eda durante esta temporada de huracanes y recales de sargazo.<\/p>\n\n\n\n<p>\u201cEn la cuna de la Independencia, Dolores Hidalgo, Guanajuato, los gobernadores de GOAN (Asociaci\u00f3n de Gobernadores de Acci\u00f3n Nacional) presentamos el Acuerdo en Defensa de la Libertad, la Democracia y el Federalismo con un posicionamiento de unidad ante la crisis econ\u00f3mica y sanitaria de M\u00e9xico frente al Covid-19\u201d, indic\u00f3 el mandatario de Quintana Roo, Carlos Joaqu\u00edn.<\/p>\n\n\n\n<p>Mediante un comunicado, se precis\u00f3 que para el gobierno estatal \u201ces inadmisible cualquier pretensi\u00f3n de dividir a Quintana Roo en dos visiones: buenos y malos, porque de las diferencias y pluralidad deriva no s\u00f3lo la identidad de las y los quintanarroenses, sino tambi\u00e9n su fortaleza\u201d.<\/p>\n\n\n\n<p>\u201cPor supuesto que s\u00ed hay de otra\u201d, indic\u00f3 Carlos Joaqu\u00edn al subrayar que la expresi\u00f3n de ideas y opiniones diferentes \u201cno debe ser motivo de descalificaci\u00f3n o conflicto. Para nosotros\u201d, agreg\u00f3, \u201clas diferencias siempre han sido motivo de crecimiento; somos el estado m\u00e1s plural de este pa\u00eds y sabemos que sin respeto es imposible que haya acuerdos.<\/p>\n\n\n\n<p>\u201cNo es asunto de politiquer\u00eda sino la b\u00fasqueda de acuerdos en el respeto a las diferencias\u201d, remarc\u00f3.<\/p>\n\n\n\n<p>En su posicionamiento respecto a la crisis sanitaria y econ\u00f3mica, GOAN manifest\u00f3 que el pa\u00eds enfrenta una doble emergencia: en primer lugar, la sanitaria con 142 mil personas contagiadas y 17 mil muertos por Covid-19. En segundo lugar, la econ\u00f3mica, al dejar sin ingresos a m\u00e1s de 12 millones de mexicanos y enviar a la pobreza a m\u00e1s de 10 millones.<\/p>\n\n\n\n<p>Los gobernadores reunidos en Guanajuato indicaron que \u201cdebemos evitar que este escenario se convierta en las pr\u00f3ximas semanas en una emergencia humanitaria donde emerja la violencia y la ingobernabilidad. La Rep\u00fablica padece una asechanza a sus instituciones y a su democracia que no debe ser minimizada ni, menos a\u00fan, ignorada. M\u00e9xico no puede desandar el camino del federalismo, de los contrapesos ni de la libertad. No hay lugar para el regreso a una suerte de rep\u00fablica mon\u00e1rquica.<\/p>\n\n\n\n<p>\u201cLas familias mexicanas viven con preocupaci\u00f3n, angustia, decepci\u00f3n y enojo. A todas ellas queremos decirles: \u00a1No est\u00e1n solos! \u00a1S\u00ed hay de otra! S\u00ed es posible evitar la ruina. Sabemos lo que hay qu\u00e9 hacer para que su hogar sea pr\u00f3spero y su familia viva sana y sin miedo. Los Gobernadores de Acci\u00f3n Nacional lo probamos d\u00eda tras d\u00eda en nuestros estados y hoy, ofrecemos una ruta de cambio para mejorar y dar paso a un pa\u00eds unido, pr\u00f3spero y triunfador\u201d.<\/p>\n\n\n\n<p>El Acuerdo en Defensa de la Libertad, la Democracia y el Federalismo contempla estos 26 puntos:<\/p>\n\n\n\n<p>\u2013 Libertad para gobernar desde lo local, con soberan\u00eda pol\u00edtica y suficiencia econ\u00f3mica; mediante un nuevo pacto fiscal en el que los estados cuenten con los recursos que en justicia nos corresponden, y no s\u00f3lo mediante la actual f\u00f3rmula de la ley de coordinaci\u00f3n fiscal, a todas luces vetusta, inequitativa e injusta.<\/p>\n\n\n\n<p>\u2013 Libertad para vivir en un pa\u00eds democr\u00e1tico, en el que se respete la pluralidad de las opiniones discrepantes, y no se satanice o descalifique las tareas propias de la oposici\u00f3n, y el ejercicio de contrapesos y equilibrios propios a una democracia. Libertad para que M\u00e9xico se mantenga como un Pa\u00eds de leyes, y no vuelva a ser propiedad de la voluntad caprichosa de un solo hombre.<\/p>\n\n\n\n<p>\u2013 Libertad para pensar y expresarse, disentir y criticar, sin ser se\u00f1alados como enemigos.<\/p>\n\n\n\n<p>\u2013 Libertad para elegir y votar sin temor, mediante instituciones electorales libres, confiables y respetadas, no amedrentadas.<\/p>\n\n\n\n<p>\u2013 Libertad patrimonial, sin confiscaciones o expropiaciones que brinden a las y los mexicanos garant\u00eda sobre su patrimonio.<\/p>\n\n\n\n<p>\u2013 Libertad de vivir sin miedo, en donde el Estado sea garante de la seguridad de las familias y de la gente honesta, no al rev\u00e9s.<\/p>\n\n\n\n<p>\u2013 La libertad de un pa\u00eds en donde ser mujer deje de constituir un peligro y una desventaja.<\/p>\n\n\n\n<p>\u2013 La libertad de volver a confiar en autoridades honestas, con cero corrupci\u00f3n.<\/p>\n\n\n\n<p>\u2013 La libertad de un pa\u00eds donde el gobierno hable con sinceridad, con la verdad: en donde informe y no solo divulgue su ideolog\u00eda.<\/p>\n\n\n\n<p>\u2013 Libertad para construir una econom\u00eda que sea no s\u00f3lo estable, sino tambi\u00e9n potente, donde cada hogar sienta sus beneficios y cada mexicano vea reflejado en sus bolsillos el producto de su esfuerzo y su trabajo.<\/p>\n\n\n\n<p>\u2013 Libertad para que el estado defienda la creaci\u00f3n de empleo desde la sociedad y no la combata.<\/p>\n\n\n\n<p>\u2013 Libertad para que el sector privado trabaje, invierta y produzca, apoyado por el gobierno y no perseguido por \u00e9l.<\/p>\n\n\n\n<p>\u2013 Libertad para invertir en un pa\u00eds que brinde certeza, pues respeta el Estado de Derecho y no cambia las reglas a mitad del juego.<\/p>\n\n\n\n<p>\u2013 Libertad para que cada persona trabaje en la formalidad, con la garant\u00eda de acceso a la salud, a una pensi\u00f3n, al cr\u00e9dito y pueda tambi\u00e9n desarrollar as\u00ed todo su potencial.<\/p>\n\n\n\n<p>\u2013 Libertad para iniciar un negocio contando con el apoyo del gobierno y no a pesar de su gobierno.<\/p>\n\n\n\n<p>\u2013 Libertad para exportar, para salir al mundo, para competir y ganar. No para quedarnos encerrados.<\/p>\n\n\n\n<p>\u2013 Libertad para invertir en infraestructura econ\u00f3mica y social, con fondos estatales y regionales, p\u00fablicos y privados, que cierren la distancia entre el norte y el sur.<\/p>\n\n\n\n<p>\u2013 Libertad para apostar por energ\u00edas limpias y de bajo costo que protejan tu econom\u00eda y tambi\u00e9n el medio ambiente, no para destruirlos.<\/p>\n\n\n\n<p>\u2013 Libertad para que los j\u00f3venes aprendan y emprendan; para que quien lo desee, pueda abrir su propia empresa con apoyo p\u00fablico.<\/p>\n\n\n\n<p>\u2013 Libertad para que las micro, peque\u00f1as y medianas empresas puedan crecer, desarrollarse y generar m\u00e1s y mejor empleo.<\/p>\n\n\n\n<p>\u2013 La libertad para que cada mexicana y mexicano crezca sano, con servicios de salud de calidad, con m\u00e9dicos, medicinas y estudios todo el tiempo.<\/p>\n\n\n\n<p>\u2013 La libertad y el apoyo para que las universidades y los centros de investigaci\u00f3n puedan contribuir al desarrollo econ\u00f3mico y social.<\/p>\n\n\n\n<p>\u2013 Libertad para ense\u00f1ar y aprender en un sistema educativo de excelencia que haga de nuestros j\u00f3venes y de M\u00e9xico, una sociedad del conocimiento.<\/p>\n\n\n\n<p>\u2013 Libertad que forme una Educaci\u00f3n que vea hacia el futuro y no hacia el pasado.<\/p>\n\n\n\n<p>\u2013 Libertad que permita a los m\u00e1s necesitados alejarse de la pobreza y subir al elevador de la prosperidad.<\/p>\n\n\n\n<p>\u2013 Libertad que permita a cada familia hacer realidad sus sue\u00f1os con estudio, con empe\u00f1o y con esfuerzo.<\/p>\n\n\n\n<p>\u2013 Libertad que una para afrontar los retos y superar nuestras necesidades.<\/p>\n\n\n\n<p>La Asamblea de Gobernadores de Acci\u00f3n Nacional est\u00e1 integrada por los estados de Aguascalientes, Baja California Sur, Chihuahua, Durango, Guanajuato, Quer\u00e9taro, Quintana Roo, Tamaulipas y Yucat\u00e1n.<\/p>\n\n\n\n<p><strong>Fuente: <\/strong>Noticaribe<\/p>\n","protected":false},"excerpt":{"rendered":"<p>DOLORES, MX.-&nbsp;Al remarcar que \u201cS\u00ed hay de otra\u201d el Gobierno de Quintana Roo consider\u00f3 esencial en estos momentos la unidad, el respeto a la pluralidad y las diferencias, la libertad para pensar y expresarse, la certeza patrimonial y laboral, la soberan\u00eda pol\u00edtica y suficiencia econ\u00f3mica, a fin de remontar la crisis generada por la pandemia [&hellip;]<\/p>\n","protected":false},"author":2,"featured_media":80319,"comment_status":"open","ping_status":"open","sticky":false,"template":"","format":"standard","meta":{"footnotes":""},"categories":[60],"tags":[],"class_list":["post-80318","post","type-post","status-publish","format-standard","has-post-thumbnail","hentry","category-estatales"],"_links":{"self":[{"href":"http:\/\/elcuartopoder.com.mx\/nw\/wp-json\/wp\/v2\/posts\/80318","targetHints":{"allow":["GET"]}}],"collection":[{"href":"http:\/\/elcuartopoder.com.mx\/nw\/wp-json\/wp\/v2\/posts"}],"about":[{"href":"http:\/\/elcuartopoder.com.mx\/nw\/wp-json\/wp\/v2\/types\/post"}],"author":[{"embeddable":true,"href":"http:\/\/elcuartopoder.com.mx\/nw\/wp-json\/wp\/v2\/users\/2"}],"replies":[{"embeddable":true,"href":"http:\/\/elcuartopoder.com.mx\/nw\/wp-json\/wp\/v2\/comments?post=80318"}],"version-history":[{"count":1,"href":"http:\/\/elcuartopoder.com.mx\/nw\/wp-json\/wp\/v2\/posts\/80318\/revisions"}],"predecessor-version":[{"id":80320,"href":"http:\/\/elcuartopoder.com.mx\/nw\/wp-json\/wp\/v2\/posts\/80318\/revisions\/80320"}],"wp:featuredmedia":[{"embeddable":true,"href":"http:\/\/elcuartopoder.com.mx\/nw\/wp-json\/wp\/v2\/media\/80319"}],"wp:attachment":[{"href":"http:\/\/elcuartopoder.com.mx\/nw\/wp-json\/wp\/v2\/media?parent=80318"}],"wp:term":[{"taxonomy":"category","embeddable":true,"href":"http:\/\/elcuartopoder.com.mx\/nw\/wp-json\/wp\/v2\/categories?post=80318"},{"taxonomy":"post_tag","embeddable":true,"href":"http:\/\/elcuartopoder.com.mx\/nw\/wp-json\/wp\/v2\/tags?post=80318"}],"curies":[{"name":"wp","href":"https:\/\/api.w.org\/{rel}","templated":true}]}}