{"id":80338,"date":"2020-06-17T11:49:37","date_gmt":"2020-06-17T16:49:37","guid":{"rendered":"http:\/\/elcuartopoder.com.mx\/nw\/?p=80338"},"modified":"2020-06-17T11:49:39","modified_gmt":"2020-06-17T16:49:39","slug":"la-pandemia-amenaza-con-dejar-a-otros-16-millones-de-latinoamericanos-en-la-pobreza-extrema","status":"publish","type":"post","link":"http:\/\/elcuartopoder.com.mx\/nw\/editorial\/la-pandemia-amenaza-con-dejar-a-otros-16-millones-de-latinoamericanos-en-la-pobreza-extrema\/","title":{"rendered":"La pandemia amenaza con dejar a otros 16 millones de latinoamericanos en la pobreza extrema"},"content":{"rendered":"\n<p>La totalidad de la cat\u00e1strofe econ\u00f3mica que la covid-19 dejar\u00e1 en Latinoam\u00e9rica y el Caribe todav\u00eda est\u00e1 por verse, pero sus efectos en el bienestar social auguran un futuro desesperanzador. Tras siete a\u00f1os de lento crecimiento, el PIB de la regi\u00f3n enfrenta un desplome del 5,3%, su mayor ca\u00edda en un siglo. El impacto de la pandemia podr\u00eda sumir a otras 16 millones de personas en la pobreza extrema en 2020, haciendo un total de 83,4 millones de latinoamericanos viviendo en total carest\u00eda, seg\u00fan un informe conjunto presentado este martes por la Comisi\u00f3n Econ\u00f3mica para Am\u00e9rica Latina y el Caribe (Cepal) y la Organizaci\u00f3n de las Naciones Unidas para la Alimentaci\u00f3n y la Agricultura (FAO). El hambre, advierten estos organismos, ser\u00e1 el mayor desaf\u00edo que enfrentar\u00e1 una regi\u00f3n donde 53,7 millones de personas ya sobreviven en una grave inseguridad alimentaria.<\/p>\n\n\n\n<p>El informe titulado C\u00f3mo evitar que la crisis del COVID-19 se transforme en una crisis alimentaria advierte de que los efectos de la crisis sanitaria han limitado el acceso a alimentos frescos y disparado los precios de los mercados internos mientras el desempleo y la ca\u00edda en los ingresos han llevado a millones de personas a optar por alimentos m\u00e1s baratos y de menor calidad nutricional. Entre los 83,4 millones de pobres que quedar\u00e1n en la regi\u00f3n tras la pandemia, m\u00e1s de 34 millones son menores de 15 a\u00f1os y 30 millones viven en \u00e1reas rurales.<\/p>\n\n\n\n<p>Para contrarrestar esta situaci\u00f3n, la Cepal y la FAO proponen un refuerzo de los ingresos b\u00e1sicos con un bono contra el hambre. \u201cLa pandemia ha puesto de manifiesto que solo el Estado tiene la capacidad para facilitar, coordinar e intervenir para asegurar la disponibilidad de alimentos\u201d, dice uno de los puntos del informe. Seg\u00fan datos del informe, pr\u00e1cticamente todos los pa\u00edses de la regi\u00f3n, salvo Panam\u00e1, han aplicado medidas como transferencias monetarias, mientras pa\u00edses como Chile, Honduras o Ecuador han repartido canastas de alimentos.<\/p>\n\n\n\n<p>El bono contra el hambre propuesto por estos organismos \u201cpodr\u00eda materializarse en la forma de transferencias monetarias, canastas o cupones de alimentos\u201d por un per\u00edodo de hasta seis meses. La Cepal y la FAO calculan que esta ayuda \u2013unos 47 d\u00f3lares por persona equivalentes al 70% de la canasta b\u00e1sica con c\u00e1lculos de 2010\u2013 equivaldr\u00eda al 0,45% del PIB de la regi\u00f3n si se entrega a toda la poblaci\u00f3n en carest\u00eda. En total, el costo estimado por ambas organizaciones es de 23.500 millones de d\u00f3lares. \u201cEn Am\u00e9rica Latina podemos tener un retroceso hist\u00f3rico en la lucha contra el hambre y perder lo que hemos logrado en quince a\u00f1os en tan solo un par de meses\u00bb, se\u00f1al\u00f3 el representante regional de la FAO, Julio Berdegu\u00e9, seg\u00fan recoge el comunicado.<\/p>\n\n\n\n<p>Las agencias proponen el bono como parte de un dec\u00e1logo de medidas para que todos los hogares tengan asegurada una alimentaci\u00f3n suficiente. El establecimiento de canales de comunicaci\u00f3n entre los actores p\u00fablicos y privados del sector, el financiamiento a los agricultores minoristas y el apoyo financiero para las empresas agropecuarias son otras de las medidas propuestas.<\/p>\n\n\n\n<p>Para los productores empresariales, se plantea un incremento de al menos un 20% del promedio de los cr\u00e9ditos expedidos en los \u00faltimos tres a\u00f1os. Estos sumar\u00edan un total de 5.500 millones de d\u00f3lares que podr\u00edan ser financiados por \u201cuna l\u00ednea especial de la banca multilateral y de las bancas de desarrollo\u201d. Para los peque\u00f1os productores, las organizaciones proponen un \u201ckit b\u00e1sico de inversi\u00f3n\u201d de 250 d\u00f3lares que tendr\u00eda un costo total de 1.700 millones de d\u00f3lares en toda la regi\u00f3n. La Cepal y la FAO piden la cooperaci\u00f3n internacional para apoyar a los pa\u00edses en mayor situaci\u00f3n de vulnerabilidad.<\/p>\n\n\n\n<p>\u201cLa gran tarea que tenemos por delante es impedir que la crisis sanitaria se transforme en una crisis alimentaria\u201d, indic\u00f3 Alicia B\u00e1rcena, secretaria ejecutiva de la Cepal. Hace unos meses, antes del inicio de la pandemia en la regi\u00f3n, B\u00e1rcena hab\u00eda advertido en entrevista con este peri\u00f3dico que \u201cla cultura del privilegio ha naturalizado la desigualdad\u201d en la regi\u00f3n y que el modelo de desarrollo en el subcontinente estaba agotado.<\/p>\n\n\n\n<p><strong>Fuente:<\/strong> elpa\u00eds<\/p>\n","protected":false},"excerpt":{"rendered":"<p>La totalidad de la cat\u00e1strofe econ\u00f3mica que la covid-19 dejar\u00e1 en Latinoam\u00e9rica y el Caribe todav\u00eda est\u00e1 por verse, pero sus efectos en el bienestar social auguran un futuro desesperanzador. Tras siete a\u00f1os de lento crecimiento, el PIB de la regi\u00f3n enfrenta un desplome del 5,3%, su mayor ca\u00edda en un siglo. El impacto de [&hellip;]<\/p>\n","protected":false},"author":2,"featured_media":80340,"comment_status":"open","ping_status":"open","sticky":false,"template":"","format":"standard","meta":{"footnotes":""},"categories":[63],"tags":[],"class_list":["post-80338","post","type-post","status-publish","format-standard","has-post-thumbnail","hentry","category-editorial"],"_links":{"self":[{"href":"http:\/\/elcuartopoder.com.mx\/nw\/wp-json\/wp\/v2\/posts\/80338","targetHints":{"allow":["GET"]}}],"collection":[{"href":"http:\/\/elcuartopoder.com.mx\/nw\/wp-json\/wp\/v2\/posts"}],"about":[{"href":"http:\/\/elcuartopoder.com.mx\/nw\/wp-json\/wp\/v2\/types\/post"}],"author":[{"embeddable":true,"href":"http:\/\/elcuartopoder.com.mx\/nw\/wp-json\/wp\/v2\/users\/2"}],"replies":[{"embeddable":true,"href":"http:\/\/elcuartopoder.com.mx\/nw\/wp-json\/wp\/v2\/comments?post=80338"}],"version-history":[{"count":1,"href":"http:\/\/elcuartopoder.com.mx\/nw\/wp-json\/wp\/v2\/posts\/80338\/revisions"}],"predecessor-version":[{"id":80341,"href":"http:\/\/elcuartopoder.com.mx\/nw\/wp-json\/wp\/v2\/posts\/80338\/revisions\/80341"}],"wp:featuredmedia":[{"embeddable":true,"href":"http:\/\/elcuartopoder.com.mx\/nw\/wp-json\/wp\/v2\/media\/80340"}],"wp:attachment":[{"href":"http:\/\/elcuartopoder.com.mx\/nw\/wp-json\/wp\/v2\/media?parent=80338"}],"wp:term":[{"taxonomy":"category","embeddable":true,"href":"http:\/\/elcuartopoder.com.mx\/nw\/wp-json\/wp\/v2\/categories?post=80338"},{"taxonomy":"post_tag","embeddable":true,"href":"http:\/\/elcuartopoder.com.mx\/nw\/wp-json\/wp\/v2\/tags?post=80338"}],"curies":[{"name":"wp","href":"https:\/\/api.w.org\/{rel}","templated":true}]}}