{"id":80355,"date":"2020-06-17T14:02:29","date_gmt":"2020-06-17T19:02:29","guid":{"rendered":"http:\/\/elcuartopoder.com.mx\/nw\/?p=80355"},"modified":"2020-06-17T14:02:31","modified_gmt":"2020-06-17T19:02:31","slug":"carlos-sainz-broche-para-una-leyenda","status":"publish","type":"post","link":"http:\/\/elcuartopoder.com.mx\/nw\/entretenimiento\/deportes\/carlos-sainz-broche-para-una-leyenda\/","title":{"rendered":"Carlos Sainz, broche para una leyenda"},"content":{"rendered":"\n<p class=\"wp-block-paragraph\">El tres veces campe\u00f3n del \u2018rally\u2019 Dakar Carlos Sainz fue galardonado este martes con el Premio Princesa de Asturias de los Deportes 2020 \u201cpor su excepcional trayectoria como piloto\u201d. El jurado valor\u00f3 su carrera \u201cespl\u00e9ndida, diversa e innovadora de m\u00e1s de tres d\u00e9cadas en la \u00e9lite\u201d. Sainz, nacido en Madrid, los 58 a\u00f1os cumplidos en pleno confinamiento, fue dos veces campe\u00f3n del mundo de rallies (en 1990 y 1992) y cambi\u00f3 as\u00ed para siempre la historia del automovilismo espa\u00f1ol. Adem\u00e1s, fue elegido recientemente el mejor piloto de rallies de todos los tiempos en una votaci\u00f3n de expertos organizada por la FIA.<\/p>\n\n\n\n<p class=\"wp-block-paragraph\">A pesar de que a menudo se recuerda con sorna su mala fortuna en algunas carreras, \u00e9l siempre se ha considerado un hombre con suerte. Bendecido por una vida plena, con \u00e9xitos y felicidad. Cuando dej\u00f3 los rallies, se propuso un reto de igual o mayor calado. Se enrol\u00f3 en el Dakar cuando la meta todav\u00eda era el Lago Rosa, en Senegal, y los pilotos se recorr\u00edan el continente africano.<\/p>\n\n\n\n<p class=\"wp-block-paragraph\">Sainz \u2014se confes\u00f3 orgulloso, satisfecho e ilusionado por la concesi\u00f3n del Premio\u2014 ha seguido compitiendo hasta hoy y ha logrado levantar hasta en tres ocasiones el Touareg con el que se premia al ganador del rally raid m\u00e1s duro del mundo. La primera vez lo hizo con Volkswagen (2010), la segunda, con Peugeot (2018), ya en Sudam\u00e9rica, y la \u00faltima, hace escasos meses, con un Mini en Arabia Saud\u00ed. Tres escenarios distintos, tres veh\u00edculos diferentes y el mismo Sainz: velocidad, especialmente en la edici\u00f3n m\u00e1s reciente, magn\u00edfica navegaci\u00f3n \u2014gracias a su inseparable copiloto Lucas Cruz\u2014, y pocos errores; adem\u00e1s de algunas dosis de buena suerte, que nunca viene mal. Siempre con el mismo se\u00f1or\u00edo y un gran respeto por sus rivales. Dif\u00edcilmente, si no, le hubieran alzado a hombros aquellos contra los que compiti\u00f3 durante dos dur\u00edsimas semanas, como ocurri\u00f3 con Peterhansel y Al-Attiyah a la llegada del madrile\u00f1o a Qiddiya el pasado mes de enero, cuando se convirti\u00f3 en el piloto m\u00e1s veterano en ganar el Dakar.<\/p>\n\n\n\n<p class=\"wp-block-paragraph\">\u201cHe subido un poco m\u00e1s el list\u00f3n, para que cueste m\u00e1s ganarlo\u201d, dijo entonces. \u201cCuando todo el mundo piensa que Carlos ya est\u00e1 mayor, da un golpe sobre la mesa y gana el Dakar\u201d, le alab\u00f3 Cruz. La dimensi\u00f3n de lo que significa Carlos Sainz no se circunscribe solo a los rallies. El madrile\u00f1o cre\u00f3 el Carlos Sainz Junior Team a finales de los 90, a trav\u00e9s del cual ayud\u00f3 a j\u00f3venes promesas del motor, que pudieron competir sin gastos y formarse a su vera durante dos temporadas.<\/p>\n\n\n\n<p class=\"wp-block-paragraph\">\u201cEl carism\u00e1tico piloto ha dejado constancia siempre de un gran esp\u00edritu de superaci\u00f3n y competitivo combinado con el esfuerzo, la disciplina y la solidaridad, que se ha reflejado tambi\u00e9n en su constante apoyo a j\u00f3venes pilotos a lo largo de su dilatada y exitosa vida deportiva\u201d, se\u00f1ala el jurado, que ayer emiti\u00f3 el fallo en una reuni\u00f3n excepcional celebrada por videoconferencia con motivo de la emergencia sanitaria provocada por la pandemia de la covid-19.<\/p>\n\n\n\n<p class=\"wp-block-paragraph\">A menudo, el veterano deportista cuenta divertido que hace unos a\u00f1os que dej\u00f3 de ser Sainz para pasar a ser el padre de Carlos Sainz, piloto de la f\u00f3rmula 1. Carlos, que un d\u00eda fue Carlitos y m\u00e1s tarde Carlos Sainz Jr, es hoy solamente Carlos Sainz (s\u00ed, el hijo). No en vano ya tiene 26 a\u00f1os y, adem\u00e1s, hace pocas semanas que firm\u00f3 un contrato con Ferrari: ser\u00e1 piloto oficial de la Scuderia a partir del pr\u00f3ximo curso.<\/p>\n\n\n\n<p class=\"wp-block-paragraph\">Aunque los compromisos de padre e hijo impiden que se vean tan a menudo como hace unos a\u00f1os, est\u00e1n muy unidos. Y no han dejado de picarse cuando se montan en unos karts, cogen los palos o se encierran en una pista raqueta en mano. \u201cCuando hacemos carreras, nos divertimos. Al golf estamos muy a la par, pero al squash a\u00fan le cuesta\u201d, se\u00f1alaba Sainz, el padre, en una entrevista reciente con EL PA\u00cdS, pues tambi\u00e9n fue campe\u00f3n de Espa\u00f1a de esta especialidad, en 1979, antes de centrar todos sus esfuerzos en los coches.<\/p>\n\n\n\n<p class=\"wp-block-paragraph\">El nuevo Princesa de Asturias de los Deportes es, adem\u00e1s, propietario de dos pistas de karting, ambas en Madrid, y de dos exclusivos clubes deportivos en el barrio de Salamanca y en Pozuelo de Alarc\u00f3n. Si bien, no se resiste a ser solo empresario. Y ya est\u00e1 prepar\u00e1ndose para competir en el Dakar de 2021, que volver\u00e1 a celebrarse en Arabia Saud\u00ed. \u201cYo, por si acaso, sigo entrenando. Adem\u00e1s, tengo que seguir al joven un poco, que no se crea que solo entrena \u00e9l\u201d, dijo en referencia a su hijo hace pocos d\u00edas, invitados como fueron ambos a un popular programa de televisi\u00f3n. \u201cEl Mundial de Rallies lo dej\u00e9 de un d\u00eda para otro. Ese d\u00eda le va a llegar tambi\u00e9n al Dakar. No s\u00e9 cu\u00e1ndo. Creo que me he ganado el derecho de poder decidir cu\u00e1ndo parar. Y de divertirme\u201d, declar\u00f3 en una entrevista a EL PA\u00cdS este mes de enero en tierras \u00e1rabes.<\/p>\n\n\n\n<p class=\"wp-block-paragraph\">Los Premios est\u00e1n destinados, seg\u00fan se\u00f1ala su Reglamento, a galardonar \u201cla labor cient\u00edfica, t\u00e9cnica, cultural, social y humanitaria realizada por personas, instituciones, grupos de personas o de instituciones en el \u00e1mbito internacional\u201d. El que se ha concedido a Sainz es el quinto de los ocho galardones internacionales que convoca este a\u00f1o la Fundaci\u00f3n Princesa de Asturias, que celebra con esta su XL edici\u00f3n. A este premio optaban un total de 17 candidaturas procedentes de 10 pa\u00edses.<\/p>\n\n\n\n<p class=\"wp-block-paragraph\"><strong>Fuente:<\/strong> elpa\u00eds<\/p>\n","protected":false},"excerpt":{"rendered":"<p>El tres veces campe\u00f3n del \u2018rally\u2019 Dakar Carlos Sainz fue galardonado este martes con el Premio Princesa de Asturias de los Deportes 2020 \u201cpor su excepcional trayectoria como piloto\u201d. El jurado valor\u00f3 su carrera \u201cespl\u00e9ndida, diversa e innovadora de m\u00e1s de tres d\u00e9cadas en la \u00e9lite\u201d. Sainz, nacido en Madrid, los 58 a\u00f1os cumplidos en [&hellip;]<\/p>\n","protected":false},"author":2,"featured_media":80356,"comment_status":"open","ping_status":"open","sticky":false,"template":"","format":"standard","meta":{"footnotes":""},"categories":[7],"tags":[],"class_list":["post-80355","post","type-post","status-publish","format-standard","has-post-thumbnail","hentry","category-deportes"],"_links":{"self":[{"href":"http:\/\/elcuartopoder.com.mx\/nw\/wp-json\/wp\/v2\/posts\/80355","targetHints":{"allow":["GET"]}}],"collection":[{"href":"http:\/\/elcuartopoder.com.mx\/nw\/wp-json\/wp\/v2\/posts"}],"about":[{"href":"http:\/\/elcuartopoder.com.mx\/nw\/wp-json\/wp\/v2\/types\/post"}],"author":[{"embeddable":true,"href":"http:\/\/elcuartopoder.com.mx\/nw\/wp-json\/wp\/v2\/users\/2"}],"replies":[{"embeddable":true,"href":"http:\/\/elcuartopoder.com.mx\/nw\/wp-json\/wp\/v2\/comments?post=80355"}],"version-history":[{"count":1,"href":"http:\/\/elcuartopoder.com.mx\/nw\/wp-json\/wp\/v2\/posts\/80355\/revisions"}],"predecessor-version":[{"id":80357,"href":"http:\/\/elcuartopoder.com.mx\/nw\/wp-json\/wp\/v2\/posts\/80355\/revisions\/80357"}],"wp:featuredmedia":[{"embeddable":true,"href":"http:\/\/elcuartopoder.com.mx\/nw\/wp-json\/wp\/v2\/media\/80356"}],"wp:attachment":[{"href":"http:\/\/elcuartopoder.com.mx\/nw\/wp-json\/wp\/v2\/media?parent=80355"}],"wp:term":[{"taxonomy":"category","embeddable":true,"href":"http:\/\/elcuartopoder.com.mx\/nw\/wp-json\/wp\/v2\/categories?post=80355"},{"taxonomy":"post_tag","embeddable":true,"href":"http:\/\/elcuartopoder.com.mx\/nw\/wp-json\/wp\/v2\/tags?post=80355"}],"curies":[{"name":"wp","href":"https:\/\/api.w.org\/{rel}","templated":true}]}}