{"id":80678,"date":"2020-06-28T10:21:16","date_gmt":"2020-06-28T15:21:16","guid":{"rendered":"http:\/\/elcuartopoder.com.mx\/nw\/?p=80678"},"modified":"2020-06-28T10:21:19","modified_gmt":"2020-06-28T15:21:19","slug":"que-significa-el-color-naranja-en-el-semaforo-de-covid-19-y-que-actividades-pueden-realizarse","status":"publish","type":"post","link":"http:\/\/elcuartopoder.com.mx\/nw\/nacionales\/que-significa-el-color-naranja-en-el-semaforo-de-covid-19-y-que-actividades-pueden-realizarse\/","title":{"rendered":"\u00bfQu\u00e9 significa el color naranja en el Sem\u00e1foro de COVID-19 y qu\u00e9 actividades pueden realizarse?"},"content":{"rendered":"\n<p>Desde el pasado 1 de junio, la Secretar\u00eda de Salud implement\u00f3 un sem\u00e1foro epidemiol\u00f3gico con el que se establece el nivel de riesgo por contagio por&nbsp;coronavirus&nbsp;en&nbsp;M\u00e9xico, el cual indica las actividades que pueden realizar.<\/p>\n\n\n\n<p>Este viernes, la Secretar\u00eda de Salud federal dio a conocer el Sem\u00e1foro de Riesgo que ser\u00e1 v\u00e1lido a partir de este lunes 29 de junio y hasta el domingo 5 de julio, en \u00e9l 18 estados ya se encuentran en naranja, mientras que 14 contin\u00faan en rojo.&nbsp;<\/p>\n\n\n\n<p>Pero&#8230; \u00bfQu\u00e9 significa el color naranja en el Sem\u00e1foro de COVID-19 y qu\u00e9 actividades pueden realizarse?<\/p>\n\n\n\n<ul class=\"wp-block-list\"><li><strong>El color rojo representa riesgo m\u00e1ximo de contagio por COVID-19, mientras que el naranja pasa a ser alto y permite realizar m\u00e1s actividades.<\/strong><\/li><li><strong>Las actividades que contempla el color naranja&nbsp;son:<\/strong><\/li><li><strong>Los hoteles podr\u00e1n hospedar hasta el 50 por ciento&nbsp;de la capacidad total.<\/strong><\/li><li><strong>Los gimnasios podr\u00e1n abrir con el 50 por ciento de capacidad.<\/strong><\/li><li><strong>Restaurantes podr\u00e1n dar servicio hasta el 50 por ciento de la capacidad total.<\/strong><\/li><li><strong>Los centros comerciales,&nbsp;cines e iglesias podr\u00e1n abrir pero al&nbsp;25 por ciento&nbsp;de su capacidad.<\/strong><\/li><li><strong>Las peluquer\u00edas podr\u00e1n dar servicio pero s\u00f3lo bajo citas y el 50 por ciento de la capacidad.<\/strong><\/li><li><strong>Los supermercados podr\u00e1n albergar al 75% de clientes pero con una&nbsp;sola persona por familia.<\/strong><\/li><li><strong>Cabe mencionar que los centros masivos,&nbsp;antros y bares permanecer\u00e1n cerrados.<\/strong><\/li><\/ul>\n\n\n\n<p><strong>Fuente:&nbsp;<\/strong>Noticaribe<br><\/p>\n","protected":false},"excerpt":{"rendered":"<p>Desde el pasado 1 de junio, la Secretar\u00eda de Salud implement\u00f3 un sem\u00e1foro epidemiol\u00f3gico con el que se establece el nivel de riesgo por contagio por&nbsp;coronavirus&nbsp;en&nbsp;M\u00e9xico, el cual indica las actividades que pueden realizar. Este viernes, la Secretar\u00eda de Salud federal dio a conocer el Sem\u00e1foro de Riesgo que ser\u00e1 v\u00e1lido a partir de este [&hellip;]<\/p>\n","protected":false},"author":2,"featured_media":80679,"comment_status":"open","ping_status":"open","sticky":false,"template":"","format":"standard","meta":{"footnotes":""},"categories":[55],"tags":[],"class_list":["post-80678","post","type-post","status-publish","format-standard","has-post-thumbnail","hentry","category-nacionales"],"_links":{"self":[{"href":"http:\/\/elcuartopoder.com.mx\/nw\/wp-json\/wp\/v2\/posts\/80678","targetHints":{"allow":["GET"]}}],"collection":[{"href":"http:\/\/elcuartopoder.com.mx\/nw\/wp-json\/wp\/v2\/posts"}],"about":[{"href":"http:\/\/elcuartopoder.com.mx\/nw\/wp-json\/wp\/v2\/types\/post"}],"author":[{"embeddable":true,"href":"http:\/\/elcuartopoder.com.mx\/nw\/wp-json\/wp\/v2\/users\/2"}],"replies":[{"embeddable":true,"href":"http:\/\/elcuartopoder.com.mx\/nw\/wp-json\/wp\/v2\/comments?post=80678"}],"version-history":[{"count":1,"href":"http:\/\/elcuartopoder.com.mx\/nw\/wp-json\/wp\/v2\/posts\/80678\/revisions"}],"predecessor-version":[{"id":80680,"href":"http:\/\/elcuartopoder.com.mx\/nw\/wp-json\/wp\/v2\/posts\/80678\/revisions\/80680"}],"wp:featuredmedia":[{"embeddable":true,"href":"http:\/\/elcuartopoder.com.mx\/nw\/wp-json\/wp\/v2\/media\/80679"}],"wp:attachment":[{"href":"http:\/\/elcuartopoder.com.mx\/nw\/wp-json\/wp\/v2\/media?parent=80678"}],"wp:term":[{"taxonomy":"category","embeddable":true,"href":"http:\/\/elcuartopoder.com.mx\/nw\/wp-json\/wp\/v2\/categories?post=80678"},{"taxonomy":"post_tag","embeddable":true,"href":"http:\/\/elcuartopoder.com.mx\/nw\/wp-json\/wp\/v2\/tags?post=80678"}],"curies":[{"name":"wp","href":"https:\/\/api.w.org\/{rel}","templated":true}]}}