{"id":80681,"date":"2020-06-28T10:25:22","date_gmt":"2020-06-28T15:25:22","guid":{"rendered":"http:\/\/elcuartopoder.com.mx\/nw\/?p=80681"},"modified":"2020-06-28T10:55:15","modified_gmt":"2020-06-28T15:55:15","slug":"es-impostergable-una-revision-a-afores-y-pensiones-monreal","status":"publish","type":"post","link":"http:\/\/elcuartopoder.com.mx\/nw\/economia\/es-impostergable-una-revision-a-afores-y-pensiones-monreal\/","title":{"rendered":"Es impostergable una revisi\u00f3n a afores y pensiones: Monreal"},"content":{"rendered":"\n<p>Ricardo Monreal, l\u00edder de la bancada de Morena en el&nbsp;Senado de la Rep\u00fablica, afirm\u00f3 que es impostergable una revisi\u00f3n al sistema de afores y pensiones en el pa\u00eds.<\/p>\n\n\n\n<p>Hizo un llamado a hacer modificaciones para&nbsp;incorporar estas prestaciones a la econom\u00eda informal y aumentar el ahorro.<\/p>\n\n\n\n<p>Destac\u00f3 que el nivel de ahorro en M\u00e9xico es de los m\u00e1s bajos en el mundo y que se requiere demasiado tiempo para obtener una pensi\u00f3n.&nbsp;<\/p>\n\n\n\n<p>\u201cEs impostergable una revisi\u00f3n al sistema Afores\u201d, enfatiz\u00f3 el senador de Morena.&nbsp;<\/p>\n\n\n\n<p>A\u00f1adi\u00f3 que es necesario ampliar la cobertura del sistema para que tambi\u00e9n el sector informal pueda&nbsp;acceder a una pensi\u00f3n y&nbsp;disminuir la brecha de la desigualdad.<\/p>\n\n\n\n<p><strong>Fuente:&nbsp;<\/strong>Noticaribe<br><br>&nbsp;&nbsp;<\/p>\n","protected":false},"excerpt":{"rendered":"<p>Ricardo Monreal, l\u00edder de la bancada de Morena en el&nbsp;Senado de la Rep\u00fablica, afirm\u00f3 que es impostergable una revisi\u00f3n al sistema de afores y pensiones en el pa\u00eds. Hizo un llamado a hacer modificaciones para&nbsp;incorporar estas prestaciones a la econom\u00eda informal y aumentar el ahorro. Destac\u00f3 que el nivel de ahorro en M\u00e9xico es de [&hellip;]<\/p>\n","protected":false},"author":2,"featured_media":80684,"comment_status":"open","ping_status":"open","sticky":false,"template":"","format":"standard","meta":{"footnotes":""},"categories":[1],"tags":[],"class_list":["post-80681","post","type-post","status-publish","format-standard","has-post-thumbnail","hentry","category-economia"],"_links":{"self":[{"href":"http:\/\/elcuartopoder.com.mx\/nw\/wp-json\/wp\/v2\/posts\/80681","targetHints":{"allow":["GET"]}}],"collection":[{"href":"http:\/\/elcuartopoder.com.mx\/nw\/wp-json\/wp\/v2\/posts"}],"about":[{"href":"http:\/\/elcuartopoder.com.mx\/nw\/wp-json\/wp\/v2\/types\/post"}],"author":[{"embeddable":true,"href":"http:\/\/elcuartopoder.com.mx\/nw\/wp-json\/wp\/v2\/users\/2"}],"replies":[{"embeddable":true,"href":"http:\/\/elcuartopoder.com.mx\/nw\/wp-json\/wp\/v2\/comments?post=80681"}],"version-history":[{"count":2,"href":"http:\/\/elcuartopoder.com.mx\/nw\/wp-json\/wp\/v2\/posts\/80681\/revisions"}],"predecessor-version":[{"id":80685,"href":"http:\/\/elcuartopoder.com.mx\/nw\/wp-json\/wp\/v2\/posts\/80681\/revisions\/80685"}],"wp:featuredmedia":[{"embeddable":true,"href":"http:\/\/elcuartopoder.com.mx\/nw\/wp-json\/wp\/v2\/media\/80684"}],"wp:attachment":[{"href":"http:\/\/elcuartopoder.com.mx\/nw\/wp-json\/wp\/v2\/media?parent=80681"}],"wp:term":[{"taxonomy":"category","embeddable":true,"href":"http:\/\/elcuartopoder.com.mx\/nw\/wp-json\/wp\/v2\/categories?post=80681"},{"taxonomy":"post_tag","embeddable":true,"href":"http:\/\/elcuartopoder.com.mx\/nw\/wp-json\/wp\/v2\/tags?post=80681"}],"curies":[{"name":"wp","href":"https:\/\/api.w.org\/{rel}","templated":true}]}}