{"id":80785,"date":"2020-06-30T18:38:27","date_gmt":"2020-06-30T23:38:27","guid":{"rendered":"http:\/\/elcuartopoder.com.mx\/nw\/?p=80785"},"modified":"2020-06-30T18:38:29","modified_gmt":"2020-06-30T23:38:29","slug":"bajo-proceso-4-sujetos-detenidos-por-despojo-en-akumal","status":"publish","type":"post","link":"http:\/\/elcuartopoder.com.mx\/nw\/varios\/bajo-proceso-4-sujetos-detenidos-por-despojo-en-akumal\/","title":{"rendered":"BAJO PROCESO 4 SUJETOS DETENIDOS POR DESPOJO EN AKUMAL"},"content":{"rendered":"\n<p><strong>TULUM, MX.-&nbsp;<\/strong>Fiscales acreditaron las pruebas por la probable participaci\u00f3n de 4 sujetos detenidos por destruir sellos e invadir dos predios administrados por una dependencia del gobierno del estado de Quintana Roo.<\/p>\n\n\n\n<p>En un comunicado, la Fiscal\u00eda General del Estado de Quintana Roo inform\u00f3 que Fiscales del Ministerio P\u00fablico lograron que un juez de control vinculara a proceso a Irving \u201cS\u201d, Josu\u00e9 \u201cS\u201d, Edgar \u201cA\u201d y Manuel \u201cY\u201d por los delitos de despojo agravado y quebrantamiento de sellos, relacionados en la carpeta administrativa 43\/2020, en agravio de la Agencia de Proyectos Estrat\u00e9gicos del Estado de Quintana Roo (AGEPRO).<\/p>\n\n\n\n<p>La representaci\u00f3n social, acredit\u00f3 los datos probatorios que implican a las cuatro personas en los incidentes registrados el pasado 22 de junio, cuando ingresaron a los predios ubicados en los lotes 005 y 005-1, manzana 100, regi\u00f3n 002, de la s\u00faper manzana 001, en el poblado de Akumal, luego de violar los sellos de resguardo que la autoridad ministerial hab\u00eda colocado a la entrada de ambos sitios, que se encontraban asegurados luego de ser invadidos por primera vez por un grupo de personas desde el pasado 15 de junio.<\/p>\n\n\n\n<p>Las primeras investigaciones, indican que Irving \u201cS\u201d, Josu\u00e9 \u201cS\u201d, Edgar \u201cA\u201d y Manuel \u201cY\u201d ocuparon los predios amenazando con machetes al elemento policiaco que se custodiaba el lugar, por lo que \u00e9ste solicit\u00f3 apoyo a Polic\u00edas Estatales para lograr su captura.<\/p>\n\n\n\n<p>Ante los hechos expuestos, los fiscales lograron que el juez de control fijara prisi\u00f3n preventiva oficiosa para los probables participantes, mientras que concedi\u00f3 a la representaci\u00f3n social un t\u00e9rmino de un mes para cierre de investigaci\u00f3n complementaria<\/p>\n\n\n\n<p><strong>Fuente:<\/strong> noticaribe<\/p>\n","protected":false},"excerpt":{"rendered":"<p>TULUM, MX.-&nbsp;Fiscales acreditaron las pruebas por la probable participaci\u00f3n de 4 sujetos detenidos por destruir sellos e invadir dos predios administrados por una dependencia del gobierno del estado de Quintana Roo. En un comunicado, la Fiscal\u00eda General del Estado de Quintana Roo inform\u00f3 que Fiscales del Ministerio P\u00fablico lograron que un juez de control vinculara [&hellip;]<\/p>\n","protected":false},"author":2,"featured_media":80786,"comment_status":"open","ping_status":"open","sticky":false,"template":"","format":"standard","meta":{"footnotes":""},"categories":[64],"tags":[],"class_list":["post-80785","post","type-post","status-publish","format-standard","has-post-thumbnail","hentry","category-varios"],"_links":{"self":[{"href":"http:\/\/elcuartopoder.com.mx\/nw\/wp-json\/wp\/v2\/posts\/80785","targetHints":{"allow":["GET"]}}],"collection":[{"href":"http:\/\/elcuartopoder.com.mx\/nw\/wp-json\/wp\/v2\/posts"}],"about":[{"href":"http:\/\/elcuartopoder.com.mx\/nw\/wp-json\/wp\/v2\/types\/post"}],"author":[{"embeddable":true,"href":"http:\/\/elcuartopoder.com.mx\/nw\/wp-json\/wp\/v2\/users\/2"}],"replies":[{"embeddable":true,"href":"http:\/\/elcuartopoder.com.mx\/nw\/wp-json\/wp\/v2\/comments?post=80785"}],"version-history":[{"count":1,"href":"http:\/\/elcuartopoder.com.mx\/nw\/wp-json\/wp\/v2\/posts\/80785\/revisions"}],"predecessor-version":[{"id":80787,"href":"http:\/\/elcuartopoder.com.mx\/nw\/wp-json\/wp\/v2\/posts\/80785\/revisions\/80787"}],"wp:featuredmedia":[{"embeddable":true,"href":"http:\/\/elcuartopoder.com.mx\/nw\/wp-json\/wp\/v2\/media\/80786"}],"wp:attachment":[{"href":"http:\/\/elcuartopoder.com.mx\/nw\/wp-json\/wp\/v2\/media?parent=80785"}],"wp:term":[{"taxonomy":"category","embeddable":true,"href":"http:\/\/elcuartopoder.com.mx\/nw\/wp-json\/wp\/v2\/categories?post=80785"},{"taxonomy":"post_tag","embeddable":true,"href":"http:\/\/elcuartopoder.com.mx\/nw\/wp-json\/wp\/v2\/tags?post=80785"}],"curies":[{"name":"wp","href":"https:\/\/api.w.org\/{rel}","templated":true}]}}