{"id":82158,"date":"2020-08-07T14:00:30","date_gmt":"2020-08-07T19:00:30","guid":{"rendered":"http:\/\/elcuartopoder.com.mx\/nw\/?p=82158"},"modified":"2020-08-07T14:00:33","modified_gmt":"2020-08-07T19:00:33","slug":"los-medicos-advierten-de-que-no-se-debe-usar-la-mascarilla-mas-de-una-hora-sin-descanso","status":"publish","type":"post","link":"http:\/\/elcuartopoder.com.mx\/nw\/entretenimiento\/salud\/los-medicos-advierten-de-que-no-se-debe-usar-la-mascarilla-mas-de-una-hora-sin-descanso\/","title":{"rendered":"Los m\u00e9dicos advierten de que no se debe usar la mascarilla m\u00e1s de una hora sin descanso"},"content":{"rendered":"\n<p>Especialistas m\u00e9dicos del hospital\u00a0<strong>Vithas Xanit Internacional,<\/strong>\u00a0ubicado en la localidad malague\u00f1a de Benalm\u00e1dena, han aconsejado que los ciudadanos hagan cada hora, aproximadamente, un peque\u00f1o descanso\u00a0en el uso de la mascarilla<strong>para poder tomar ox\u00edgeno y ventilar el rostro.<\/strong><\/p>\n\n\n\n<p>\u00abLo ideal,\u00a0desde el punto de vista respiratorio,\u00a0es que cada hora, o incluso cada 45 minutos, se haga un peque\u00f1o descanso de cinco o diez minutos, retirando la mascarilla,\u00a0<strong>y si es posible descansar entre 30 y 60 minutos despu\u00e9s de una jornada de cuatro o cinco horas<\/strong>\u00a0de mascarilla\u00bb, ha explicado en un comunicado Gustavo de Luiz, jefe del servicio de Neumolog\u00eda de Vithas Xanit Internacional, de gesti\u00f3n privada.<\/p>\n\n\n\n<p>Este especialista ha a\u00f1adido que, \u00abpese a esto, el descanso solo se puede realizar<strong>&nbsp;si no se incumple en ning\u00fan momento la normativa del uso de la mascarilla\u00bb.<\/strong><em>El protector debe guardarse en un lugar libre de g\u00e9rmenes. No en el codo, cuello, mu\u00f1eca o mesa<\/em><\/p>\n\n\n\n<p>Ha recordado que\u00a0\u00abuna mascarilla no reutilizable no debe ser usada m\u00e1s de cuatro horas y\u00a0<strong>debe ser cambiada incluso antes si est\u00e1 h\u00fameda o deteriorada<\/strong>\u00bb y que se<strong>\u00a0debe guardar la mascarilla en un sitio adecuado y libre de g\u00e9rmenes<\/strong>\u00a0durante el tiempo en que se haga un descanso de ella.<\/p>\n\n\n\n<h3 class=\"wp-block-heading\">Hongos y bacterias si no se cambia<\/h3>\n\n\n\n<p>\u00abLa mayor\u00eda de las personas\u00a0<strong>se la dejan puesta en el cuello, o en la mu\u00f1eca, cosa que est\u00e1 desaconsejada<\/strong>\u00a0porque puede entrar en contacto\u00a0con una superficie contaminada,\u00a0pero tambi\u00e9n tenemos que evitar depositarla en la mesa de trabajo o en una mesa de restaurante mientras que estamos comiendo o<strong>\u00a0meterla en el bolsillo\u00bb,\u00a0<\/strong>ha detallado.<\/p>\n\n\n\n<p>De Luiz recalca tambi\u00e9n la necesidad de prestar atenci\u00f3n al tiempo que se usa la misma mascarilla, porque adem\u00e1s de\u00a0<strong>perder efectividad,<\/strong> el uso prolongado sin haber sido cambiada puede provocar tambi\u00e9n enfermedades en la piel, generaci\u00f3n de hongos o bacterias\u00bb.<\/p>\n\n\n\n<p>\u00abEn el caso de las mascarillas quir\u00fargicas, \u00e9stas tienen que ser\u00a0<strong>desechadas despu\u00e9s de un uso continuado de cuatro hora<\/strong>s; con las higi\u00e9nicas hay que seguir las recomendaciones del fabricante, que suele especificar el tiempo durante el cual es efectiva, pero independientemente de ello, tienen que ser lavadas a diario y en el\u00a0<strong>caso de tener filtros, deben de ser sustituidos todos los d\u00edas<\/strong>\u00bb, apunta.<\/p>\n\n\n\n<p><strong>Fuente: <\/strong>ABC<\/p>\n","protected":false},"excerpt":{"rendered":"<p>Especialistas m\u00e9dicos del hospital\u00a0Vithas Xanit Internacional,\u00a0ubicado en la localidad malague\u00f1a de Benalm\u00e1dena, han aconsejado que los ciudadanos hagan cada hora, aproximadamente, un peque\u00f1o descanso\u00a0en el uso de la mascarillapara poder tomar ox\u00edgeno y ventilar el rostro. \u00abLo ideal,\u00a0desde el punto de vista respiratorio,\u00a0es que cada hora, o incluso cada 45 minutos, se haga un peque\u00f1o [&hellip;]<\/p>\n","protected":false},"author":2,"featured_media":82159,"comment_status":"open","ping_status":"open","sticky":false,"template":"","format":"standard","meta":{"footnotes":""},"categories":[56],"tags":[],"class_list":["post-82158","post","type-post","status-publish","format-standard","has-post-thumbnail","hentry","category-salud"],"_links":{"self":[{"href":"http:\/\/elcuartopoder.com.mx\/nw\/wp-json\/wp\/v2\/posts\/82158","targetHints":{"allow":["GET"]}}],"collection":[{"href":"http:\/\/elcuartopoder.com.mx\/nw\/wp-json\/wp\/v2\/posts"}],"about":[{"href":"http:\/\/elcuartopoder.com.mx\/nw\/wp-json\/wp\/v2\/types\/post"}],"author":[{"embeddable":true,"href":"http:\/\/elcuartopoder.com.mx\/nw\/wp-json\/wp\/v2\/users\/2"}],"replies":[{"embeddable":true,"href":"http:\/\/elcuartopoder.com.mx\/nw\/wp-json\/wp\/v2\/comments?post=82158"}],"version-history":[{"count":1,"href":"http:\/\/elcuartopoder.com.mx\/nw\/wp-json\/wp\/v2\/posts\/82158\/revisions"}],"predecessor-version":[{"id":82160,"href":"http:\/\/elcuartopoder.com.mx\/nw\/wp-json\/wp\/v2\/posts\/82158\/revisions\/82160"}],"wp:featuredmedia":[{"embeddable":true,"href":"http:\/\/elcuartopoder.com.mx\/nw\/wp-json\/wp\/v2\/media\/82159"}],"wp:attachment":[{"href":"http:\/\/elcuartopoder.com.mx\/nw\/wp-json\/wp\/v2\/media?parent=82158"}],"wp:term":[{"taxonomy":"category","embeddable":true,"href":"http:\/\/elcuartopoder.com.mx\/nw\/wp-json\/wp\/v2\/categories?post=82158"},{"taxonomy":"post_tag","embeddable":true,"href":"http:\/\/elcuartopoder.com.mx\/nw\/wp-json\/wp\/v2\/tags?post=82158"}],"curies":[{"name":"wp","href":"https:\/\/api.w.org\/{rel}","templated":true}]}}