{"id":82181,"date":"2020-08-08T10:50:12","date_gmt":"2020-08-08T15:50:12","guid":{"rendered":"http:\/\/elcuartopoder.com.mx\/nw\/?p=82181"},"modified":"2020-08-08T10:50:14","modified_gmt":"2020-08-08T15:50:14","slug":"detectan-a-8-abuelitos-en-situacion-de-abandono-en-carrillo-puerto","status":"publish","type":"post","link":"http:\/\/elcuartopoder.com.mx\/nw\/municipales\/detectan-a-8-abuelitos-en-situacion-de-abandono-en-carrillo-puerto\/","title":{"rendered":"Detectan a 8 abuelitos en situaci\u00f3n de abandono en Carrillo Puerto"},"content":{"rendered":"\n<p>FELIPE CARRILLO PUERTO, Q. Roo.- La Estancia del Adulto Mayor del municipio de Felipe Carrillo Puerto detect\u00f3 ocho abuelitos que&nbsp;<strong>se encuentran abandonados<\/strong>&nbsp;y pr\u00e1cticamente \u201cviven a su suerte\u201d.&nbsp;<\/p>\n\n\n\n<p>Donasia Moo Kauil, encargada del \u00e1rea, dijo que tienen un&nbsp;<strong>padr\u00f3n de alrededor de 885 personas<\/strong>&nbsp;de la tercera edad, ocho de ellas est\u00e1n en situaci\u00f3n de abandono; los otros viven con alguno de sus familiares.&nbsp;<\/p>\n\n\n\n<p>\u201cSon abuelos entre los 55 a 65 a\u00f1os de edad quienes se encuentran en esas condiciones; afortunadamente no son muchos, al menos los que nosotros hemos detectado; sin embargo, mantenemos una estrecha comunicaci\u00f3n con la sociedad en caso de conocer a alguien (a un abuelito) en esa situaci\u00f3n\u201d, agreg\u00f3.&nbsp;<\/p>\n\n\n\n<p>Explic\u00f3 que el \u00e1rea se encarga de brindarles atenci\u00f3n m\u00e9dica, alimentaci\u00f3n, despensas y movilidad; se les visita tres a cuatro veces a la semana, y en caso de ser necesario son trasladados a la estancia en la que&nbsp;<strong>se les ofrece un techo durante el tiempo<\/strong>&nbsp;que lo requieran, en espera de que alg\u00fan familiar los llegue a buscar.&nbsp;<\/p>\n\n\n\n<p>Moo Kauil dijo que es el mismo cuidado que se le da a las dem\u00e1s personas adultas, pero&nbsp;<strong>priorizan a quienes \u00fanicamente viven solas<\/strong>&nbsp;y se les canaliza una red de apoyo.&nbsp;<\/p>\n\n\n\n<p>\u201cLa estancia es un espacio que\u00a0<strong>cuenta con un dormitorio y cuatro camas<\/strong>, cocina, una sala de diversi\u00f3n o taller, en las que ellos pueden convivir con sus dem\u00e1s compa\u00f1eros para que se mantengan activos y se sientan queridos\u201d, agreg\u00f3.\u00a0<\/p>\n\n\n\n<p><strong>Fuente:<\/strong> SIPSE<\/p>\n","protected":false},"excerpt":{"rendered":"<p>FELIPE CARRILLO PUERTO, Q. Roo.- La Estancia del Adulto Mayor del municipio de Felipe Carrillo Puerto detect\u00f3 ocho abuelitos que&nbsp;se encuentran abandonados&nbsp;y pr\u00e1cticamente \u201cviven a su suerte\u201d.&nbsp; Donasia Moo Kauil, encargada del \u00e1rea, dijo que tienen un&nbsp;padr\u00f3n de alrededor de 885 personas&nbsp;de la tercera edad, ocho de ellas est\u00e1n en situaci\u00f3n de abandono; los otros [&hellip;]<\/p>\n","protected":false},"author":2,"featured_media":82182,"comment_status":"open","ping_status":"open","sticky":false,"template":"","format":"standard","meta":{"footnotes":""},"categories":[6],"tags":[],"class_list":["post-82181","post","type-post","status-publish","format-standard","has-post-thumbnail","hentry","category-municipales"],"_links":{"self":[{"href":"http:\/\/elcuartopoder.com.mx\/nw\/wp-json\/wp\/v2\/posts\/82181","targetHints":{"allow":["GET"]}}],"collection":[{"href":"http:\/\/elcuartopoder.com.mx\/nw\/wp-json\/wp\/v2\/posts"}],"about":[{"href":"http:\/\/elcuartopoder.com.mx\/nw\/wp-json\/wp\/v2\/types\/post"}],"author":[{"embeddable":true,"href":"http:\/\/elcuartopoder.com.mx\/nw\/wp-json\/wp\/v2\/users\/2"}],"replies":[{"embeddable":true,"href":"http:\/\/elcuartopoder.com.mx\/nw\/wp-json\/wp\/v2\/comments?post=82181"}],"version-history":[{"count":1,"href":"http:\/\/elcuartopoder.com.mx\/nw\/wp-json\/wp\/v2\/posts\/82181\/revisions"}],"predecessor-version":[{"id":82183,"href":"http:\/\/elcuartopoder.com.mx\/nw\/wp-json\/wp\/v2\/posts\/82181\/revisions\/82183"}],"wp:featuredmedia":[{"embeddable":true,"href":"http:\/\/elcuartopoder.com.mx\/nw\/wp-json\/wp\/v2\/media\/82182"}],"wp:attachment":[{"href":"http:\/\/elcuartopoder.com.mx\/nw\/wp-json\/wp\/v2\/media?parent=82181"}],"wp:term":[{"taxonomy":"category","embeddable":true,"href":"http:\/\/elcuartopoder.com.mx\/nw\/wp-json\/wp\/v2\/categories?post=82181"},{"taxonomy":"post_tag","embeddable":true,"href":"http:\/\/elcuartopoder.com.mx\/nw\/wp-json\/wp\/v2\/tags?post=82181"}],"curies":[{"name":"wp","href":"https:\/\/api.w.org\/{rel}","templated":true}]}}