{"id":82188,"date":"2020-08-08T11:38:30","date_gmt":"2020-08-08T16:38:30","guid":{"rendered":"http:\/\/elcuartopoder.com.mx\/nw\/?p=82188"},"modified":"2020-08-08T11:38:32","modified_gmt":"2020-08-08T16:38:32","slug":"ladrones-no-se-quedan-en-casa-por-la-pandemia-y-barren-con-las-escuelas","status":"publish","type":"post","link":"http:\/\/elcuartopoder.com.mx\/nw\/policiacas\/ladrones-no-se-quedan-en-casa-por-la-pandemia-y-barren-con-las-escuelas\/","title":{"rendered":"Ladrones no se quedan en casa por la pandemia y barren con las escuelas"},"content":{"rendered":"\n<p>Alrededor&nbsp;<strong>de 50 planteles de Quintana Roo han sido blanco de la delincuencia<\/strong>&nbsp;durante la contingencia sanitaria por COVID-19, de las cuales 80% (40) est\u00e1n en el municipio de Benito Ju\u00e1rez, siendo la escuela m\u00e1s afectada el Centro de Atenci\u00f3n M\u00faltiple (CAM) Eduard Huet.<\/p>\n\n\n\n<p>Ana Isabel V\u00e1squez Jim\u00e9nez, titular de la Secretar\u00eda de Educaci\u00f3n del estado, indic\u00f3 que el principal motivo de robo fue la&nbsp;<strong>obtenci\u00f3n del cableado de cobre<\/strong>&nbsp;de la instalaci\u00f3n el\u00e9ctrica, as\u00ed como la&nbsp;<strong>sustracci\u00f3n de aires acondicionados y de material pedag\u00f3gico<\/strong>.<\/p>\n\n\n\n<p>La funcionaria se\u00f1al\u00f3 que el costo de&nbsp;<strong>reponer los art\u00edculos robados se ha estimado en 500 mil pesos<\/strong>, aproximadamente, monto que a\u00fan no se ha finalizado, ya que no se ha podido corroborar todos los da\u00f1os hechos a las instalaciones educativas.<\/p>\n\n\n\n<p>Sin embargo, indic\u00f3 que debido a que el regreso presencial se har\u00e1 hasta transitar al sem\u00e1foro verde, no se realizar\u00e1 la reposici\u00f3n de lo robado, para evitar m\u00e1s incidentes como estos.<\/p>\n\n\n\n<blockquote class=\"wp-block-quote is-layout-flow wp-block-quote-is-layout-flow\"><p>\u201cAfortunadamente, no hay gran da\u00f1o, con excepci\u00f3n del CAM en Canc\u00fan al que entraron tres veces, entonces lo m\u00e1s seguro es que gran parte del recurso sea destinado. Estamos en algunas conversaciones con la Confederaci\u00f3n Patronal de M\u00e9xico, pero no hay a qui\u00e9n pedirle apoyo porque todos estamos en una situaci\u00f3n muy complicada, pero estaremos atendiendo todo\u201d, dijo.<\/p><\/blockquote>\n\n\n\n<p>En el caso del&nbsp;<strong>CAM Eduard Huet, Alejandro Casares, director<\/strong>&nbsp;del plantel, dijo anteriormente que los ladrones adem\u00e1s de romper puertas y&nbsp; cristales, se llevaron cableado, mesas, sillas, material de cocina, las m\u00e1quinas de braille &#8211; valuadas en m\u00e1s de 30 mil pesos cada una-, incluso el sistema de seguridad que estaba conectado al C4.<\/p>\n\n\n\n<p>Dijo que la primera vez:<\/p>\n\n\n\n<blockquote class=\"wp-block-quote is-layout-flow wp-block-quote-is-layout-flow\"><p>\u201centraron a llevarse las c\u00e1maras, televisores, computadoras y las m\u00e1quinas de braille que son muy costosas (&#8230;) en la segunda y tercera ocasi\u00f3n se llevaron el cableado el\u00e9ctrico y cuando pensamos que no se pod\u00edan llevar m\u00e1s cosas, regresaron por las sillas, mesas y materiales del taller de cocina\u201d.<\/p><\/blockquote>\n\n\n\n<p>El equipo que se rob\u00f3 era utilizado para\u00a0<strong>impartir clases a m\u00e1s de 150\u00a0 ni\u00f1os y j\u00f3venes<\/strong>\u00a0con discapacidad visual y auditiva, quienes adem\u00e1s se quedaron sin transporte, ya que el cami\u00f3n que se empleaba para movilizarse fue desvalijado.<\/p>\n\n\n\n<p><strong>Fuente:<\/strong> SIPSE<\/p>\n","protected":false},"excerpt":{"rendered":"<p>Alrededor&nbsp;de 50 planteles de Quintana Roo han sido blanco de la delincuencia&nbsp;durante la contingencia sanitaria por COVID-19, de las cuales 80% (40) est\u00e1n en el municipio de Benito Ju\u00e1rez, siendo la escuela m\u00e1s afectada el Centro de Atenci\u00f3n M\u00faltiple (CAM) Eduard Huet. Ana Isabel V\u00e1squez Jim\u00e9nez, titular de la Secretar\u00eda de Educaci\u00f3n del estado, indic\u00f3 [&hellip;]<\/p>\n","protected":false},"author":2,"featured_media":82189,"comment_status":"open","ping_status":"open","sticky":false,"template":"","format":"standard","meta":{"footnotes":""},"categories":[23],"tags":[],"class_list":["post-82188","post","type-post","status-publish","format-standard","has-post-thumbnail","hentry","category-policiacas"],"_links":{"self":[{"href":"http:\/\/elcuartopoder.com.mx\/nw\/wp-json\/wp\/v2\/posts\/82188","targetHints":{"allow":["GET"]}}],"collection":[{"href":"http:\/\/elcuartopoder.com.mx\/nw\/wp-json\/wp\/v2\/posts"}],"about":[{"href":"http:\/\/elcuartopoder.com.mx\/nw\/wp-json\/wp\/v2\/types\/post"}],"author":[{"embeddable":true,"href":"http:\/\/elcuartopoder.com.mx\/nw\/wp-json\/wp\/v2\/users\/2"}],"replies":[{"embeddable":true,"href":"http:\/\/elcuartopoder.com.mx\/nw\/wp-json\/wp\/v2\/comments?post=82188"}],"version-history":[{"count":1,"href":"http:\/\/elcuartopoder.com.mx\/nw\/wp-json\/wp\/v2\/posts\/82188\/revisions"}],"predecessor-version":[{"id":82190,"href":"http:\/\/elcuartopoder.com.mx\/nw\/wp-json\/wp\/v2\/posts\/82188\/revisions\/82190"}],"wp:featuredmedia":[{"embeddable":true,"href":"http:\/\/elcuartopoder.com.mx\/nw\/wp-json\/wp\/v2\/media\/82189"}],"wp:attachment":[{"href":"http:\/\/elcuartopoder.com.mx\/nw\/wp-json\/wp\/v2\/media?parent=82188"}],"wp:term":[{"taxonomy":"category","embeddable":true,"href":"http:\/\/elcuartopoder.com.mx\/nw\/wp-json\/wp\/v2\/categories?post=82188"},{"taxonomy":"post_tag","embeddable":true,"href":"http:\/\/elcuartopoder.com.mx\/nw\/wp-json\/wp\/v2\/tags?post=82188"}],"curies":[{"name":"wp","href":"https:\/\/api.w.org\/{rel}","templated":true}]}}