{"id":82464,"date":"2020-08-17T15:15:16","date_gmt":"2020-08-17T20:15:16","guid":{"rendered":"http:\/\/elcuartopoder.com.mx\/nw\/?p=82464"},"modified":"2020-08-17T15:15:18","modified_gmt":"2020-08-17T20:15:18","slug":"abinader-pone-fin-a-16-anos-en-el-poder-de-la-izquierda-en-r-dominicana","status":"publish","type":"post","link":"http:\/\/elcuartopoder.com.mx\/nw\/politica\/abinader-pone-fin-a-16-anos-en-el-poder-de-la-izquierda-en-r-dominicana\/","title":{"rendered":"Abinader pone fin a 16 a\u00f1os en el poder de la izquierda en R. Dominicana"},"content":{"rendered":"\n<p>Santo Domingo.- Luis Rodolfo&nbsp;<strong>Abinader prest\u00f3 juramento como presidente de Rep\u00fablica Dominicana<\/strong>&nbsp;el domingo en una ceremonia a la que asisti\u00f3 el secretario estadounidense de Estado Mike Pompeo.<\/p>\n\n\n\n<p>Abinader,\u00a0<strong>un hombre de negocios de 53 a\u00f1os que nunca hab\u00eda ocupado un cargo de elecci\u00f3n<\/strong>\u00a0popular, fue elegido para un mandato de cuatro a\u00f1os el 5 de julio, poniendo fin a un per\u00edodo de 16 a\u00f1os en el poder de un partido de centro-izquierda. Termin\u00f3 segundo en las elecciones presidenciales de 2016.<\/p>\n\n\n\n<figure class=\"wp-block-embed-twitter wp-block-embed is-type-rich is-provider-twitter\"><div class=\"wp-block-embed__wrapper\">\n<blockquote class=\"twitter-tweet\" data-width=\"550\" data-dnt=\"true\"><p lang=\"es\" dir=\"ltr\">Entrando al despacho presidencial. <a href=\"https:\/\/twitter.com\/hashtag\/EstamosCambiando?src=hash&amp;ref_src=twsrc%5Etfw\">#EstamosCambiando<\/a> <a href=\"https:\/\/t.co\/DhVW5aLJYw\">pic.twitter.com\/DhVW5aLJYw<\/a><\/p>&mdash; Luis Abinader (@luisabinader) <a href=\"https:\/\/twitter.com\/luisabinader\/status\/1295042111134478337?ref_src=twsrc%5Etfw\">August 16, 2020<\/a><\/blockquote><script async src=\"https:\/\/platform.twitter.com\/widgets.js\" charset=\"utf-8\"><\/script>\n<\/div><\/figure>\n\n\n\n<p>\u201c<strong>Esta elecci\u00f3n resuena como un ejemplo para otras naciones<\/strong>\u00a0del poder de la democracia y lo que es posible cuando los pa\u00edses priorizan los deseos de su gente\u201d, tuite\u00f3 Pompeo despu\u00e9s de la toma de posesi\u00f3n de Abinader.<\/p>\n\n\n\n<p><strong>Las elecciones se llevaron a cabo a pesar de que el coronavirus<\/strong>&nbsp;se extiende por la naci\u00f3n caribe\u00f1a de unos 10,5 millones de habitantes. Antes de los comicios, el propio Abinader pas\u00f3 semanas en aislamiento despu\u00e9s de dar positivo a una prueba de coronavirus. La votaci\u00f3n en s\u00ed se pospuso en mayo debido al COVID-19.<\/p>\n\n\n\n<p>Tras presentarse en el Congreso para la juramentaci\u00f3n de Abinader,\u00a0<strong>Pompeo se reuni\u00f3 con el nuevo mandatario y su canciller Roberto \u00c1lvarez.<\/strong><\/p>\n\n\n\n<p>La reuni\u00f3n se llev\u00f3 a cabo en la casa de la embajadora estadunidense en Rep\u00fablica Dominicana, Robin Bernstein, y se prolong\u00f3 varias horas.<\/p>\n\n\n\n<p>En el encuentro tambi\u00e9n<strong>&nbsp;participaron Raquel Pe\u00f1a<\/strong>, vicepresidenta de la Rep\u00fablica, y el jefe de Gabinete, Miguel N\u00fa\u00f1ez Herrera<\/p>\n\n\n\n<p><strong>Fuente:\u00a0<\/strong>SIPSE<br><br><br><\/p>\n","protected":false},"excerpt":{"rendered":"<p>Santo Domingo.- Luis Rodolfo&nbsp;Abinader prest\u00f3 juramento como presidente de Rep\u00fablica Dominicana&nbsp;el domingo en una ceremonia a la que asisti\u00f3 el secretario estadounidense de Estado Mike Pompeo. Abinader,\u00a0un hombre de negocios de 53 a\u00f1os que nunca hab\u00eda ocupado un cargo de elecci\u00f3n\u00a0popular, fue elegido para un mandato de cuatro a\u00f1os el 5 de julio, poniendo fin [&hellip;]<\/p>\n","protected":false},"author":2,"featured_media":82465,"comment_status":"open","ping_status":"open","sticky":false,"template":"","format":"standard","meta":{"footnotes":""},"categories":[61],"tags":[],"class_list":["post-82464","post","type-post","status-publish","format-standard","has-post-thumbnail","hentry","category-politica"],"_links":{"self":[{"href":"http:\/\/elcuartopoder.com.mx\/nw\/wp-json\/wp\/v2\/posts\/82464","targetHints":{"allow":["GET"]}}],"collection":[{"href":"http:\/\/elcuartopoder.com.mx\/nw\/wp-json\/wp\/v2\/posts"}],"about":[{"href":"http:\/\/elcuartopoder.com.mx\/nw\/wp-json\/wp\/v2\/types\/post"}],"author":[{"embeddable":true,"href":"http:\/\/elcuartopoder.com.mx\/nw\/wp-json\/wp\/v2\/users\/2"}],"replies":[{"embeddable":true,"href":"http:\/\/elcuartopoder.com.mx\/nw\/wp-json\/wp\/v2\/comments?post=82464"}],"version-history":[{"count":1,"href":"http:\/\/elcuartopoder.com.mx\/nw\/wp-json\/wp\/v2\/posts\/82464\/revisions"}],"predecessor-version":[{"id":82466,"href":"http:\/\/elcuartopoder.com.mx\/nw\/wp-json\/wp\/v2\/posts\/82464\/revisions\/82466"}],"wp:featuredmedia":[{"embeddable":true,"href":"http:\/\/elcuartopoder.com.mx\/nw\/wp-json\/wp\/v2\/media\/82465"}],"wp:attachment":[{"href":"http:\/\/elcuartopoder.com.mx\/nw\/wp-json\/wp\/v2\/media?parent=82464"}],"wp:term":[{"taxonomy":"category","embeddable":true,"href":"http:\/\/elcuartopoder.com.mx\/nw\/wp-json\/wp\/v2\/categories?post=82464"},{"taxonomy":"post_tag","embeddable":true,"href":"http:\/\/elcuartopoder.com.mx\/nw\/wp-json\/wp\/v2\/tags?post=82464"}],"curies":[{"name":"wp","href":"https:\/\/api.w.org\/{rel}","templated":true}]}}