{"id":82479,"date":"2020-08-17T17:36:56","date_gmt":"2020-08-17T22:36:56","guid":{"rendered":"http:\/\/elcuartopoder.com.mx\/nw\/?p=82479"},"modified":"2020-08-17T17:36:59","modified_gmt":"2020-08-17T22:36:59","slug":"instala-poder-judicial-de-quintana-roo-comite-de-etica","status":"publish","type":"post","link":"http:\/\/elcuartopoder.com.mx\/nw\/prensa\/instala-poder-judicial-de-quintana-roo-comite-de-etica\/","title":{"rendered":"Instala Poder Judicial de Quintana Roo, Comit\u00e9 de \u00c9tica"},"content":{"rendered":"\n<p>Chetumal, 17 de agosto.- En el marco del Sistema Nacional Anticorrupci\u00f3n y del Sistema Estatal Anticorrupci\u00f3n, este d\u00eda qued\u00f3 formalmente instalado el Comit\u00e9 de \u00c9tica del Poder Judicial de Quintana Roo, durante una sesi\u00f3n virtual que se realiz\u00f3 a trav\u00e9s de la sala virtual de videoconferencias.<\/p>\n\n\n\n<figure class=\"wp-block-image\"><img loading=\"lazy\" decoding=\"async\" width=\"1024\" height=\"768\" src=\"http:\/\/elcuartopoder.com.mx\/nw\/wp-content\/uploads\/2020\/08\/307d7c6b-026c-4df3-b648-aafc885b2015-1024x768.jpg\" alt=\"\" class=\"wp-image-82481\" srcset=\"http:\/\/elcuartopoder.com.mx\/nw\/wp-content\/uploads\/2020\/08\/307d7c6b-026c-4df3-b648-aafc885b2015-1024x768.jpg 1024w, http:\/\/elcuartopoder.com.mx\/nw\/wp-content\/uploads\/2020\/08\/307d7c6b-026c-4df3-b648-aafc885b2015-300x225.jpg 300w, http:\/\/elcuartopoder.com.mx\/nw\/wp-content\/uploads\/2020\/08\/307d7c6b-026c-4df3-b648-aafc885b2015-768x576.jpg 768w, http:\/\/elcuartopoder.com.mx\/nw\/wp-content\/uploads\/2020\/08\/307d7c6b-026c-4df3-b648-aafc885b2015-80x60.jpg 80w, http:\/\/elcuartopoder.com.mx\/nw\/wp-content\/uploads\/2020\/08\/307d7c6b-026c-4df3-b648-aafc885b2015-265x198.jpg 265w, http:\/\/elcuartopoder.com.mx\/nw\/wp-content\/uploads\/2020\/08\/307d7c6b-026c-4df3-b648-aafc885b2015-696x522.jpg 696w, http:\/\/elcuartopoder.com.mx\/nw\/wp-content\/uploads\/2020\/08\/307d7c6b-026c-4df3-b648-aafc885b2015.jpg 1280w\" sizes=\"auto, (max-width: 1024px) 100vw, 1024px\" \/><\/figure>\n\n\n\n<p>El Magistrado Presidente del Tribunal Superior de Justicia y del Consejo de la Judicatura, Jos\u00e9 Antonio Le\u00f3n Ruiz, y presidente de este Comit\u00e9 de \u00c9tica, presidi\u00f3 la instalaci\u00f3n y agradeci\u00f3 a todos su participaci\u00f3n toda vez que a partir de hoy este Comit\u00e9 fungir\u00e1 como entidad rectora para la definici\u00f3n de planes, programas y pol\u00edticas que fomenten la actuaci\u00f3n \u00e9tica y responsable de cada una de las servidoras y los servidores p\u00fablicos en apego a los principios constitucionales de legalidad, honradez, lealtad, imparcialidad y eficiencia, as\u00ed como a los valores, virtudes y reglas de integridad dando cumplimiento al art\u00edculo Tercero transitorio del C\u00f3digo de \u00c9tica.<\/p>\n\n\n\n<p>Este Comit\u00e9 qued\u00f3 integrado por el Presidente del Tribunal Superior de Justicia y del Consejo de la Judicatura, Jos\u00e9 Antonio Le\u00f3n Ruiz. Presidente, el magistrado Felipe de Jes\u00fas Sol\u00eds Maga\u00f1a, la Juez Consejera Mar\u00eda de Guadalupe C\u00e1mara Gonz\u00e1lez, la Visitadora General Victoria Magdalena Alonzo Hoil, la titular del Juzgado Interno, Ana Mercedes Castillo Carvajal y el Director de la Contralor\u00eda, Jos\u00e9 Antonio Nieto Bastida.<br> Se record\u00f3 durante la sesi\u00f3n de Instalaci\u00f3n que la impartici\u00f3n de justicia en el Estado de Quintana Roo se realiza a trav\u00e9s de un sistema institucional integrado por \u00f3rganos jurisdiccionales y administrativos; constituidos por servidoras y servidores p\u00fablicos, que act\u00faan conforme a los principios constitucionales de legalidad, honradez, lealtad, imparcialidad y eficiencia que rigen la funci\u00f3n p\u00fablica.<\/p>\n\n\n\n<p>Tambi\u00e9n se aprob\u00f3 el Calendario de Sesiones 2020, y se propuso una sesi\u00f3n \u00fanica ordinaria el d\u00eda 10 de septiembre de 2020, para tratar las actividades a realizar durante los meses de septiembre a diciembre de 2020; lo anterior, obedeciendo a la circunstancia de contar \u00fanicamente con cuatro meses para realizar actividades, considerando que el propio C\u00f3digo que rige este Comit\u00e9 se\u00f1ala en su art\u00edculo 55 la obligaci\u00f3n de realizar al menos 3 sesiones ordinarias durante cada ejercicio anual, entendi\u00e9ndose con ello, que deber\u00e1 realizarse al menos una sesi\u00f3n cada 4 meses.<\/p>\n\n\n\n<p><\/p>\n","protected":false},"excerpt":{"rendered":"<p>Chetumal, 17 de agosto.- En el marco del Sistema Nacional Anticorrupci\u00f3n y del Sistema Estatal Anticorrupci\u00f3n, este d\u00eda qued\u00f3 formalmente instalado el Comit\u00e9 de \u00c9tica del Poder Judicial de Quintana Roo, durante una sesi\u00f3n virtual que se realiz\u00f3 a trav\u00e9s de la sala virtual de videoconferencias. El Magistrado Presidente del Tribunal Superior de Justicia y [&hellip;]<\/p>\n","protected":false},"author":2,"featured_media":82480,"comment_status":"open","ping_status":"open","sticky":false,"template":"","format":"standard","meta":{"footnotes":""},"categories":[65],"tags":[],"class_list":["post-82479","post","type-post","status-publish","format-standard","has-post-thumbnail","hentry","category-prensa"],"_links":{"self":[{"href":"http:\/\/elcuartopoder.com.mx\/nw\/wp-json\/wp\/v2\/posts\/82479","targetHints":{"allow":["GET"]}}],"collection":[{"href":"http:\/\/elcuartopoder.com.mx\/nw\/wp-json\/wp\/v2\/posts"}],"about":[{"href":"http:\/\/elcuartopoder.com.mx\/nw\/wp-json\/wp\/v2\/types\/post"}],"author":[{"embeddable":true,"href":"http:\/\/elcuartopoder.com.mx\/nw\/wp-json\/wp\/v2\/users\/2"}],"replies":[{"embeddable":true,"href":"http:\/\/elcuartopoder.com.mx\/nw\/wp-json\/wp\/v2\/comments?post=82479"}],"version-history":[{"count":1,"href":"http:\/\/elcuartopoder.com.mx\/nw\/wp-json\/wp\/v2\/posts\/82479\/revisions"}],"predecessor-version":[{"id":82482,"href":"http:\/\/elcuartopoder.com.mx\/nw\/wp-json\/wp\/v2\/posts\/82479\/revisions\/82482"}],"wp:featuredmedia":[{"embeddable":true,"href":"http:\/\/elcuartopoder.com.mx\/nw\/wp-json\/wp\/v2\/media\/82480"}],"wp:attachment":[{"href":"http:\/\/elcuartopoder.com.mx\/nw\/wp-json\/wp\/v2\/media?parent=82479"}],"wp:term":[{"taxonomy":"category","embeddable":true,"href":"http:\/\/elcuartopoder.com.mx\/nw\/wp-json\/wp\/v2\/categories?post=82479"},{"taxonomy":"post_tag","embeddable":true,"href":"http:\/\/elcuartopoder.com.mx\/nw\/wp-json\/wp\/v2\/tags?post=82479"}],"curies":[{"name":"wp","href":"https:\/\/api.w.org\/{rel}","templated":true}]}}