{"id":82783,"date":"2020-08-28T21:03:43","date_gmt":"2020-08-29T02:03:43","guid":{"rendered":"http:\/\/elcuartopoder.com.mx\/nw\/?p=82783"},"modified":"2020-08-28T21:03:45","modified_gmt":"2020-08-29T02:03:45","slug":"el-manifiesto-de-antiguos-altos-cargos-en-defensa-de-don-juan-carlos-llega-a-zarzuela-tras-sumar-215-firmas","status":"publish","type":"post","link":"http:\/\/elcuartopoder.com.mx\/nw\/politica\/el-manifiesto-de-antiguos-altos-cargos-en-defensa-de-don-juan-carlos-llega-a-zarzuela-tras-sumar-215-firmas\/","title":{"rendered":"El manifiesto de antiguos altos cargos en defensa de Don Juan Carlos llega a Zarzuela tras sumar 215 firmas"},"content":{"rendered":"\n<p>El&nbsp;<strong>manifiesto de exministros, expresidentes auton\u00f3micos, embajadores y otros antiguos altos cargos en apoyo al Rey Juan Carlos<\/strong>, defendiendo su presunci\u00f3n de inocencia y reivindicando su legado, se ha enviado al Palacio de la Zarzuela tras reunir 215 firmas, el triple de la cifra de adhesiones que hab\u00eda hace solo una semana.<\/p>\n\n\n\n<p>Cuando se anunci\u00f3 ese manifiesto, el pasado d\u00eda 18, hab\u00eda una lista de setenta firmantes, pero en los \u00faltimos d\u00edas se han ido sumando otros antiguos altos cargos y parlamentarios de distintos partidos pol\u00edticos.<\/p>\n\n\n\n<p>El texto ha sido enviado a la Casa del Rey con un mensaje del expresidente del Senado<strong>&nbsp;Juan Jos\u00e9 Laborda<\/strong>&nbsp;en el que se subraya que \u00abno son todos los que quisieran firmar y apoyar la idea, pero es un microcosmos que representa el pluralismo democr\u00e1tico en torno a la idea de la Monarqu\u00eda parlamentaria que Su Majestad Felipe VI encarna en este tiempo nuevo\u00bb.<\/p>\n\n\n\n<p>En esa relaci\u00f3n de 215 firmantes hay&nbsp;<strong>43 ministros de todos los gobiernos, cuatro presidentes del Congreso y dos del Senado y uno del Parlamento Europeo<\/strong>, cerca de diez presidentes de comunidades aut\u00f3nomas, treinta embajadores y m\u00e1s de 120 diputados, senadores y altos cargos durante el reinado de Don Juan Carlos. Adem\u00e1s, se han sumado decenas de personas de los diversos \u00e1mbitos de la sociedad civil.<\/p>\n\n\n\n<h3 class=\"wp-block-heading\">PSOE, PP y UCD<\/h3>\n\n\n\n<p>Entre los firmantes del PSOE aparecen el exvicepresidente&nbsp;<strong>Alfonso Guerra<\/strong>, los exministros&nbsp;<strong>Celestino Corbacho, Matilde Fern\u00e1ndez y Cristina Alberdi,<\/strong>&nbsp;los expresidentes auton\u00f3micos&nbsp;<strong>Juan Carlos Rodr\u00edguez Ibarra<\/strong>&nbsp;(Extremadura),<strong>&nbsp;Joaqu\u00edn Leguina<\/strong>&nbsp;(Madrid) y&nbsp;<strong>Jos\u00e9 Rodr\u00edguez de la Borbolla<\/strong>&nbsp;(Andaluc\u00eda), y otros altos cargos como el exdirector de gabinete de Felipe Gonz\u00e1lez y Jos\u00e9 Luis Rodr\u00edguez Zapatero,<strong>&nbsp;Jos\u00e9 Enrique Serrano<\/strong>, o el exalcalde&nbsp;<strong>Francisco V\u00e1zquez,<\/strong>&nbsp;hoy pr\u00f3ximo a Ciudadanos.<\/p>\n\n\n\n<p>Hay representantes del PP como los exministros&nbsp;<strong>Jaime Mayor Oreja, Josep Piqu\u00e9, Eduardo Serra, P\u00edo Cabanillas, Federico Trillo, Rafael Catal\u00e1, Alberto Ruiz Gallard\u00f3n, Jos\u00e9 Ignacio Wert, Ana Pastor y Alfonso Alonso<\/strong>, y expresidentes auton\u00f3micos como&nbsp;<strong>Juan Vicente Herrera<\/strong>&nbsp;(Castilla y Le\u00f3n),&nbsp;<strong>Luisa Fernanda Rudi<\/strong>&nbsp;(Arag\u00f3n) y&nbsp;<strong>Esperanza Aguirre<\/strong>&nbsp;(Madrid), as\u00ed como los expresidentes del Congreso&nbsp;<strong>Jes\u00fas Posada<\/strong>&nbsp;y del Senado&nbsp;<strong>P\u00edo Garc\u00eda Escudero<\/strong>.<\/p>\n\n\n\n<p>En el listado hay adem\u00e1s figuras de la Transici\u00f3n como&nbsp;<strong>Rodolfo Mart\u00edn Villa<\/strong>, exministro de la UCD como&nbsp;<strong>Alberto Oliart y Soledad Becerril<\/strong>, que tambi\u00e9n fue alcaldesa con el PP y ex defensora del Pueblo, as\u00ed como el expresidente del Parlamento Europeo Jos\u00e9 Mar\u00eda Gil Robles, y otros ex secretarios de Estado, embajadores y numerosos antiguos altos cargos.<\/p>\n\n\n\n<p>Tambi\u00e9n se han sumado representantes de otros partidos como&nbsp;<strong>Miguel Sanz<\/strong>&nbsp;(expresidente navarro) y&nbsp;<strong>Francisco Sosa Wagner,<\/strong>&nbsp;exeurodiputado de UPyD.<\/p>\n\n\n\n<p>En el texto dado a conocer hace una semana se reivindica el legado de Juan Carlos I en estos m\u00e1s de cuarenta a\u00f1os de democracia, la \u00abetapa hist\u00f3rica m\u00e1s fruct\u00edfera que ha conocido Espa\u00f1a en la \u00e9poca contempor\u00e1nea\u00bb.<\/p>\n\n\n\n<h3 class=\"wp-block-heading\">Presunci\u00f3n de inocencia<\/h3>\n\n\n\n<p>\u00abLas numerosas informaciones que aparecen estos d\u00edas sobre determinadas actividades del Rey Juan Carlos I han excitado una proliferaci\u00f3n de condenas sin el debido respeto a la presunci\u00f3n de inocencia -indican-. Si sus acciones pudieran ser merecedoras de reprobaci\u00f3n lo decidir\u00e1n los tribunales de justicia, pero nunca se podr\u00e1 borrar la labor del Rey Juan Carlos en beneficio de la democracia y de la Naci\u00f3n, so pena de una ingratitud social que nada bueno presagiar\u00eda del conjunto de la sociedad espa\u00f1ola\u00bb.<\/p>\n\n\n\n<p>El documento, al que ha tenido acceso Europa Press, subraya que \u00abla Monarqu\u00eda parlamentaria, as\u00ed como el conjunto de la Constituci\u00f3n de 1978, han propiciado una Espa\u00f1a moderna, con un sistema pol\u00edtico, econ\u00f3mico y social avanzado fraguado en la libertad, en la justicia y en la solidaridad\u00bb.<\/p>\n\n\n\n<p>\u00abHeredero de los poderes autoritarios de la dictadura del general Franco, el Rey Juan Carlos I hizo saber al poco de acceder al trono su voluntad expl\u00edcita de renunciar a los mismos para propiciar la organizaci\u00f3n institucional espa\u00f1ola de acuerdo con el modelo de las democracias occidentales -recuerdan-. Don Juan Carlos se comprometi\u00f3 a ser el Rey de todos los espa\u00f1oles y pronto se consigui\u00f3 una Espa\u00f1a sin exiliados y la superaci\u00f3n de las cuestiones que nos hab\u00edan enfrentado en la historia reciente\u00bb.<\/p>\n\n\n\n<p>Los firmantes ensalzan \u00abla bien llamada Transici\u00f3n\u00bb destacando la aprobaci\u00f3n de la Constituci\u00f3n de 1978 despu\u00e9s de unas elecciones libres a las que concurrieron todos los partidos pol\u00edticos, lo que \u00abpropici\u00f3 la reconciliaci\u00f3n entre los espa\u00f1oles y un gran acuerdo nacional, que cumpli\u00f3 con la voluntad del Rey de que Espa\u00f1a fuera un pa\u00eds europeo e iberoamericano, conforme a su vocaci\u00f3n hist\u00f3rica, y una democracia occidental avanzada, donde todos cupieran, abierta al pluralismo representativo y a la alternancia pol\u00edtica\u00bb.<\/p>\n\n\n\n<p><strong>Fuente:<\/strong> ABC<\/p>\n","protected":false},"excerpt":{"rendered":"<p>El&nbsp;manifiesto de exministros, expresidentes auton\u00f3micos, embajadores y otros antiguos altos cargos en apoyo al Rey Juan Carlos, defendiendo su presunci\u00f3n de inocencia y reivindicando su legado, se ha enviado al Palacio de la Zarzuela tras reunir 215 firmas, el triple de la cifra de adhesiones que hab\u00eda hace solo una semana. Cuando se anunci\u00f3 ese [&hellip;]<\/p>\n","protected":false},"author":2,"featured_media":82784,"comment_status":"open","ping_status":"open","sticky":false,"template":"","format":"standard","meta":{"footnotes":""},"categories":[61],"tags":[],"class_list":["post-82783","post","type-post","status-publish","format-standard","has-post-thumbnail","hentry","category-politica"],"_links":{"self":[{"href":"http:\/\/elcuartopoder.com.mx\/nw\/wp-json\/wp\/v2\/posts\/82783","targetHints":{"allow":["GET"]}}],"collection":[{"href":"http:\/\/elcuartopoder.com.mx\/nw\/wp-json\/wp\/v2\/posts"}],"about":[{"href":"http:\/\/elcuartopoder.com.mx\/nw\/wp-json\/wp\/v2\/types\/post"}],"author":[{"embeddable":true,"href":"http:\/\/elcuartopoder.com.mx\/nw\/wp-json\/wp\/v2\/users\/2"}],"replies":[{"embeddable":true,"href":"http:\/\/elcuartopoder.com.mx\/nw\/wp-json\/wp\/v2\/comments?post=82783"}],"version-history":[{"count":1,"href":"http:\/\/elcuartopoder.com.mx\/nw\/wp-json\/wp\/v2\/posts\/82783\/revisions"}],"predecessor-version":[{"id":82785,"href":"http:\/\/elcuartopoder.com.mx\/nw\/wp-json\/wp\/v2\/posts\/82783\/revisions\/82785"}],"wp:featuredmedia":[{"embeddable":true,"href":"http:\/\/elcuartopoder.com.mx\/nw\/wp-json\/wp\/v2\/media\/82784"}],"wp:attachment":[{"href":"http:\/\/elcuartopoder.com.mx\/nw\/wp-json\/wp\/v2\/media?parent=82783"}],"wp:term":[{"taxonomy":"category","embeddable":true,"href":"http:\/\/elcuartopoder.com.mx\/nw\/wp-json\/wp\/v2\/categories?post=82783"},{"taxonomy":"post_tag","embeddable":true,"href":"http:\/\/elcuartopoder.com.mx\/nw\/wp-json\/wp\/v2\/tags?post=82783"}],"curies":[{"name":"wp","href":"https:\/\/api.w.org\/{rel}","templated":true}]}}