{"id":82836,"date":"2020-08-31T10:59:08","date_gmt":"2020-08-31T15:59:08","guid":{"rendered":"http:\/\/elcuartopoder.com.mx\/nw\/?p=82836"},"modified":"2020-08-31T10:59:11","modified_gmt":"2020-08-31T15:59:11","slug":"saldo-de-violencia-deja-el-covid-en-quintana-roo","status":"publish","type":"post","link":"http:\/\/elcuartopoder.com.mx\/nw\/estatales\/saldo-de-violencia-deja-el-covid-en-quintana-roo\/","title":{"rendered":"Saldo de violencia deja el Covid en Quintana Roo"},"content":{"rendered":"\n<p>El&nbsp;<strong>recrudecimiento de la violencia dentro y fuera del hogar<\/strong>&nbsp;es uno de los saldos que dej\u00f3 la pandemia del Covid-19. En casa, los riesgos para la mujer incrementaron, mientras que en la calle las familias se convirtieron en presa de los asaltantes.<\/p>\n\n\n\n<p>El confinamiento impuesto a ra\u00edz de la pandemia por COVID-19 ocasion\u00f3 que el servicio de emergencia 911 recibiera&nbsp;<strong>24 llamadas al d\u00eda por hechos de violencia familiar en Quintana Roo,&nbsp;<\/strong>entidad que se coloc\u00f3 en primer lugar&nbsp; entre los estados del sureste de M\u00e9xico con m\u00e1s reportes.<\/p>\n\n\n\n<p>Los informes de incidencia delictiva y llamadas de emergencia del&nbsp;<strong>Secretariado Ejecutivo del Sistema Nacional de Seguridad P\u00fablica<\/strong>&nbsp;indican que entre los meses de enero a junio de 2020 se generaron 10 mil 229 solicitudes de auxilio, mil 824 m\u00e1s que las del mismo periodo pero de 2019.<\/p>\n\n\n\n<p>Esto ubica a Quintana Roo por arriba de Oaxaca (seis mil 351), Yucat\u00e1n (cuatro mil 360), Campeche (dos mil 784), Chiapas (dos mil 629) y Tabasco (361).<\/p>\n\n\n\n<figure class=\"wp-block-image\"><a href=\"https:\/\/images.sipse.com\/nnx5Xe5B_oP2038qtpTKZVhW6Vw=\/fit-in\/900x500\/2020\/08\/30\/1598765377235.jpg\"><img decoding=\"async\" src=\"https:\/\/images.sipse.com\/lNmhI_OOZOvevTfmCkprk-rmsXI=\/fit-in\/580x500\/2020\/08\/30\/1598765377235.jpg\" alt=\"\"\/><\/a><\/figure>\n\n\n\n<p>(Pxhere)<\/p>\n\n\n\n<p>De las 10 mil 229 solicitudes del estado,&nbsp;<strong>cuatro mil 080 corresponden a los meses de abril a junio<\/strong>, durante los cuales se&nbsp;<strong>recibi\u00f3 al menos una llamada por violencia familiar cada hora<\/strong>, es decir 24 al d\u00eda.<\/p>\n\n\n\n<h2 class=\"wp-block-heading\"><strong>Entre abril y mayo se recibi\u00f3 cada hora una llamada de emergencia por violencia familiar en Quintana Roo<\/strong><\/h2>\n\n\n\n<p>Sin embargo, las estad\u00edsticas del secretariado tambi\u00e9n indican que durante los tres meses se\u00f1alados s\u00f3lo 956 (23.4%) de estas solicitudes de auxilio se convirtieron en carpetas de investigaci\u00f3n, es decir que&nbsp;<strong>tres mil 124 v\u00edctimas no llegaron a interponer una denuncia<\/strong>&nbsp;formal ante las autoridades.&nbsp;<\/p>\n\n\n\n<p>Pese a esto, el n\u00famero de expedientes abiertos de este mismo periodo comparado con el 2019 es 38.9% (610) menor, situaci\u00f3n que ha sido calificada por las asociaciones civiles como un \u201creflejo del&nbsp;<strong>confinamiento por la emergencia sanitaria<\/strong>&nbsp;y no de una pol\u00edtica de seguridad eficiente y clara\u201d y que se espera iguale o supere sus niveles habituales a causa de la crisis econ\u00f3mica.<\/p>\n\n\n\n<p>Las cifras indican que:<\/p>\n\n\n\n<blockquote class=\"wp-block-quote is-layout-flow wp-block-quote-is-layout-flow\"><p>\u201cse tiene que reflexionar sobre la pol\u00edtica p\u00fablica que se est\u00e1 implementando, evaluarlas -porque no lo hacen- para ver si est\u00e1n dando resultados o si hay que cambiarlas, por eso es importante que haya esa apertura para que organizaciones civiles y ciudadan\u00eda participen en temas de seguridad\u201d, dijo Azucena Gual, integrante del Observatorio de Seguridad y G\u00e9nero de Quintana Roo.<\/p><\/blockquote>\n\n\n\n<h2 class=\"wp-block-heading\"><strong>Plan sin violencia en casa<\/strong><\/h2>\n\n\n\n<p>De acuerdo con el Gobierno del Estado, durante el confinamiento por COVID-19 se aplic\u00f3 un programa emergente llamado \u201cPlan sin violencia en casa\u201d, cuya ejecuci\u00f3n se plante\u00f3 sobre tres ejes:&nbsp;<strong>prevenci\u00f3n, atenci\u00f3n y procuraci\u00f3n de justicia<\/strong>&nbsp;para reparar el da\u00f1o a las v\u00edctimas de violencia familiar.<\/p>\n\n\n\n<p>\u201cEl plan conlleva la coordinaci\u00f3n interinstitucional de las autoridades en diversos \u00e1mbitos de atenci\u00f3n policial y procuraci\u00f3n de justicia a ni\u00f1as, ni\u00f1os, adolescentes y mujeres (&#8230;) estrategia que ha sido difundida en televisi\u00f3n, radio, conferencias, redes sociales y peri\u00f3dicos, principalmente\u201d, indic\u00f3 la Secretar\u00eda de Gobierno de Quintana Roo.<\/p>\n\n\n\n<h2 class=\"wp-block-heading\"><strong>Madres no denuncian casos de violencia familiar por no exponer a sus hijos<\/strong><\/h2>\n\n\n\n<p>Las autoridades se\u00f1alaron que en esta contingencia sanitaria los&nbsp;<strong>Centros de Justicia para las Mujeres<\/strong>&nbsp;en el estado atendieron a 962, 61.6% m\u00e1s que las 595 v\u00edctimas canalizadas durante el primer trimestre del 2019; la mayor\u00eda en un rango de 30 a 44 a\u00f1os de edad.<\/p>\n\n\n\n<p>De acuerdo con los expertos, existen varios motivos por los cuales las llamadas nunca llegaron a convertirse en denuncias, el principal es el&nbsp;<strong>deseo de las madres de no exponer a sus hijos<\/strong>&nbsp;al virus fuera de su hogar, por lo que prefirieron soportar la violencia antes de abandonarlo.<\/p>\n\n\n\n<figure class=\"wp-block-image\"><a href=\"https:\/\/images.sipse.com\/c_qLdNnKDWSr01nPFgaHB_IGcKQ=\/fit-in\/900x500\/2020\/08\/30\/1598765857426.jpg\"><img decoding=\"async\" src=\"https:\/\/images.sipse.com\/9GP7QONDETk4t2VjOuj8oYN0YWQ=\/fit-in\/580x500\/2020\/08\/30\/1598765857426.jpg\" alt=\"\"\/><\/a><\/figure>\n\n\n\n<p>(Pxhere)<\/p>\n\n\n\n<h2 class=\"wp-block-heading\"><strong>\u201cDios, s\u00e1came de aqu\u00ed porque ya no puedo m\u00e1s\u201d<\/strong><\/h2>\n\n\n\n<blockquote class=\"wp-block-quote is-layout-flow wp-block-quote-is-layout-flow\"><p>\u201cEstaba parada en la puerta, me sent\u00eda paralizada, no pod\u00eda mover mis pies y pensaba \u2018me va a matar\u2019, en ese momento pens\u00e9 en Dios y le ped\u00ed \u2018s\u00e1came de aqu\u00ed porque ya no puedo m\u00e1s\u2019, ese hombre era un monstruo\u201d.<\/p><\/blockquote>\n\n\n\n<p>As\u00ed cont\u00f3 con voz entrecortada \u201cMar\u00eda N\u201d (nombre ficticio) el recuerdo de uno de los peores episodios de su relaci\u00f3n.<\/p>\n\n\n\n<p>Antes de violentarla, su entonces pareja hab\u00eda encontrado el dinero y las alhajas que ella guardaba bajo su colch\u00f3n con la&nbsp;<strong>esperanza de iniciar una nueva vida<\/strong>&nbsp;lejos del hombre al que alguna vez admir\u00f3 y que la llenaba de detalles.<\/p>\n\n\n\n<p>Ahora que se encuentra lejos, \u201cMar\u00eda\u201d recuerda lo dif\u00edcil que fue admitir que aquel caballero con el que form\u00f3 una familia no era lo que aparentaba, ya que&nbsp;<strong>detr\u00e1s de sus risas y bromas se escond\u00eda una persona violenta<\/strong>, que a trav\u00e9s de chantajes la hizo prisionera de su propio hogar.<\/p>\n\n\n\n<blockquote class=\"wp-block-quote is-layout-flow wp-block-quote-is-layout-flow\"><p>\u201c\u00c9l empez\u00f3 a pellizcarme las piernas, los brazos y a dejarme marcada, pese a que le dec\u00eda que no me gustaba, lo hac\u00eda \u2018jugando\u2019. En cierta manera cuando crees querer a una persona, justificas y te causa gracia. Una vez sal\u00ed de mi casa con una blusa que dejaba al descubierto mi espalda, me ven mis amigas y me preguntan \u2018\u00bfqu\u00e9 te pas\u00f3?\u2019, estaba llena de moretones\u201d, dijo.<\/p><\/blockquote>\n\n\n\n<p>A partir de ese entonces, el comportamiento de su pareja comenz\u00f3 a cambiar, a ser demandante de su tiempo, de su forma de vestir y de las personas con quien se relacionaba, raz\u00f3n que&nbsp;<strong>luego la oblig\u00f3 a abandonar su empleo<\/strong>&nbsp;pese a que toda su vida hab\u00eda sido una mujer independiente.<\/p>\n\n\n\n<h2 class=\"wp-block-heading\"><strong>\u00abHasta ahora no s\u00e9 d\u00f3nde est\u00e1n las cenizas de mi hijo\u00bb<\/strong><\/h2>\n\n\n\n<p>Sin embargo,&nbsp;<strong>lo peor de su experiencia fue la p\u00e9rdida de su hijo<\/strong>: un beb\u00e9 de tres meses a quien dio a luz despu\u00e9s de haber ca\u00eddo por las escaleras y que se ahog\u00f3 con su leche mientras se encontraba bajo el cuidado de su padre.<\/p>\n\n\n\n<blockquote class=\"wp-block-quote is-layout-flow wp-block-quote-is-layout-flow\"><p>\u201cCuando lo reviso mi beb\u00e9 estaba frio, no estaba respirando, cuando llegue al hospital ya estaba muerto. \u00c9l se hizo cargo de todo, cuando le pregunt\u00e9 por sus cenizas me dijo que no me iba a dejar verlas y jam\u00e1s me las entreg\u00f3, hasta ahorita no s\u00e9 d\u00f3nde est\u00e1n\u201d.<\/p><\/blockquote>\n\n\n\n<p>Por a\u00f1os&nbsp;<strong>esta negaci\u00f3n hizo que ella permaneciera a su lado<\/strong>, soportando golpes, gritos y humillaciones por parte de su ex pareja y de las mujeres con quien \u00e9l se relacion\u00f3.<\/p>\n\n\n\n<figure class=\"wp-block-image\"><a href=\"https:\/\/images.sipse.com\/w0lDIktHAEf77rzMjnAB9G-iVDQ=\/fit-in\/900x500\/2020\/08\/30\/1598765565640.jpg\"><img decoding=\"async\" src=\"https:\/\/images.sipse.com\/Zhr5iHvdTr2p-cN7jZgLV5tHPLw=\/fit-in\/580x500\/2020\/08\/30\/1598765565640.jpg\" alt=\"\"\/><\/a><\/figure>\n\n\n\n<p>(Pxhere)<\/p>\n\n\n\n<p>A pesar que a\u00f1os despu\u00e9s volvi\u00f3 a construir una red de apoyo con su comunidad, familia y amigos,&nbsp;<strong>\u201cMar\u00eda\u201d sali\u00f3 de su c\u00edrculo de violencia sola<\/strong>, al recordar la vida tranquila que llevaba antes de conocerlo, cuando su \u00fanica compa\u00f1era era su hija a quien durante esos a\u00f1os logr\u00f3 mantener alejada.<\/p>\n\n\n\n<blockquote class=\"wp-block-quote is-layout-flow wp-block-quote-is-layout-flow\"><p>\u201cElla nunca ha visto una mam\u00e1 violentada y no quiero que la vea nunca, por eso me fui. A \u00e9l no le guardo rencor, aprend\u00ed a no guardar resentimiento. Es un cap\u00edtulo que ya cerr\u00e9 y aunque te recomiendan no recordar, ni revivir esos sentimientos de dolor, no quisiera que ninguna mujer pasara lo mismo que yo\u201d, afirma mientras seca sus l\u00e1grimas.<\/p><\/blockquote>\n\n\n\n<h2 class=\"wp-block-heading\"><strong>La violencia tambi\u00e9n se recrudeci\u00f3 fuera del hogar durante la pandemia<\/strong><\/h2>\n\n\n\n<p>La pandemia por COVID-19 no s\u00f3lo recrudeci\u00f3 la violencia dentro de los hogares, sino tambi\u00e9n fuera de ellos, siendo sus&nbsp;<strong>principales blancos los transe\u00fantes y comercios<\/strong>, sobre todo las tiendas de conveniencia, a las que se tuvieron que incorporar a un programa de prevenci\u00f3n.<\/p>\n\n\n\n<p>La&nbsp;<strong>Encuesta Nacional de Seguridad P\u00fablica Urbana<\/strong>&nbsp;(ENSU) indica que en marzo el 71.2% (alrededor de 590 mil) habitantes del municipio de Benito Ju\u00e1rez consider\u00f3 que la delincuencia seguir\u00eda igual o m\u00e1s en los pr\u00f3ximos 12 meses.<\/p>\n\n\n\n<p>Percepci\u00f3n que hasta el momento se ha cumplido, debido a que las cifras del Secretariado&nbsp;<strong>Ejecutivo del Sistema Nacional de Seguridad P\u00fablica<\/strong>&nbsp;indican que las carpetas por robo a transe\u00fante en v\u00eda p\u00fablica suman hasta el momento 727, de estas, el 53.9% (392) se abrieron a partir del mes de abril, cuando el gobierno federal y estatal establecieron las normas de distanciamiento social.<\/p>\n\n\n\n<figure class=\"wp-block-image\"><a href=\"https:\/\/images.sipse.com\/sGHa1BtUFih5vv-w166PMOO2WXY=\/fit-in\/900x500\/2020\/08\/30\/1598765380699.jpg\"><img decoding=\"async\" src=\"https:\/\/images.sipse.com\/vyATtKEAxWnBPfzk3rz5ZFiKPag=\/fit-in\/580x500\/2020\/08\/30\/1598765380699.jpg\" alt=\"\"\/><\/a><\/figure>\n\n\n\n<p>(Pxhere)<\/p>\n\n\n\n<h2 class=\"wp-block-heading\"><strong>En junio se cometieron al d\u00eda seis atracos contra transe\u00fantes en Quintana Roo<\/strong><\/h2>\n\n\n\n<p>Mientras que&nbsp;<strong>el mayor n\u00famero de hechos se registraron tras el desconfinamiento<\/strong>&nbsp;de la poblaci\u00f3n en junio, mes que alcanz\u00f3 las 203 denuncias 11.5% m\u00e1s de las que se contabilizaron ese mismo periodo, pero de 2019, cuando solo sumaban 182.<\/p>\n\n\n\n<p>Esto quiere decir que tan s\u00f3lo ese mes&nbsp;<strong>al d\u00eda ocurrieron seis atracos a transe\u00fantes<\/strong>, la mitad de ellos con violencia.<\/p>\n\n\n\n<p>Al respecto del&nbsp;<strong>robo a casa habitaci\u00f3n<\/strong>, los reportes indican que estos cr\u00edmenes sufrieron un decremento durante el tiempo de cuarentena, ya que de siete pasaron a tres cada 24 horas; sin embargo, actualmente el promedio comenz\u00f3 a elevarse nuevamente al situarse&nbsp;<strong>en por lo menos cinco al d\u00eda.<\/strong><\/p>\n\n\n\n<p><strong>En el caso de los negocios<\/strong>, el panorama no fue muy distinto al de los dem\u00e1s, ya que hasta el primer semestre del 2020 se abrieron dos mil 417 carpetas de investigaci\u00f3n, de las cuales en el 64.2% (mil 553) ocurrieron con violencia.<\/p>\n\n\n\n<h2 class=\"wp-block-heading\"><strong>Lanzan Operativo Ori\u00f3n contra la violencia<\/strong><\/h2>\n\n\n\n<p>Alberto Capella Ibarra, titular de la Secretar\u00eda de Seguridad P\u00fablica de Quintana Roo indic\u00f3 que el&nbsp;<strong>panorama adverso ocasionado por la pandemia puede ocasionar aumento en la incidencia delictiva<\/strong>, por lo que se decidi\u00f3 implementar el&nbsp;<strong>Operativo Ori\u00f3n<\/strong>, que consiste en establecer redes de cooperaci\u00f3n con cadenas de tiendas de autoservicio para difundir los rostros de los presuntos responsables de los hechos de robo.<\/p>\n\n\n\n<blockquote class=\"wp-block-quote is-layout-flow wp-block-quote-is-layout-flow\"><p>\u201cHemos tenido resultados, con muy buenas detenciones. Anteriormente, al no existir una colaboraci\u00f3n con farmacias y tiendas, no pod\u00edamos exhibir esas im\u00e1genes, pero despu\u00e9s del acuerdo hemos podido avanzar, estableciendo un mecanismo de comunicaci\u00f3n inmediata. En junio del a\u00f1o en curso se registraron 150 robos a estos establecimientos, contra 310 ocurridos en junio del 2019, lo que da cuenta de esta disminuci\u00f3n\u201d, dijo.<\/p><\/blockquote>\n\n\n\n<h2 class=\"wp-block-heading\"><strong>Negocios invierten hasta 30% de sus ganancias en fortalecer sus medidas de seguridad<\/strong><\/h2>\n\n\n\n<p>Sin embargo, las&nbsp;<strong>acciones de la dependencia estatal no son suficientes<\/strong>&nbsp;para don Ra\u00fal, due\u00f1o de una tienda de abarrotes en Paseos del Mar quien en plena contingencia tuvo que abrir su negocio a personas ajenas para la instalaci\u00f3n de c\u00e1maras de seguridad.<\/p>\n\n\n\n<figure class=\"wp-block-image\"><a href=\"https:\/\/images.sipse.com\/I2vCfJcBeE3mEvsS691yeKBmlWs=\/fit-in\/900x500\/2020\/08\/30\/1598765379738.jpg\"><img decoding=\"async\" src=\"https:\/\/images.sipse.com\/chF7yAmF5eng-ScFNfxObPIcWpw=\/fit-in\/580x500\/2020\/08\/30\/1598765379738.jpg\" alt=\"\"\/><\/a><\/figure>\n\n\n\n<p>(Pxhere)<\/p>\n\n\n\n<p>Aunque su negocio ya contaba con seis des estos art\u00edculos, la p\u00e9rdida de empleos y la inseguridad de la zona (clasificada como una de las de mayor incidencia delictiva de Canc\u00fan) reafirmaron su decisi\u00f3n.<\/p>\n\n\n\n<blockquote class=\"wp-block-quote is-layout-flow wp-block-quote-is-layout-flow\"><p>\u201cTuvimos que hacerlo, en una semana sobre nuestra avenida ocurrieron dos robos a otras tiendas, mientras que mi vecino, que tiene un taller de motocicletas, lo amenazaron por tel\u00e9fono, le dijeron que lo iban a secuestrar sino daba dinero, entonces mejor prevenir antes que algo ocurra\u201d, dijo.<\/p><\/blockquote>\n\n\n\n<p>El entrevistado se\u00f1al\u00f3 que la compra e instalaci\u00f3n de las c\u00e1maras de video le cost\u00f3 por lo menos tres d\u00edas de ventas; en este sentido, organismos empresariales como la Confederaci\u00f3n Patronal de la Rep\u00fablica Mexicana (Coparmex) han indicado que en promedio los propietarios de negocios&nbsp;<strong>destinan entre 15 y 30% de sus ganancias en fortalecer las medidas de seguridad<\/strong>.<\/p>\n\n\n\n<p>Ante esta situaci\u00f3n muchos han decidido mejor bajar sus cortinas de manera permanente, pero don Ra\u00fal afirma que no puede abandonar el que ha sido su sue\u00f1o, tener un negocio propio.<\/p>\n\n\n\n<blockquote class=\"wp-block-quote is-layout-flow wp-block-quote-is-layout-flow\"><p><strong>\u201c\u00bfSi cierro de qu\u00e9 me voy a mantener? A mi edad ya no me contratan en ninguna parte<\/strong>, yo todav\u00eda tengo responsabilidades con mi familia, tengo que ver por mis hijos, cerrar no es opci\u00f3n, aunque la venta ha sido poca, para la comida no falta\u201d, afirma mientras se asoma por la cortina de su negocio, vigilando qui\u00e9n pasa o si hay alguna persona sospechosa.<\/p><\/blockquote>\n\n\n\n<p><strong>Fuente:<\/strong>&nbsp;SIPSE<br><br><\/p>\n","protected":false},"excerpt":{"rendered":"<p>El&nbsp;recrudecimiento de la violencia dentro y fuera del hogar&nbsp;es uno de los saldos que dej\u00f3 la pandemia del Covid-19. En casa, los riesgos para la mujer incrementaron, mientras que en la calle las familias se convirtieron en presa de los asaltantes. El confinamiento impuesto a ra\u00edz de la pandemia por COVID-19 ocasion\u00f3 que el servicio [&hellip;]<\/p>\n","protected":false},"author":2,"featured_media":82837,"comment_status":"open","ping_status":"open","sticky":false,"template":"","format":"standard","meta":{"footnotes":""},"categories":[60],"tags":[],"class_list":["post-82836","post","type-post","status-publish","format-standard","has-post-thumbnail","hentry","category-estatales"],"_links":{"self":[{"href":"http:\/\/elcuartopoder.com.mx\/nw\/wp-json\/wp\/v2\/posts\/82836","targetHints":{"allow":["GET"]}}],"collection":[{"href":"http:\/\/elcuartopoder.com.mx\/nw\/wp-json\/wp\/v2\/posts"}],"about":[{"href":"http:\/\/elcuartopoder.com.mx\/nw\/wp-json\/wp\/v2\/types\/post"}],"author":[{"embeddable":true,"href":"http:\/\/elcuartopoder.com.mx\/nw\/wp-json\/wp\/v2\/users\/2"}],"replies":[{"embeddable":true,"href":"http:\/\/elcuartopoder.com.mx\/nw\/wp-json\/wp\/v2\/comments?post=82836"}],"version-history":[{"count":1,"href":"http:\/\/elcuartopoder.com.mx\/nw\/wp-json\/wp\/v2\/posts\/82836\/revisions"}],"predecessor-version":[{"id":82838,"href":"http:\/\/elcuartopoder.com.mx\/nw\/wp-json\/wp\/v2\/posts\/82836\/revisions\/82838"}],"wp:featuredmedia":[{"embeddable":true,"href":"http:\/\/elcuartopoder.com.mx\/nw\/wp-json\/wp\/v2\/media\/82837"}],"wp:attachment":[{"href":"http:\/\/elcuartopoder.com.mx\/nw\/wp-json\/wp\/v2\/media?parent=82836"}],"wp:term":[{"taxonomy":"category","embeddable":true,"href":"http:\/\/elcuartopoder.com.mx\/nw\/wp-json\/wp\/v2\/categories?post=82836"},{"taxonomy":"post_tag","embeddable":true,"href":"http:\/\/elcuartopoder.com.mx\/nw\/wp-json\/wp\/v2\/tags?post=82836"}],"curies":[{"name":"wp","href":"https:\/\/api.w.org\/{rel}","templated":true}]}}