{"id":82842,"date":"2020-08-31T11:10:54","date_gmt":"2020-08-31T16:10:54","guid":{"rendered":"http:\/\/elcuartopoder.com.mx\/nw\/?p=82842"},"modified":"2020-08-31T11:10:57","modified_gmt":"2020-08-31T16:10:57","slug":"barcelona-regresara-a-entrenamientos-con-17-ausencias","status":"publish","type":"post","link":"http:\/\/elcuartopoder.com.mx\/nw\/entretenimiento\/deportes\/barcelona-regresara-a-entrenamientos-con-17-ausencias\/","title":{"rendered":"Barcelona regresar\u00e1 a entrenamientos con 17 ausencias"},"content":{"rendered":"\n<p>El FC Barcelona se prepara para iniciar la pretemporada de cara a la temporada 2020\/2021, por lo que los miembros de la plantilla se presentaron a la Ciudad Deportiva para realizarse pruebas de COVID-19.<\/p>\n\n\n\n<p>El conjunto catal\u00e1n tiene pronosticado iniciar entrenamientos a inicios de esta semana, sin embargo, contar\u00e1 con 17 ausencias, incluida la del argentino Lionel Messi tiene en mente salir del equipo.<\/p>\n\n\n\n<p>A las pruebas de coronavirus no se present\u00f3 el arquero Marc Ter Stegen, que contin\u00faa recuper\u00e1ndose de una lesi\u00f3n, mientras que Pjanic contin\u00faa aislado por haber dado positivo a COVID-19 en d\u00edas pasados.<\/p>\n\n\n\n<p>Por otra parte, Coutinho, que vuelve al club tras una cesi\u00f3n en el Bayern M\u00fanich,&nbsp;recibi\u00f3 un permiso especial para continuar de vacaciones tras haber disputado la final de la Champions League el pasado 23 de agosto.&nbsp;<\/p>\n\n\n\n<p>Adem\u00e1s de dichos jugadores, Ronald Koeman no podr\u00e1 contar con\u00a0De Jong, Sergio Busquets, Lenglet, Griezmann, Trincao, Semedo, Braithwaite, Ansu Fati, Pe\u00f1a, Riqui Puig, Miranda, Carles Ale\u00f1\u00e1 y Pedri\u00a0porque tienen compromisos\u00a0con sus respectivos combinados nacionales absolutos o Sub-21.<\/p>\n\n\n\n<p><strong>Fuente:<\/strong> XEU<\/p>\n","protected":false},"excerpt":{"rendered":"<p>El FC Barcelona se prepara para iniciar la pretemporada de cara a la temporada 2020\/2021, por lo que los miembros de la plantilla se presentaron a la Ciudad Deportiva para realizarse pruebas de COVID-19. El conjunto catal\u00e1n tiene pronosticado iniciar entrenamientos a inicios de esta semana, sin embargo, contar\u00e1 con 17 ausencias, incluida la del [&hellip;]<\/p>\n","protected":false},"author":2,"featured_media":82843,"comment_status":"open","ping_status":"open","sticky":false,"template":"","format":"standard","meta":{"footnotes":""},"categories":[7],"tags":[],"class_list":["post-82842","post","type-post","status-publish","format-standard","has-post-thumbnail","hentry","category-deportes"],"_links":{"self":[{"href":"http:\/\/elcuartopoder.com.mx\/nw\/wp-json\/wp\/v2\/posts\/82842","targetHints":{"allow":["GET"]}}],"collection":[{"href":"http:\/\/elcuartopoder.com.mx\/nw\/wp-json\/wp\/v2\/posts"}],"about":[{"href":"http:\/\/elcuartopoder.com.mx\/nw\/wp-json\/wp\/v2\/types\/post"}],"author":[{"embeddable":true,"href":"http:\/\/elcuartopoder.com.mx\/nw\/wp-json\/wp\/v2\/users\/2"}],"replies":[{"embeddable":true,"href":"http:\/\/elcuartopoder.com.mx\/nw\/wp-json\/wp\/v2\/comments?post=82842"}],"version-history":[{"count":1,"href":"http:\/\/elcuartopoder.com.mx\/nw\/wp-json\/wp\/v2\/posts\/82842\/revisions"}],"predecessor-version":[{"id":82844,"href":"http:\/\/elcuartopoder.com.mx\/nw\/wp-json\/wp\/v2\/posts\/82842\/revisions\/82844"}],"wp:featuredmedia":[{"embeddable":true,"href":"http:\/\/elcuartopoder.com.mx\/nw\/wp-json\/wp\/v2\/media\/82843"}],"wp:attachment":[{"href":"http:\/\/elcuartopoder.com.mx\/nw\/wp-json\/wp\/v2\/media?parent=82842"}],"wp:term":[{"taxonomy":"category","embeddable":true,"href":"http:\/\/elcuartopoder.com.mx\/nw\/wp-json\/wp\/v2\/categories?post=82842"},{"taxonomy":"post_tag","embeddable":true,"href":"http:\/\/elcuartopoder.com.mx\/nw\/wp-json\/wp\/v2\/tags?post=82842"}],"curies":[{"name":"wp","href":"https:\/\/api.w.org\/{rel}","templated":true}]}}