{"id":82851,"date":"2020-08-31T11:44:16","date_gmt":"2020-08-31T16:44:16","guid":{"rendered":"http:\/\/elcuartopoder.com.mx\/nw\/?p=82851"},"modified":"2020-08-31T11:45:05","modified_gmt":"2020-08-31T16:45:05","slug":"quien-es-mauricio-toledo-le-dio-mayoria-al-pt-pero-el-diputado-suma-una-larga-lista-de-acusaciones","status":"publish","type":"post","link":"http:\/\/elcuartopoder.com.mx\/nw\/politica\/quien-es-mauricio-toledo-le-dio-mayoria-al-pt-pero-el-diputado-suma-una-larga-lista-de-acusaciones\/","title":{"rendered":"Qui\u00e9n es Mauricio Toledo: le dio mayor\u00eda al PT, pero el diputado suma una larga lista de acusaciones"},"content":{"rendered":"\n<p><strong>La pelea por la direcci\u00f3n de la mesa directiva de la C\u00e1mara de Diputados<\/strong>, ha llevado al Partido del Trabajo (PT) a seguir incorporando a sus filas a legisladores de otras agrupaciones pol\u00edticas y de esa manera, arrebatarle al Partido Revolucionario Institucional (PRI), la posibilidad de presidir San L\u00e1zaro a partir del 1 de septiembre, al convertirse en la tercera fuerza pol\u00edtica.<\/p>\n\n\n\n<p>Este viernes 28 de agosto se sumaron a la bancada petista, el exmorenista&nbsp;<strong>Manuel L\u00f3pez Castillo<\/strong>; del expesista&nbsp;<strong>Jos\u00e9 \u00c1ngel P\u00e9rez<\/strong>, as\u00ed como los experredistas&nbsp;<strong>H\u00e9ctor Serrano<\/strong>&nbsp;y&nbsp;<strong>Mauricio Toledo<\/strong>.<\/p>\n\n\n\n<p><strong>La incorporaci\u00f3n de este \u00faltimo caus\u00f3 una gran indignaci\u00f3n entre el Movimiento de Regeneraci\u00f3n Nacional (Morena)<\/strong>, al asegurar que sus aliados pol\u00edticos est\u00e1n \u201cdesesperados\u201d, de no tener \u00e9tica y de llevarse a \u201clo peor de la pol\u00edtica capitalina\u201d;&nbsp;<strong>todo con la finalidad de que Gerardo Fern\u00e1ndez Noro\u00f1a presida la mesa directiva.<\/strong><\/p>\n\n\n\n<p>El dirigente interino de Morena, Alfonso Ram\u00edrez Cu\u00e9llar escribi\u00f3 en su red social Twitter. \u201cCompa\u00f1eros del @PTnacionalMX, es tanta la desesperaci\u00f3n por tener la Mesa Directiva de @Mx_Diputados, que han incorporado a sus filas al porro Mauricio \u201cEl Tomate\u201d Toledo, uno de los peores enemigos de la #4T\u201d.<\/p>\n\n\n\n<p>Pero adem\u00e1s, con estos movimientos, el partido fundado por el presidente Andr\u00e9s Manuel L\u00f3pez Obrador est\u00e1 en riesgo de perder la mayor\u00eda absoluta (251) en la C\u00e1mara de Diputados y, con ello, la presidencia de la Junta de Coordinaci\u00f3n Pol\u00edtica (Jucopo), debido a que s\u00f3lo se quedar\u00eda con 250 legisladores.<\/p>\n\n\n\n<p><strong>\u00bfQui\u00e9n es Mauricio Toledo?<\/strong><\/p>\n\n\n\n<figure class=\"wp-block-image\"><img decoding=\"async\" src=\"https:\/\/www.infobae.com\/new-resizer\/k8ze4y7vwvTqwBOfQ5gCG9vnIS0=\/420x315\/filters:format(jpg):quality(85)\/\/cloudfront-us-east-1.images.arcpublishing.com\/infobae\/NIGZ4T736VDHBL7D647FACG4QA.jfif\" alt=\"Mauricio Toledo se sum\u00f3 a las filas del PT en la C\u00e1mara de Diputados (Foto:@mauriciotoledog)\"\/><\/figure>\n\n\n\n<p>Mauricio Toledo se sum\u00f3 a las filas del PT en la C\u00e1mara de Diputados (Foto:@mauriciotoledog)<\/p>\n\n\n\n<p><strong>Mauricio Alonso Toledo Guti\u00e9rrez<\/strong>, de 40 a\u00f1os de edad, es uno de los pol\u00edticos m\u00e1s pol\u00e9micos en la capital del pa\u00eds y&nbsp;<strong>sobre \u00e9l pesan una larga lista de acusaciones.<\/strong><\/p>\n\n\n\n<p>Es egresado de la Facultad de Derecho de la Universidad Nacional Aut\u00f3noma de M\u00e9xico (UNAM), pero no se titul\u00f3. En 1994 se afili\u00f3 al PRD e inici\u00f3 su carrera pol\u00edtica como asesor de senadores y diputados.<\/p>\n\n\n\n<p>En 2001 form\u00f3 parte del Consejo Nacional del PRD como secretario de asuntos juveniles del Comit\u00e9 Ejecutivo Nacional.<\/p>\n\n\n\n<p><strong>Ha sido diputado en la Ciudad de M\u00e9xico y tambi\u00e9n diputado federal. Fue electo como Jefe Delegacional (hoy alcalde) en Coyoac\u00e1n para el per\u00edodo 2012-2015.<\/strong>&nbsp;Durante el proceso, Gerardo Villanueva Albarr\u00e1n, quien tambi\u00e9n era aspirante del Sol Azteca a dirigir Coyoac\u00e1n, lo se\u00f1al\u00f3 en marzo del 2012 de ser un candidato impuesto.<\/p>\n\n\n\n<p>Se trataba de la primera acusaci\u00f3n en contra de Mauricio Toledo. Ya&nbsp;<strong>durante su administraci\u00f3n en Coyoac\u00e1n, el Partido Acci\u00f3n Nacional (PAN) pidi\u00f3 una sanci\u00f3n en contra de Toledo (febrero de 2013) por la presunta extorsi\u00f3n a empresarios.<\/strong><\/p>\n\n\n\n<p>El abogado Rodo Reus, representante de la inmobiliaria EGZN Arquitectura,&nbsp;<strong>acus\u00f3 a Toledo Guti\u00e9rrez de exigir 1. 6 millones de pesos&nbsp;<\/strong>a cambio de no cerrar una construcci\u00f3n en C\u00e9firo 120, que constaba de 120 departamentos y cinco torres.<\/p>\n\n\n\n<p>Dos meses despu\u00e9s, el empresario Manuel Dacosta Aldir&nbsp;<strong>denunci\u00f3 a Toledo por exigirle un mill\u00f3n de pesos&nbsp;<\/strong>para la reapertura de una gasolinera en la Escuela Naval Militar. Toledo habr\u00eda pedido el 25% del valor el negocio, de acuerdo con el empresario.<\/p>\n\n\n\n<p>Dacosta dijo contar con los permisos del Gobierno Federal, pero que el Jefe delegacional le imped\u00eda abrir la gasolinera. Por esta acusaci\u00f3n, Eduardo Ram\u00edrez Vallejo, quien se hab\u00eda desempe\u00f1ado como Secretario Particular de Mauricio Toledo, fue consignado por cohecho el 18 de junio de ese 2013.<\/p>\n\n\n\n<figure class=\"wp-block-image\"><img decoding=\"async\" src=\"https:\/\/www.infobae.com\/new-resizer\/Lq8Qq_A-Z1zf10fMe0_cNWTy5Y4=\/420x280\/filters:format(jpg):quality(85)\/\/cloudfront-us-east-1.images.arcpublishing.com\/infobae\/WLXQQLQZ2NHCZERIQFLYCVJQLE.jpg\" alt=\"Mauricio Toledo (Foto:@mauriciotoledog)\"\/><\/figure>\n\n\n\n<p>Mauricio Toledo (Foto:@mauriciotoledog)<\/p>\n\n\n\n<p>En abril del 2013, vecinos de la colonia CTM Culhuac\u00e1n, en Coyoac\u00e1n,&nbsp;<strong>acusaron al delegado Mauricio Toledo de haber mandado golpeadores a agredirlos<\/strong>, debido a que hab\u00edan mantenido una batalla con la autoridad local por la falta del servicio de agua.<\/p>\n\n\n\n<p>El 29 de abril de 2015, el propio Villanueva Albarr\u00e1n, como Diputado local por Coyoac\u00e1n, denunci\u00f3 que&nbsp;<strong>tres simpatizantes de Morena fueron agredidos f\u00edsicamente por sujetos a quienes se identific\u00f3 como gente cercana a Mauricio Toledo,<\/strong>&nbsp;entonces jefe delegacional con licencia de la demarcaci\u00f3n.<\/p>\n\n\n\n<p>Una vez terminado su periodo como delegado, Toledo se convirti\u00f3 en diputado de la Asamblea Legislativa del Distrito Federal, (hoy Congreso de la Ciudad de M\u00e9xico) para el per\u00edodo 2015-2018.<\/p>\n\n\n\n<p><strong>Las acusaciones en contra de Mauricio Toledo de usar a grupos de golpeadores en Coyoac\u00e1n se siguieron sumando.<\/strong><\/p>\n\n\n\n<p>El 15 de diciembre de 2017,&nbsp;<strong>tres reporteros fueron agredidos en el jard\u00edn Hidalgo donde Andr\u00e9s Manuel L\u00f3pez Obrador pretend\u00eda llevar a cabo un mitin de Morena en la Delegaci\u00f3n Coyoac\u00e1n.<\/strong><\/p>\n\n\n\n<p>Posteriormente, el 03 de enero de 2018,&nbsp;<strong>un grupo de personas, presuntos seguidores de Mauricio Toledo, irrumpi\u00f3 en un acto de precampa\u00f1a en Coyoac\u00e1n de la entonces aspirante de Morena al gobierno capitalino, Claudia Sheinbaum.<\/strong><\/p>\n\n\n\n<p>\u201cLa agresi\u00f3n que recibimos en Coyoac\u00e1n por sujetos del PRD y la delegaci\u00f3n es inaceptable. Pero no nos van a doblegar. Somos millones que haremos historia en la ciudad y en el pa\u00eds\u201d, escribi\u00f3 Sheinbaum en Twitter.<\/p>\n\n\n\n<p>C\u00e9sar Cravioto Romero, entonces coordinador del Grupo Parlamentario de Morena&nbsp;<strong>acus\u00f3 a Mauricio Toledo de ser uno de los autores intelectuales de dichas agresiones.<\/strong><\/p>\n\n\n\n<p>Sin embargo, el 18 de febrero de 2019,&nbsp;<strong>la direcci\u00f3n colegiada del PRD anunci\u00f3 su decisi\u00f3n de expulsar de sus filas al diputado federal, Mauricio Toledo, luego de que el legislador anunci\u00f3 que apoyar\u00e1 las iniciativas legislativas de Morena.<\/strong><\/p>\n\n\n\n<p>Ahora, con la incorporaci\u00f3n de Toledo Guti\u00e9rrez a las filas del PT, la diputada de Movimiento Ciudadano (MC),&nbsp;<strong>Martha Tagle<\/strong>, escribi\u00f3 en Twitter:&nbsp;<strong>\u201cGran fichaje el del PT, se lleva puras fichitas, todo sea por imponerse. Ser\u00e1 interesante saber de cu\u00e1nto fue la adquisici\u00f3n. Insisto, traficar diputados para hacerse la 3a fuerza no garantiza que alcancen la mayor\u00eda de 2\/3 que se requiere para elegir la mesa directiva\u201d<\/strong>, asegur\u00f3.<\/p>\n\n\n\n<p><strong>Fuente: <\/strong>infobae<\/p>\n","protected":false},"excerpt":{"rendered":"<p>La pelea por la direcci\u00f3n de la mesa directiva de la C\u00e1mara de Diputados, ha llevado al Partido del Trabajo (PT) a seguir incorporando a sus filas a legisladores de otras agrupaciones pol\u00edticas y de esa manera, arrebatarle al Partido Revolucionario Institucional (PRI), la posibilidad de presidir San L\u00e1zaro a partir del 1 de septiembre, [&hellip;]<\/p>\n","protected":false},"author":2,"featured_media":82852,"comment_status":"open","ping_status":"open","sticky":false,"template":"","format":"standard","meta":{"footnotes":""},"categories":[61],"tags":[],"class_list":["post-82851","post","type-post","status-publish","format-standard","has-post-thumbnail","hentry","category-politica"],"_links":{"self":[{"href":"http:\/\/elcuartopoder.com.mx\/nw\/wp-json\/wp\/v2\/posts\/82851","targetHints":{"allow":["GET"]}}],"collection":[{"href":"http:\/\/elcuartopoder.com.mx\/nw\/wp-json\/wp\/v2\/posts"}],"about":[{"href":"http:\/\/elcuartopoder.com.mx\/nw\/wp-json\/wp\/v2\/types\/post"}],"author":[{"embeddable":true,"href":"http:\/\/elcuartopoder.com.mx\/nw\/wp-json\/wp\/v2\/users\/2"}],"replies":[{"embeddable":true,"href":"http:\/\/elcuartopoder.com.mx\/nw\/wp-json\/wp\/v2\/comments?post=82851"}],"version-history":[{"count":2,"href":"http:\/\/elcuartopoder.com.mx\/nw\/wp-json\/wp\/v2\/posts\/82851\/revisions"}],"predecessor-version":[{"id":82854,"href":"http:\/\/elcuartopoder.com.mx\/nw\/wp-json\/wp\/v2\/posts\/82851\/revisions\/82854"}],"wp:featuredmedia":[{"embeddable":true,"href":"http:\/\/elcuartopoder.com.mx\/nw\/wp-json\/wp\/v2\/media\/82852"}],"wp:attachment":[{"href":"http:\/\/elcuartopoder.com.mx\/nw\/wp-json\/wp\/v2\/media?parent=82851"}],"wp:term":[{"taxonomy":"category","embeddable":true,"href":"http:\/\/elcuartopoder.com.mx\/nw\/wp-json\/wp\/v2\/categories?post=82851"},{"taxonomy":"post_tag","embeddable":true,"href":"http:\/\/elcuartopoder.com.mx\/nw\/wp-json\/wp\/v2\/tags?post=82851"}],"curies":[{"name":"wp","href":"https:\/\/api.w.org\/{rel}","templated":true}]}}