{"id":82865,"date":"2020-08-31T12:44:15","date_gmt":"2020-08-31T17:44:15","guid":{"rendered":"http:\/\/elcuartopoder.com.mx\/nw\/?p=82865"},"modified":"2020-08-31T12:44:18","modified_gmt":"2020-08-31T17:44:18","slug":"ninos-pueden-expulsar-el-sars-cov-2-durante-semanas-aunque-no-tengan-sintomas-cientificos","status":"publish","type":"post","link":"http:\/\/elcuartopoder.com.mx\/nw\/entretenimiento\/salud\/ninos-pueden-expulsar-el-sars-cov-2-durante-semanas-aunque-no-tengan-sintomas-cientificos\/","title":{"rendered":"Ni\u00f1os pueden expulsar el SARS-CoV-2 durante semanas, aunque no tengan s\u00edntomas: Cient\u00edficos"},"content":{"rendered":"\n<p>Madrid.- <strong>Los ni\u00f1os pueden excretar el coronavirus<\/strong>\u00a0que causa la COVID-19 aunque nunca hayan tenido s\u00edntomas o incluso tiempo despu\u00e9s de que estos hayan desaparecido, seg\u00fan sugiere un nuevo estudio que public\u00f3 el viernes, la revista\u00a0<em>JAMA<\/em>.<\/p>\n\n\n\n<blockquote class=\"wp-block-quote is-layout-flow wp-block-quote-is-layout-flow\"><p>La investigaci\u00f3n, que se realiz\u00f3 con<strong>&nbsp;91 ni\u00f1os en Corea del Sur<\/strong>, se\u00f1ala adem\u00e1s que la duraci\u00f3n de los s\u00edntomas, en aquellos que s\u00ed los presentaban, \u201cvari\u00f3 ampliamente\u201d, desde tres d\u00edas hasta casi tres semanas.<\/p><\/blockquote>\n\n\n\n<p>Adem\u00e1s hubo una diferencia considerable de los resultados en cuanto al tiempo que los ni\u00f1os continuaban expulsando el virus y \u201cpodr\u00edan ser potencialmente infecciosos\u201d, indica en un comunicado el Chindren\u2019s National Hospital de Washington, a quien la revista le pidi\u00f3 un comentario sobre el estudio.<\/p>\n\n\n\n<blockquote class=\"wp-block-quote is-layout-flow wp-block-quote-is-layout-flow\"><p>As\u00ed, mientras el virus fue detectable durante un promedio de unas dos semanas y media en todo el grupo, \u201cuna proporci\u00f3n significativa\u201d de ni\u00f1os, alrededor de una quinta parte de los asintom\u00e1ticos y cerca de la mitad de los sintom\u00e1ticos, segu\u00edan expulsando el virus a las tres semanas.<\/p><\/blockquote>\n\n\n\n<figure class=\"wp-block-image\"><img decoding=\"async\" src=\"https:\/\/www.sinembargo.mx\/wp-content\/uploads\/2020\/08\/covid-ninos.jpg\" alt=\"\" class=\"wp-image-3850594\"\/><\/figure>\n\n\n\n<p>Estudiantes alemanes en su regreso a clases. Foto: Jens Buettner, AP.<\/p>\n\n\n\n<p>El trabajo se realiz\u00f3 entre febrero y marzo pasados con pacientes menores de 19 a\u00f1os -la edad media fue de once-, a los que se sigui\u00f3 durante tres semanas en 22 hospitales de Corea del Sur, donde los que dan positivo en un test de COVID-19 permanecen ingresados aunque sean asintom\u00e1ticos.<\/p>\n\n\n\n<p>El comentario que acompa\u00f1a al estudio considera que este aporta algunos puntos importantes que a\u00f1adir al conocimiento de base sobre la COVID-19 en ni\u00f1os, entre ellos el \u201cgran n\u00famero\u201d de pacientes asintom\u00e1ticos, cerca de una quinta parte del grupo.<\/p>\n\n\n\n<p>Los datos indican que alrededor del 22 por ciento nunca desarroll\u00f3 s\u00edntomas; el 20 por ciento fue inicialmente asintom\u00e1tico pero los desarroll\u00f3 m\u00e1s tarde, y el 58 por ciento fue sintom\u00e1tico en la prueba inicial. A lo largo del estudio el grupo fue sometido a test cada tres d\u00edas como media.<\/p>\n\n\n\n<p>Otros datos relevantes son que la duraci\u00f3n de los s\u00edntomas \u201cvar\u00eda ampliamente\u201d y algunos pueden permanecer semanas, aunque la media fue de 13 d\u00edas.<\/p>\n\n\n\n<blockquote class=\"wp-block-quote is-layout-flow wp-block-quote-is-layout-flow\"><p>El comentario de la revista tambi\u00e9n destaca que incluso los asintom\u00e1ticos \u201ccontin\u00faan excretando virus durante mucho tiempo tras la prueba inicial, lo que hace de ellos posibles vectores\u201d.<\/p><\/blockquote>\n\n\n\n<figure class=\"wp-block-image\"><img decoding=\"async\" src=\"https:\/\/www.sinembargo.mx\/wp-content\/uploads\/2020\/08\/covid-12.jpeg\" alt=\"\" class=\"wp-image-3850599\"\/><\/figure>\n\n\n\n<p>Ni\u00f1os pasean en el Centro Hist\u00f3rico de la Ciudad de M\u00e9xico. Foto: Magdalena Montiel, Cuartoscuro.<\/p>\n\n\n\n<p>A los ni\u00f1os con infecciones respiratorias de las v\u00edas altas se les detect\u00f3 ARN viral durante una media 18.7 d\u00edas; a aquellos con infecciones de las v\u00edas bajas durante 19.9 d\u00edas y entre los asintom\u00e1ticos se pudo detectar durante una media de 14.1 d\u00edas.<\/p>\n\n\n\n<p>Sin embargo, el estudio advierte de que, en este caso, la detecci\u00f3n de ARN del virus en muestras respiratorias \u201cno implica necesariamente la presencia de un virus viable\u201d.<\/p>\n\n\n\n<p>En cuanto a la gravedad de la enfermedad entre los ni\u00f1os con s\u00edntomas, el informe indica que un 65 por ciento fueron casos leves; 28 por ciento moderados y un 3 por ciento graves, aunque de estos \u00faltimos ninguno necesit\u00f3 ventilaci\u00f3n mec\u00e1nica.<\/p>\n\n\n\n<blockquote class=\"wp-block-quote is-layout-flow wp-block-quote-is-layout-flow\"><p>Los ni\u00f1os presentaron una \u201camplia gama\u201d de s\u00edntomas, entre ellos respiratorios (60 por ciento); gastrointestinales (18 por ciento), fiebre (30 por ciento); febr\u00edcula (39 por ciento) y p\u00e9rdida del olfato o el gusto (16 por ciento).<\/p><\/blockquote>\n\n\n\n<p>Los expertos que comentaron la investigaci\u00f3n destacaron algunas limitaciones, como que solo se analiz\u00f3 la excreci\u00f3n del virus de las v\u00edas respiratorias, aunque varios estudios lo han detectado en otros fluidos corporales, incluidas las heces.<\/p>\n\n\n\n<p>Adem\u00e1s, se refieren al v\u00ednculo entre las pruebas y la transmisi\u00f3n, pues un positivo o negativo puede no reflejar necesariamente infecciosidad, ya que \u201calgunos positivos reflejan trozos de material gen\u00e9tico que tal vez no puedan enfermar a alguien o los negativos reflejan bajos niveles de virus que pueden seguir siendo infecciosos\u201d.<\/p>\n\n\n\n<p><strong>Fuente: <\/strong>sinembargo<\/p>\n","protected":false},"excerpt":{"rendered":"<p>Madrid.- Los ni\u00f1os pueden excretar el coronavirus\u00a0que causa la COVID-19 aunque nunca hayan tenido s\u00edntomas o incluso tiempo despu\u00e9s de que estos hayan desaparecido, seg\u00fan sugiere un nuevo estudio que public\u00f3 el viernes, la revista\u00a0JAMA. La investigaci\u00f3n, que se realiz\u00f3 con&nbsp;91 ni\u00f1os en Corea del Sur, se\u00f1ala adem\u00e1s que la duraci\u00f3n de los s\u00edntomas, en [&hellip;]<\/p>\n","protected":false},"author":2,"featured_media":82866,"comment_status":"open","ping_status":"open","sticky":false,"template":"","format":"standard","meta":{"footnotes":""},"categories":[56],"tags":[],"class_list":["post-82865","post","type-post","status-publish","format-standard","has-post-thumbnail","hentry","category-salud"],"_links":{"self":[{"href":"http:\/\/elcuartopoder.com.mx\/nw\/wp-json\/wp\/v2\/posts\/82865","targetHints":{"allow":["GET"]}}],"collection":[{"href":"http:\/\/elcuartopoder.com.mx\/nw\/wp-json\/wp\/v2\/posts"}],"about":[{"href":"http:\/\/elcuartopoder.com.mx\/nw\/wp-json\/wp\/v2\/types\/post"}],"author":[{"embeddable":true,"href":"http:\/\/elcuartopoder.com.mx\/nw\/wp-json\/wp\/v2\/users\/2"}],"replies":[{"embeddable":true,"href":"http:\/\/elcuartopoder.com.mx\/nw\/wp-json\/wp\/v2\/comments?post=82865"}],"version-history":[{"count":1,"href":"http:\/\/elcuartopoder.com.mx\/nw\/wp-json\/wp\/v2\/posts\/82865\/revisions"}],"predecessor-version":[{"id":82867,"href":"http:\/\/elcuartopoder.com.mx\/nw\/wp-json\/wp\/v2\/posts\/82865\/revisions\/82867"}],"wp:featuredmedia":[{"embeddable":true,"href":"http:\/\/elcuartopoder.com.mx\/nw\/wp-json\/wp\/v2\/media\/82866"}],"wp:attachment":[{"href":"http:\/\/elcuartopoder.com.mx\/nw\/wp-json\/wp\/v2\/media?parent=82865"}],"wp:term":[{"taxonomy":"category","embeddable":true,"href":"http:\/\/elcuartopoder.com.mx\/nw\/wp-json\/wp\/v2\/categories?post=82865"},{"taxonomy":"post_tag","embeddable":true,"href":"http:\/\/elcuartopoder.com.mx\/nw\/wp-json\/wp\/v2\/tags?post=82865"}],"curies":[{"name":"wp","href":"https:\/\/api.w.org\/{rel}","templated":true}]}}