{"id":83294,"date":"2020-09-15T09:41:33","date_gmt":"2020-09-15T14:41:33","guid":{"rendered":"http:\/\/elcuartopoder.com.mx\/nw\/?p=83294"},"modified":"2020-09-15T09:41:36","modified_gmt":"2020-09-15T14:41:36","slug":"economia-de-quintana-roo-luce-un-nublado-panorama","status":"publish","type":"post","link":"http:\/\/elcuartopoder.com.mx\/nw\/estatales\/economia-de-quintana-roo-luce-un-nublado-panorama\/","title":{"rendered":"Econom\u00eda de Quintana Roo luce un &#8216;nublado panorama&#8217;"},"content":{"rendered":"\n<p><strong>La pandemia coloc\u00f3 a Quintana Roo en una complicada situaci\u00f3n econ\u00f3mica<\/strong>, ya que hasta el momento se registra un d\u00e9ficit recaudatorio del 42%, equivalente a casi 2 mil 500 millones de pesos.<\/p>\n\n\n\n<p>La titular de la Secretar\u00eda de Finanzas y Planeaci\u00f3n, Yohanet Torres Mu\u00f1oz, explic\u00f3 que a pesar de que la reactivaci\u00f3n econ\u00f3mica de la entidad inici\u00f3 en junio, ha sido<strong>&nbsp;insuficiente para superar la p\u00e9rdida en recaudaci\u00f3n de impuestos<\/strong>&nbsp;que se reporta desde el inicio de la pandemia.<\/p>\n\n\n\n<p><strong>Entre julio y agosto dejaron de ingresar a las arcas estatales m\u00e1s de 420 millones de pesos<\/strong>, mientras que de febrero a junio se perdieron 2 mil 85 millones de pesos por impuestos locales que no se cobraron o participaciones federales que a\u00fan no llegaron.<\/p>\n\n\n\n<p>Se estima que al final del a\u00f1o,<strong>&nbsp;Quintana Roo apenas alcance la mitad de su meta recaudatoria<\/strong>, la cual era de aproximadamente 9 mil millones de pesos.<\/p>\n\n\n\n<h2 class=\"wp-block-heading\">&#8216;Revisar\u00e1n con lupa&#8217; el paquete fiscal 2021<\/h2>\n\n\n\n<p>La titular de la&nbsp;<strong>Secretar\u00eda de Finanzas y Planeaci\u00f3n<\/strong>, Yohanet Torres Mu\u00f1oz, explic\u00f3 que por esta raz\u00f3n el Paquete Fiscal 2021 ser\u00e1 revisado \u201ccon lupa\u201d para hacer frente a esta p\u00e9rdida de recursos.<\/p>\n\n\n\n<h2 class=\"wp-block-heading\">Mantienen las esperanzas en el \u00faltimo trimestre del a\u00f1o<\/h2>\n\n\n\n<p>Sin embargo, manifest\u00f3 tener confianza en que&nbsp;<strong>durante el \u00faltimo trimestre del a\u00f1o la situaci\u00f3n mejore<\/strong>, toda vez que la entidad por fin alcanz\u00f3 el color amarillo en el sem\u00e1foro epidemiol\u00f3gico, permitiendo que se reanuden m\u00e1s negocios relacionados con el turismo.<\/p>\n\n\n\n<p>Cit\u00f3 como ejemplo el caso de las ofertas de alojamiento a trav\u00e9s de plataformas digitales como Airbnb, que entre febrero y junio interrumpi\u00f3 su regularizaci\u00f3n debido a la contingencia sanitaria, pero que a partir de julio se acerc\u00f3 a la Secretar\u00eda de Finanzas para darse de alta y as\u00ed comenzar a pagar impuestos.<\/p>\n\n\n\n<p>En tema aparte, la titular de la Sefiplan explic\u00f3 que si bien el paquete fiscal del Gobierno Federal considera un incremento de 1280% al sector tur\u00edstico de Quintana Roo, en realidad el aumento se debi\u00f3 a que fue incluida la<strong>&nbsp;inversi\u00f3n destinada al Tren Maya<\/strong>, la cual ser\u00e1 ejercida directamente por la Federaci\u00f3n.<\/p>\n\n\n\n<h2 class=\"wp-block-heading\">No se contempla despedir a ning\u00fan bur\u00f3crata<\/h2>\n\n\n\n<p>A\u00fan con esta complicada situaci\u00f3n financiera, Yohanet Torres asegur\u00f3 que&nbsp;<strong>no se tiene considerado el despido de ning\u00fan bur\u00f3crata estatal.<\/strong><\/p>\n\n\n\n<p>Sobre el caso de\u00a0<strong>10 trabajadores que aseguraron haber sido dados de baja recientemente<\/strong>, la titular de la Sefiplan explic\u00f3 que se trata de personas cuyos servicios fueron adquiridos por contrato durante un periodo de seis meses, el cual concluy\u00f3 en este mes.<\/p>\n\n\n\n<p><strong>Fuente:<\/strong> SIPSE<\/p>\n","protected":false},"excerpt":{"rendered":"<p>La pandemia coloc\u00f3 a Quintana Roo en una complicada situaci\u00f3n econ\u00f3mica, ya que hasta el momento se registra un d\u00e9ficit recaudatorio del 42%, equivalente a casi 2 mil 500 millones de pesos. La titular de la Secretar\u00eda de Finanzas y Planeaci\u00f3n, Yohanet Torres Mu\u00f1oz, explic\u00f3 que a pesar de que la reactivaci\u00f3n econ\u00f3mica de la [&hellip;]<\/p>\n","protected":false},"author":2,"featured_media":83295,"comment_status":"open","ping_status":"open","sticky":false,"template":"","format":"standard","meta":{"footnotes":""},"categories":[60],"tags":[],"class_list":["post-83294","post","type-post","status-publish","format-standard","has-post-thumbnail","hentry","category-estatales"],"_links":{"self":[{"href":"http:\/\/elcuartopoder.com.mx\/nw\/wp-json\/wp\/v2\/posts\/83294","targetHints":{"allow":["GET"]}}],"collection":[{"href":"http:\/\/elcuartopoder.com.mx\/nw\/wp-json\/wp\/v2\/posts"}],"about":[{"href":"http:\/\/elcuartopoder.com.mx\/nw\/wp-json\/wp\/v2\/types\/post"}],"author":[{"embeddable":true,"href":"http:\/\/elcuartopoder.com.mx\/nw\/wp-json\/wp\/v2\/users\/2"}],"replies":[{"embeddable":true,"href":"http:\/\/elcuartopoder.com.mx\/nw\/wp-json\/wp\/v2\/comments?post=83294"}],"version-history":[{"count":1,"href":"http:\/\/elcuartopoder.com.mx\/nw\/wp-json\/wp\/v2\/posts\/83294\/revisions"}],"predecessor-version":[{"id":83296,"href":"http:\/\/elcuartopoder.com.mx\/nw\/wp-json\/wp\/v2\/posts\/83294\/revisions\/83296"}],"wp:featuredmedia":[{"embeddable":true,"href":"http:\/\/elcuartopoder.com.mx\/nw\/wp-json\/wp\/v2\/media\/83295"}],"wp:attachment":[{"href":"http:\/\/elcuartopoder.com.mx\/nw\/wp-json\/wp\/v2\/media?parent=83294"}],"wp:term":[{"taxonomy":"category","embeddable":true,"href":"http:\/\/elcuartopoder.com.mx\/nw\/wp-json\/wp\/v2\/categories?post=83294"},{"taxonomy":"post_tag","embeddable":true,"href":"http:\/\/elcuartopoder.com.mx\/nw\/wp-json\/wp\/v2\/tags?post=83294"}],"curies":[{"name":"wp","href":"https:\/\/api.w.org\/{rel}","templated":true}]}}