{"id":83376,"date":"2020-09-19T10:04:01","date_gmt":"2020-09-19T15:04:01","guid":{"rendered":"http:\/\/elcuartopoder.com.mx\/nw\/?p=83376"},"modified":"2020-09-19T10:04:05","modified_gmt":"2020-09-19T15:04:05","slug":"duplantis-bate-el-record-mundial-de-salto-con-pertiga-al-aire-libre-que-tenia-bubka-desde-1994","status":"publish","type":"post","link":"http:\/\/elcuartopoder.com.mx\/nw\/entretenimiento\/deportes\/duplantis-bate-el-record-mundial-de-salto-con-pertiga-al-aire-libre-que-tenia-bubka-desde-1994\/","title":{"rendered":"Duplantis bate el r\u00e9cord mundial de salto con p\u00e9rtiga al aire libre que ten\u00eda Bubka desde 1994"},"content":{"rendered":"\n<p>En el Stadio dei Marmi de Roma, rodeado de las estatuas romanas que representan las grandes haza\u00f1as de los dioses, agarra <strong>Armand Duplantis<\/strong>\u00a0su p\u00e9rtiga de 5 metros y 20 cent\u00edmetros y atacar con la intuici\u00f3n de los inmortales y la frescura del veintea\u00f1ero loco un list\u00f3n situado a 6 metros y 15 cent\u00edmetros, la mayor altura que haya saltado nadie en la historia al aire libre. Falla Mondo su primer intento y sonr\u00ede, p\u00edcaro, ilusionado el sueco-estadounidense, porque \u2013ahora s\u00ed\u2013 sabe que este jueves puede conseguir el r\u00e9cord. Y lo salta en su segundo intento, tan natural, tan \u00e1gil, como si el palo que agarra \u2013y que ha llegado a veces a las 215 libras de dureza\u2013 se doblara obedeciendo nada m\u00e1s las \u00f3rdenes de su mente, emperrada desde este 2020 en desterrar del Olimpo a Sergu\u00e9i Bubka, el ucraniano que en 1994 salt\u00f3 6,14 metros en Sestriere, Italia. \u201cMondo se hab\u00eda puesto entre ceja y ceja este a\u00f1o saltar m\u00e1s que nadie en la historia al aire libre\u201d, explicaba su padre a este peri\u00f3dico hace solo unos d\u00edas durante el mitin de Berl\u00edn. <\/p>\n\n\n\n<figure class=\"wp-block-embed-twitter wp-block-embed is-type-rich is-provider-twitter\"><div class=\"wp-block-embed__wrapper\">\n<blockquote class=\"twitter-tweet\" data-width=\"550\" data-dnt=\"true\"><p lang=\"en\" dir=\"ltr\">6\u20e3.1\u20e35\u20e3<br><br>Outdoors. <a href=\"https:\/\/twitter.com\/hashtag\/RomeDL?src=hash&amp;ref_src=twsrc%5Etfw\">#RomeDL<\/a><br><br>\ud83d\udcf7 <a href=\"https:\/\/twitter.com\/coopsrun?ref_src=twsrc%5Etfw\">@coopsrun<\/a> <a href=\"https:\/\/t.co\/bOFDpFQo1n\">pic.twitter.com\/bOFDpFQo1n<\/a><\/p>&mdash; Wanda Diamond League (@Diamond_League) <a href=\"https:\/\/twitter.com\/Diamond_League\/status\/1306662884978688001?ref_src=twsrc%5Etfw\">September 17, 2020<\/a><\/blockquote><script async src=\"https:\/\/platform.twitter.com\/widgets.js\" charset=\"utf-8\"><\/script>\n<\/div><\/figure>\n\n\n\n<p>Mondo Duplantis ha ganado todas las competiciones este a\u00f1o bajo techo y al aire libre: 15 veces, 15 triunfos. Este invierno bati\u00f3 dos veces el r\u00e9cord del mundo, el 8 de febrero salt\u00f3 6,17 metros en Tor\u00fan, Polonia, y una semana despu\u00e9s, 6,18 metros en Glasgow.<\/p>\n\n\n\n<p>La pandemia quebr\u00f3 todos los planes de Duplantis y de su padre y entrenador: \u201cSi no hubi\u00e9semos tenido esta situaci\u00f3n de la covid, hubiera sido muy dif\u00edcil batirlo en los Juegos Ol\u00edmpicos de Tokio\u201d, explicaba Greg Duplantis. \u201cTodas las instalaciones en Lafayette, la LSU, la universidad donde entrena, cerraron y no nos qued\u00f3 m\u00e1s que saltar en el jard\u00edn de casa\u201d. En la colchoneta de la infancia, donde Mondo adquiri\u00f3 desde ni\u00f1o la naturalidad en su forma de saltar que lo hace imbatible ahora. \u201cNuestra colchoneta est\u00e1 muy bien, pero el pasillo le da para saltar desde seis pasos, en el jard\u00edn no podemos saltar m\u00e1s de 5,30 \u2013 5,40 m, pasar de ah\u00ed no es seguro\u201d.<\/p>\n\n\n\n<p>Durante los meses de confinamiento, su madre, Helena, exatleta que se encarga de su planificaci\u00f3n f\u00edsica, lo mantuvo en forma. Sin competiciones en el horizonte, no ten\u00edan pensado ir a por ning\u00fan r\u00e9cord m\u00e1s en 2020.<\/p>\n\n\n\n<p>Para no perder la t\u00e9cnica, los pertiguistas necesitan saltar, y para no perder la adrenalina que los eleva, necesitan competir al m\u00e1ximo nivel. \u201cEl atletismo y especialmente la p\u00e9rtiga es un deporte muy de cabeza, Mondo es muy competitivo y necesita experimentar esa competitividad. Si no, se pone ansioso\u201d, contaba Greg Duplantis. \u201cUna de las pocas cosas que pod\u00edamos hacer era jugar al golf. Mondo y sus hermanos Andreas y Antoine nunca hab\u00edan practicado el golf, yo sol\u00eda jugar y empezaron conmigo en marzo, ten\u00edan el aliciente de competir entre ellos y se echaban pulsos tambi\u00e9n con los amigos de la universidad. As\u00ed Mondo logr\u00f3 mantener esa vena competitiva.\u201d<\/p>\n\n\n\n<p>No as\u00ed la agilidad que le dan los saltos en competici\u00f3n. \u201cEn junio, cuando llegamos a su primera competici\u00f3n al aire libre, en Oslo, Mondo estaba muy oxidado\u201d, sigue Greg Duplantis. \u00abMondo ni siquiera llegaba a hacer su carrera habitual. \u201cEn Gotemburgo probamos con 20 pasos y no hab\u00eda manera\u201d, explica. De 20 pasos, tuvieron que retroceder a 16.<\/p>\n\n\n\n<p>M\u00f3naco, su cuarta competici\u00f3n, fue la primera vez que Duplantis volvi\u00f3 a atacar el list\u00f3n desde su carrera habitual, y volvi\u00f3 a saltar seis metros, all\u00ed y en Estocolomo, en agosto. Y el 2 de septiembre, en la Diamond League de Lausana, Duplantis se bati\u00f3 en un espectacular duelo con el estadounidense Sam Kendricks, doble campe\u00f3n mundial, e hizo ya una marca hist\u00f3rica de 6,07 metros, de noche, qued\u00e1ndose sin luz en la Place de l\u2019Europe, con solo el p\u00fablico alumbrando con sus m\u00f3viles. \u201cAh\u00ed supimos que pod\u00eda ir Mondo a por el r\u00e9cord\u201d, explica su padre y entrenador. En Berl\u00edn tuvo el viento de cara y se qued\u00f3 con 5,91 metros. \u201cUno de estos d\u00edas\u2026\u201d, dijo Mondo. Era la \u00fanica vez en las cinco \u00faltimas competiciones de esta temporada que saltaba menos de seis metros. Diez veces ha saltado el sueco Duplantis 6 metros o m\u00e1s en una sola temporada. \u201cEso demuestra que no es algo anecd\u00f3tico, nadie, ni Bubka, hab\u00eda saltado tantas veces esa altura en una misma temporada\u201d.<\/p>\n\n\n\n<p>Mondo ha llevado la p\u00e9rtiga a otro nivel y a otra era. Pese a lo hist\u00f3rico de la marca, la Federaci\u00f3n Internacional de Atletismo, World Athletics, no considera los 6,15 metros r\u00e9cord del mundo porque cuenta la mejor marca al aire libre y bajo techo, y ese r\u00e9cord lo posee ya el mismo Armand Duplantis, sus 6,18 metros de febrero en Glasgow, que ahora intentar\u00e1 batir. \u201cSi no pasa nada, iremos a por los 6,19 metros en Doha\u201d, dice el entrenador del mejor pertiguista de la historia.<\/p>\n\n\n\n<p><strong>Fuente:<\/strong> elpa\u00eds<\/p>\n","protected":false},"excerpt":{"rendered":"<p>En el Stadio dei Marmi de Roma, rodeado de las estatuas romanas que representan las grandes haza\u00f1as de los dioses, agarra Armand Duplantis\u00a0su p\u00e9rtiga de 5 metros y 20 cent\u00edmetros y atacar con la intuici\u00f3n de los inmortales y la frescura del veintea\u00f1ero loco un list\u00f3n situado a 6 metros y 15 cent\u00edmetros, la mayor [&hellip;]<\/p>\n","protected":false},"author":2,"featured_media":83377,"comment_status":"open","ping_status":"open","sticky":false,"template":"","format":"standard","meta":{"footnotes":""},"categories":[7],"tags":[],"class_list":["post-83376","post","type-post","status-publish","format-standard","has-post-thumbnail","hentry","category-deportes"],"_links":{"self":[{"href":"http:\/\/elcuartopoder.com.mx\/nw\/wp-json\/wp\/v2\/posts\/83376","targetHints":{"allow":["GET"]}}],"collection":[{"href":"http:\/\/elcuartopoder.com.mx\/nw\/wp-json\/wp\/v2\/posts"}],"about":[{"href":"http:\/\/elcuartopoder.com.mx\/nw\/wp-json\/wp\/v2\/types\/post"}],"author":[{"embeddable":true,"href":"http:\/\/elcuartopoder.com.mx\/nw\/wp-json\/wp\/v2\/users\/2"}],"replies":[{"embeddable":true,"href":"http:\/\/elcuartopoder.com.mx\/nw\/wp-json\/wp\/v2\/comments?post=83376"}],"version-history":[{"count":1,"href":"http:\/\/elcuartopoder.com.mx\/nw\/wp-json\/wp\/v2\/posts\/83376\/revisions"}],"predecessor-version":[{"id":83378,"href":"http:\/\/elcuartopoder.com.mx\/nw\/wp-json\/wp\/v2\/posts\/83376\/revisions\/83378"}],"wp:featuredmedia":[{"embeddable":true,"href":"http:\/\/elcuartopoder.com.mx\/nw\/wp-json\/wp\/v2\/media\/83377"}],"wp:attachment":[{"href":"http:\/\/elcuartopoder.com.mx\/nw\/wp-json\/wp\/v2\/media?parent=83376"}],"wp:term":[{"taxonomy":"category","embeddable":true,"href":"http:\/\/elcuartopoder.com.mx\/nw\/wp-json\/wp\/v2\/categories?post=83376"},{"taxonomy":"post_tag","embeddable":true,"href":"http:\/\/elcuartopoder.com.mx\/nw\/wp-json\/wp\/v2\/tags?post=83376"}],"curies":[{"name":"wp","href":"https:\/\/api.w.org\/{rel}","templated":true}]}}