{"id":83413,"date":"2020-09-20T11:32:25","date_gmt":"2020-09-20T16:32:25","guid":{"rendered":"http:\/\/elcuartopoder.com.mx\/nw\/?p=83413"},"modified":"2020-09-20T11:32:27","modified_gmt":"2020-09-20T16:32:27","slug":"guerrero-indigenas-piden-leyes-que-reconozcan-usos-y-costumbres","status":"publish","type":"post","link":"http:\/\/elcuartopoder.com.mx\/nw\/destacadas\/guerrero-indigenas-piden-leyes-que-reconozcan-usos-y-costumbres\/","title":{"rendered":"Guerrero: Ind\u00edgenas piden leyes que reconozcan usos y costumbres"},"content":{"rendered":"\n<p><em>Chilpancingo, Gro.<\/em>&nbsp;Unos mil 500 ind\u00edgenas mixtecos, amuzgos, tlapanecos y nahuas, as\u00ed como afromexicanos, protestaron ante el congreso del estado, para demandar que sea aprobada la iniciativa de Reforma Constitucional presentada el 10 de diciembre del a\u00f1o pasado, que reconoce sus usos y costumbres, a la Polic\u00eda Comunitaria, y sus territorios, entre otros puntos.<\/p>\n\n\n\n<p>Entrevistado en el trayecto de la marcha, Taurino Reyes Leyva, coordinador de la casa de Justicia de Espino Blanco, municipio de Malinaltepec, en la Monta\u00f1a Alta de Guerrero advirti\u00f3 que si los diputados no aprueban la iniciativa, \u00abse la ver\u00e1n con los pueblos el 2021, se podr\u00eda analizar si los pueblos permiten la instalaci\u00f3n de las urnas\u00bb.<\/p>\n\n\n\n<p>Desde las 11 de la ma\u00f1ana, cientos de integrantes de la Coordinadora Regional de Autoridades Comunitarias-Polic\u00eda Comunitaria, provenientes de la Monta\u00f1a Alta, y la Costa Chica, marcharon a lo largo de dos kil\u00f3metros por las calles de la capital hasta las instalaciones de la sede del poder Legislativo estatal, en donde fueron recibidos por la Junta de Coordinaci\u00f3n Pol\u00edtica (Jucopo).<\/p>\n\n\n\n<p>Los pueblos ind\u00edgenas y afroamericanos exigieron que se deseche la ley presentada por el gobernador H\u00e9ctor Astudillo Flores, aprobada por la legislatura anterior, en la que se desconoc\u00eda a la CRAC-PC, y que fue en julio pasado fue rechazada por la Suprema Corte de Justicia de la Naci\u00f3n (SCJN), que orden\u00f3 al congreso local a una revisi\u00f3n.<\/p>\n\n\n\n<p>Tambi\u00e9n durante la movilizaci\u00f3n, el abogado del Centro de Derechos Humanos de la Monta\u00f1a Tlachinollan, Vidulfo Rosales Sierra, denunci\u00f3 que la Guardia Nacional retuvo durante 30 minutos a los manifestantes a la entrada del municipio de Chilapa de \u00c1lvarez, con el claro objetivo de que no llegaran a Chilpancingo.<\/p>\n\n\n\n<p><strong>Fuente:<\/strong> jornada<\/p>\n","protected":false},"excerpt":{"rendered":"<p>Chilpancingo, Gro.&nbsp;Unos mil 500 ind\u00edgenas mixtecos, amuzgos, tlapanecos y nahuas, as\u00ed como afromexicanos, protestaron ante el congreso del estado, para demandar que sea aprobada la iniciativa de Reforma Constitucional presentada el 10 de diciembre del a\u00f1o pasado, que reconoce sus usos y costumbres, a la Polic\u00eda Comunitaria, y sus territorios, entre otros puntos. Entrevistado en [&hellip;]<\/p>\n","protected":false},"author":2,"featured_media":83414,"comment_status":"open","ping_status":"open","sticky":false,"template":"","format":"standard","meta":{"footnotes":""},"categories":[59],"tags":[],"class_list":["post-83413","post","type-post","status-publish","format-standard","has-post-thumbnail","hentry","category-destacadas"],"_links":{"self":[{"href":"http:\/\/elcuartopoder.com.mx\/nw\/wp-json\/wp\/v2\/posts\/83413","targetHints":{"allow":["GET"]}}],"collection":[{"href":"http:\/\/elcuartopoder.com.mx\/nw\/wp-json\/wp\/v2\/posts"}],"about":[{"href":"http:\/\/elcuartopoder.com.mx\/nw\/wp-json\/wp\/v2\/types\/post"}],"author":[{"embeddable":true,"href":"http:\/\/elcuartopoder.com.mx\/nw\/wp-json\/wp\/v2\/users\/2"}],"replies":[{"embeddable":true,"href":"http:\/\/elcuartopoder.com.mx\/nw\/wp-json\/wp\/v2\/comments?post=83413"}],"version-history":[{"count":1,"href":"http:\/\/elcuartopoder.com.mx\/nw\/wp-json\/wp\/v2\/posts\/83413\/revisions"}],"predecessor-version":[{"id":83415,"href":"http:\/\/elcuartopoder.com.mx\/nw\/wp-json\/wp\/v2\/posts\/83413\/revisions\/83415"}],"wp:featuredmedia":[{"embeddable":true,"href":"http:\/\/elcuartopoder.com.mx\/nw\/wp-json\/wp\/v2\/media\/83414"}],"wp:attachment":[{"href":"http:\/\/elcuartopoder.com.mx\/nw\/wp-json\/wp\/v2\/media?parent=83413"}],"wp:term":[{"taxonomy":"category","embeddable":true,"href":"http:\/\/elcuartopoder.com.mx\/nw\/wp-json\/wp\/v2\/categories?post=83413"},{"taxonomy":"post_tag","embeddable":true,"href":"http:\/\/elcuartopoder.com.mx\/nw\/wp-json\/wp\/v2\/tags?post=83413"}],"curies":[{"name":"wp","href":"https:\/\/api.w.org\/{rel}","templated":true}]}}