{"id":83432,"date":"2020-09-21T08:22:05","date_gmt":"2020-09-21T13:22:05","guid":{"rendered":"http:\/\/elcuartopoder.com.mx\/nw\/?p=83432"},"modified":"2020-09-21T08:22:08","modified_gmt":"2020-09-21T13:22:08","slug":"olga-sanchez-cordero-comparecera-el-miercoles-ante-el-senado","status":"publish","type":"post","link":"http:\/\/elcuartopoder.com.mx\/nw\/politica\/olga-sanchez-cordero-comparecera-el-miercoles-ante-el-senado\/","title":{"rendered":"Olga S\u00e1nchez Cordero comparecer\u00e1 el mi\u00e9rcoles ante el Senado"},"content":{"rendered":"\n<p>Ciudad de M\u00e9xico. La secretaria de Gobernaci\u00f3n, Olga S\u00e1nchez Cordero, comparecer\u00e1 este mi\u00e9rcoles en el Senado como parte de la glosa del segundo informe de gobierno del presidente Andr\u00e9s Manuel L\u00f3pez Obrador.<\/p>\n\n\n\n<p>Ricardo Monreal, presidente de la Junta de Coordinaci\u00f3n Pol\u00edtica (Jucopo) y coordinador de Morena (el grupo mayoritario en el Senado) inform\u00f3 que este martes en la Jucopo se acordar\u00e1 con los coordinadores parlamentarios el calendario de comparecencias de los funcionarios del gobierno federal que acudir\u00e1n a comparecer como parte de la glosa del segundo informe.<\/p>\n\n\n\n<p>Adem\u00e1s de la secretaria de Gobernaci\u00f3n, comparecer\u00e1n al Pleno el secretario de Relaciones Exteriores, Marcelo Ebrard Casaub\u00f3n, a\u00fan por definirse la fecha; tambi\u00e9n asistir\u00e1 al Pleno el secretario de Salud, Jorge Alcocer, y se acordar\u00e1 con los grupos parlamentarios las comparecencias en comisiones de otros funcionarios del gobierno federal.<\/p>\n\n\n\n<p>Monreal dijo que a partir del 23 de septiembre y hasta el mes de octubre, secretarios de Estado asistir\u00e1n al Pleno como cada a\u00f1o para informar del avance de sus secretarias.<\/p>\n\n\n\n<p><strong>Fuente:<\/strong> marcrixnoticias<\/p>\n","protected":false},"excerpt":{"rendered":"<p>Ciudad de M\u00e9xico. La secretaria de Gobernaci\u00f3n, Olga S\u00e1nchez Cordero, comparecer\u00e1 este mi\u00e9rcoles en el Senado como parte de la glosa del segundo informe de gobierno del presidente Andr\u00e9s Manuel L\u00f3pez Obrador. Ricardo Monreal, presidente de la Junta de Coordinaci\u00f3n Pol\u00edtica (Jucopo) y coordinador de Morena (el grupo mayoritario en el Senado) inform\u00f3 que este [&hellip;]<\/p>\n","protected":false},"author":2,"featured_media":83433,"comment_status":"open","ping_status":"open","sticky":false,"template":"","format":"standard","meta":{"footnotes":""},"categories":[61],"tags":[],"class_list":["post-83432","post","type-post","status-publish","format-standard","has-post-thumbnail","hentry","category-politica"],"_links":{"self":[{"href":"http:\/\/elcuartopoder.com.mx\/nw\/wp-json\/wp\/v2\/posts\/83432","targetHints":{"allow":["GET"]}}],"collection":[{"href":"http:\/\/elcuartopoder.com.mx\/nw\/wp-json\/wp\/v2\/posts"}],"about":[{"href":"http:\/\/elcuartopoder.com.mx\/nw\/wp-json\/wp\/v2\/types\/post"}],"author":[{"embeddable":true,"href":"http:\/\/elcuartopoder.com.mx\/nw\/wp-json\/wp\/v2\/users\/2"}],"replies":[{"embeddable":true,"href":"http:\/\/elcuartopoder.com.mx\/nw\/wp-json\/wp\/v2\/comments?post=83432"}],"version-history":[{"count":1,"href":"http:\/\/elcuartopoder.com.mx\/nw\/wp-json\/wp\/v2\/posts\/83432\/revisions"}],"predecessor-version":[{"id":83434,"href":"http:\/\/elcuartopoder.com.mx\/nw\/wp-json\/wp\/v2\/posts\/83432\/revisions\/83434"}],"wp:featuredmedia":[{"embeddable":true,"href":"http:\/\/elcuartopoder.com.mx\/nw\/wp-json\/wp\/v2\/media\/83433"}],"wp:attachment":[{"href":"http:\/\/elcuartopoder.com.mx\/nw\/wp-json\/wp\/v2\/media?parent=83432"}],"wp:term":[{"taxonomy":"category","embeddable":true,"href":"http:\/\/elcuartopoder.com.mx\/nw\/wp-json\/wp\/v2\/categories?post=83432"},{"taxonomy":"post_tag","embeddable":true,"href":"http:\/\/elcuartopoder.com.mx\/nw\/wp-json\/wp\/v2\/tags?post=83432"}],"curies":[{"name":"wp","href":"https:\/\/api.w.org\/{rel}","templated":true}]}}