{"id":83435,"date":"2020-09-21T08:24:57","date_gmt":"2020-09-21T13:24:57","guid":{"rendered":"http:\/\/elcuartopoder.com.mx\/nw\/?p=83435"},"modified":"2020-09-21T08:25:00","modified_gmt":"2020-09-21T13:25:00","slug":"garantiza-amlo-a-opositores-libertad-para-mantener-planton","status":"publish","type":"post","link":"http:\/\/elcuartopoder.com.mx\/nw\/varios\/garantiza-amlo-a-opositores-libertad-para-mantener-planton\/","title":{"rendered":"Garantiza AMLO a opositores libertad para mantener Plant\u00f3n"},"content":{"rendered":"\n<p>Jojutla, Mor. El presidente Andr\u00e9s Manuel L\u00f3pez Obrador asegur\u00f3 que los integrantes del Frente Nacional Anti-AMLO tienen garantizadas todas su libertades para mantener el plant\u00f3n que desde ayer instalaron en el centro de la Ciudad de M\u00e9xico.<\/p>\n\n\n\n<p>\u201cNo somos iguales, no somos autoritarios, no somos represores, se garantizan libertades plenas\u201d, afirm\u00f3. Expres\u00f3 que ojal\u00e1 no sea un plant\u00f3n ef\u00edmero y se queden los dirigentes del&nbsp;movimiento a acampar, como \u00e9l hizo cuando desde la oposici\u00f3n exigi\u00f3 justicia y democracia.<\/p>\n\n\n\n<p>\u201cQue se sientan seguros porque vamos a estarlos cuidando, van a tener todo lo que necesiten para que se garanticen sus libertades\u2026 Ellos deben saber que tienen todas las garant\u00edas para manifestarse, que no van a ser molestados, que se van a poder quedar ah\u00ed en sus casas de campa\u00f1a, como nosotros lo hicimos\u201d.<\/p>\n\n\n\n<p>Asever\u00f3 que es \u201cinteresante que ellos vivan este proceso\u201d, y resalt\u00f3 sentirse contento porque las protestas de los conservadores reflejan que hay avances en el combate a la corrupci\u00f3n y a terminar con los lujos en el gobierno.<\/p>\n\n\n\n<p>\u201cImag\u00ednense si no protestaran los conservadores, me sentir\u00eda hasta frustrado. Dir\u00eda no estamos haciendo nada, no hay ning\u00fan cambio, pero de verdad las cosas est\u00e1n cambiando\u201d.<\/p>\n\n\n\n<p>Se\u00f1al\u00f3 que ahora que sus adversarios tomaron la decisi\u00f3n de bajarse de los carros, protestar y acampar \u201cque se queden ah\u00ed; que se queden todos, tambi\u00e9n los dirigentes a dormir en las casas de campa\u00f1a, que no se vayan a ir a los hoteles en la noche y que dejen nada m\u00e1s a la gente ah\u00ed durmiendo, sino que se queden los meros meros, los de arriba, los que encabezan este movimiento\u201d.<\/p>\n\n\n\n<p>\u201cEllos deben saber que tienen todas las garant\u00edas para manifestarse, que no van a ser molestados, que se van a poder quedar ah\u00ed en sus casas de campa\u00f1a, como nosotros lo hicimos\u201d.<\/p>\n\n\n\n<p>\u201cOjal\u00e1 se queden un tiempo suficiente, que no sea nada m\u00e1s ef\u00edmero, unos cuantos d\u00edas. Nosotros nos quedamos ah\u00ed varias veces hasta m\u00e1s de un mes. No estoy llamando a que se vayan a acampar todos al Z\u00f3calo, nada m\u00e1s que es interesante que ellos vivan este proceso.<\/p>\n\n\n\n<p>Desde la Parroquia \u2018San Miguel Arc\u00e1ngel\u2019, donde continu\u00f3 con la supervisi\u00f3n de obras de reconstrucci\u00f3n a tres a\u00f1os de los sismos de 2017, L\u00f3pez Obrador asegur\u00f3 que un signo de \u201cque vamos avanzando\u201d es que \u201cahora protestan los que antes estaban acostumbrados a vivir al amparo del poder p\u00fablico. Est\u00e1n protestando los conservadores, antes protestaba el pueblo raso, cuando est\u00e1bamos nosotros en la oposici\u00f3n, porque quer\u00edamos justicia y quer\u00edamos democracia.<\/p>\n\n\n\n<p>\u201cAhora est\u00e1n protestando los que se beneficiaron durante mucho tiempo y piensan que van a regresar esos tiempos de abuso y de corrupci\u00f3n\u201d.<\/p>\n\n\n\n<p><strong>Fuente:<\/strong>&nbsp;marcrixnoticias<br><\/p>\n","protected":false},"excerpt":{"rendered":"<p>Jojutla, Mor. El presidente Andr\u00e9s Manuel L\u00f3pez Obrador asegur\u00f3 que los integrantes del Frente Nacional Anti-AMLO tienen garantizadas todas su libertades para mantener el plant\u00f3n que desde ayer instalaron en el centro de la Ciudad de M\u00e9xico. \u201cNo somos iguales, no somos autoritarios, no somos represores, se garantizan libertades plenas\u201d, afirm\u00f3. Expres\u00f3 que ojal\u00e1 no [&hellip;]<\/p>\n","protected":false},"author":2,"featured_media":83436,"comment_status":"open","ping_status":"open","sticky":false,"template":"","format":"standard","meta":{"footnotes":""},"categories":[64],"tags":[],"class_list":["post-83435","post","type-post","status-publish","format-standard","has-post-thumbnail","hentry","category-varios"],"_links":{"self":[{"href":"http:\/\/elcuartopoder.com.mx\/nw\/wp-json\/wp\/v2\/posts\/83435","targetHints":{"allow":["GET"]}}],"collection":[{"href":"http:\/\/elcuartopoder.com.mx\/nw\/wp-json\/wp\/v2\/posts"}],"about":[{"href":"http:\/\/elcuartopoder.com.mx\/nw\/wp-json\/wp\/v2\/types\/post"}],"author":[{"embeddable":true,"href":"http:\/\/elcuartopoder.com.mx\/nw\/wp-json\/wp\/v2\/users\/2"}],"replies":[{"embeddable":true,"href":"http:\/\/elcuartopoder.com.mx\/nw\/wp-json\/wp\/v2\/comments?post=83435"}],"version-history":[{"count":1,"href":"http:\/\/elcuartopoder.com.mx\/nw\/wp-json\/wp\/v2\/posts\/83435\/revisions"}],"predecessor-version":[{"id":83437,"href":"http:\/\/elcuartopoder.com.mx\/nw\/wp-json\/wp\/v2\/posts\/83435\/revisions\/83437"}],"wp:featuredmedia":[{"embeddable":true,"href":"http:\/\/elcuartopoder.com.mx\/nw\/wp-json\/wp\/v2\/media\/83436"}],"wp:attachment":[{"href":"http:\/\/elcuartopoder.com.mx\/nw\/wp-json\/wp\/v2\/media?parent=83435"}],"wp:term":[{"taxonomy":"category","embeddable":true,"href":"http:\/\/elcuartopoder.com.mx\/nw\/wp-json\/wp\/v2\/categories?post=83435"},{"taxonomy":"post_tag","embeddable":true,"href":"http:\/\/elcuartopoder.com.mx\/nw\/wp-json\/wp\/v2\/tags?post=83435"}],"curies":[{"name":"wp","href":"https:\/\/api.w.org\/{rel}","templated":true}]}}