{"id":83447,"date":"2020-09-22T10:15:26","date_gmt":"2020-09-22T15:15:26","guid":{"rendered":"http:\/\/elcuartopoder.com.mx\/nw\/?p=83447"},"modified":"2020-09-22T10:15:29","modified_gmt":"2020-09-22T15:15:29","slug":"busca-sedetur-fortalecer-normatividad-vigente-en-laguna-de-bacalar","status":"publish","type":"post","link":"http:\/\/elcuartopoder.com.mx\/nw\/municipales\/busca-sedetur-fortalecer-normatividad-vigente-en-laguna-de-bacalar\/","title":{"rendered":"Busca SEDETUR fortalecer normatividad vigente en laguna de Bacalar"},"content":{"rendered":"\n<p><strong>CANC\u00daN, MX.-&nbsp;<\/strong>El subsecretario de Planeaci\u00f3n de la Secretar\u00eda estatal de Turismo (Sedetur), Andr\u00e9s Gerardo Aguilar Becerril, sostuvo que el Programa de Gesti\u00f3n Com\u00fan para el uso Tur\u00edstico en la Laguna de Bacalar (Protur) no es, para esa dependencia, una propuesta regulatoria a ser aplicada en ese cuerpo de agua, sino s\u00f3lo un \u201cinsumo\u201d para el fortalecimiento de la normatividad vigente.<\/p>\n\n\n\n<p>Durante una reuni\u00f3n con los integrantes del Consejo Comunitario de la Cuenca de la Laguna de Bacalar, integrantes del Consejo Comunitario se\u00f1alaron que el Comit\u00e9 de Operaci\u00f3n de Bacalar que preside la Administraci\u00f3n Portuaria Integral de Quintana Roo (Apiqroo) est\u00e1 a la espera de la aprobaci\u00f3n de las reglas de operaci\u00f3n.<\/p>\n\n\n\n<p>La reglamentaci\u00f3n para el uso de la laguna, que se realiza en la Ciudad de M\u00e9xico, tendr\u00e1 una vigencia de cinco a\u00f1os y ser\u00e1 aplicada con apoyo de la Capitan\u00eda de Puerto, la Secretar\u00eda estatal de Ecolog\u00eda y Medio Ambiente (SEMA) y las direcciones ecol\u00f3gicas municipales.<\/p>\n\n\n\n<p>En ese sentido, el Consejo Comunitario expres\u00f3 su preocupaci\u00f3n de que la Sedetur impulsa al Protur, propuesta que no s\u00f3lo excluye el conocimiento biocultural de los pobladores hist\u00f3ricos de la laguna de Bacalar y sus alrededores, sino que busca que le cedan la administraci\u00f3n del agua a \u201cGeo Alternativa\u201d, una asociaci\u00f3n civil ajena a los intereses locales \u201cque incluso pretend\u00eda cobrar por acceder al cuerpo lacustre\u201d.<\/p>\n\n\n\n<p>Ante ello, Aguilar Becerril precis\u00f3 que \u201cno somos autoridad ambiental regulatoria, sino un ente que trabaja de manera concurrente con otras dependencias\u201d.<\/p>\n\n\n\n<p>Explic\u00f3 que \u201cdesde la Secretar\u00eda de Turismo no desacreditamos ninguna posici\u00f3n; al contrario, es necesario conciliar y vemos como una necesidad no exclusiva de Bacalar, sino de toda la entidad, trabajar en procesos de ordenamiento tur\u00edstico territorial.\u201d<\/p>\n\n\n\n<p>Tambi\u00e9n dijo que el Plan Maestro de Turismo Sustentable fue resultado de una auscultaci\u00f3n de cinco meses.<\/p>\n\n\n\n<p>\u201cAh\u00ed est\u00e1 el modelo y las herramientas a aplicarse en cada destino. Bacalar se clasific\u00f3 como destino emergente, con un crecimiento constante de turistas y no tan ordenado en servicios, y alta concentraci\u00f3n de actividades recreativas en la laguna, por lo que se plantean otras alternativas para desahogar esa carga\u201d.<\/p>\n\n\n\n<p>El Consejo Comunitario de la Cuenca de la Laguna de Bacalar explic\u00f3, a trav\u00e9s de voceros que pidieron el anonimato, que son innecesarios m\u00e1s instrumentos porque ya est\u00e1n los programas de Desarrollo Urbano (PDU) y de Ordenamiento Ecol\u00f3gico Local (POEL) como instrumentos regulatorios.<\/p>\n\n\n\n<p>Tambi\u00e9n record\u00f3 que la propia Sedetur y la SEMA impulsaron, en su momento, un \u00e1rea natural protegida dentro de la laguna.<\/p>\n\n\n\n<p>\u201cEso es innecesario porque ya hay instrumentos como los citados, m\u00e1s las reglas de operaci\u00f3n de la Apiqroo, que es la entidad estatal que tiene bajo su administraci\u00f3n el cuerpo de agua de Bacalar\u201d, concluyeron los integrantes del citado consejo comunitario.<\/p>\n\n\n\n<p><strong>Fuente:<\/strong>&nbsp;Noticaribe<br><\/p>\n","protected":false},"excerpt":{"rendered":"<p>CANC\u00daN, MX.-&nbsp;El subsecretario de Planeaci\u00f3n de la Secretar\u00eda estatal de Turismo (Sedetur), Andr\u00e9s Gerardo Aguilar Becerril, sostuvo que el Programa de Gesti\u00f3n Com\u00fan para el uso Tur\u00edstico en la Laguna de Bacalar (Protur) no es, para esa dependencia, una propuesta regulatoria a ser aplicada en ese cuerpo de agua, sino s\u00f3lo un \u201cinsumo\u201d para el [&hellip;]<\/p>\n","protected":false},"author":2,"featured_media":83448,"comment_status":"open","ping_status":"open","sticky":false,"template":"","format":"standard","meta":{"footnotes":""},"categories":[6],"tags":[],"class_list":["post-83447","post","type-post","status-publish","format-standard","has-post-thumbnail","hentry","category-municipales"],"_links":{"self":[{"href":"http:\/\/elcuartopoder.com.mx\/nw\/wp-json\/wp\/v2\/posts\/83447","targetHints":{"allow":["GET"]}}],"collection":[{"href":"http:\/\/elcuartopoder.com.mx\/nw\/wp-json\/wp\/v2\/posts"}],"about":[{"href":"http:\/\/elcuartopoder.com.mx\/nw\/wp-json\/wp\/v2\/types\/post"}],"author":[{"embeddable":true,"href":"http:\/\/elcuartopoder.com.mx\/nw\/wp-json\/wp\/v2\/users\/2"}],"replies":[{"embeddable":true,"href":"http:\/\/elcuartopoder.com.mx\/nw\/wp-json\/wp\/v2\/comments?post=83447"}],"version-history":[{"count":1,"href":"http:\/\/elcuartopoder.com.mx\/nw\/wp-json\/wp\/v2\/posts\/83447\/revisions"}],"predecessor-version":[{"id":83449,"href":"http:\/\/elcuartopoder.com.mx\/nw\/wp-json\/wp\/v2\/posts\/83447\/revisions\/83449"}],"wp:featuredmedia":[{"embeddable":true,"href":"http:\/\/elcuartopoder.com.mx\/nw\/wp-json\/wp\/v2\/media\/83448"}],"wp:attachment":[{"href":"http:\/\/elcuartopoder.com.mx\/nw\/wp-json\/wp\/v2\/media?parent=83447"}],"wp:term":[{"taxonomy":"category","embeddable":true,"href":"http:\/\/elcuartopoder.com.mx\/nw\/wp-json\/wp\/v2\/categories?post=83447"},{"taxonomy":"post_tag","embeddable":true,"href":"http:\/\/elcuartopoder.com.mx\/nw\/wp-json\/wp\/v2\/tags?post=83447"}],"curies":[{"name":"wp","href":"https:\/\/api.w.org\/{rel}","templated":true}]}}