{"id":83450,"date":"2020-09-22T10:18:08","date_gmt":"2020-09-22T15:18:08","guid":{"rendered":"http:\/\/elcuartopoder.com.mx\/nw\/?p=83450"},"modified":"2020-09-22T10:18:11","modified_gmt":"2020-09-22T15:18:11","slug":"la-eleccion-interna-en-morena-se-calienta-con-el-cruce-de-ataques-entre-los-candidatos","status":"publish","type":"post","link":"http:\/\/elcuartopoder.com.mx\/nw\/nacionales\/la-eleccion-interna-en-morena-se-calienta-con-el-cruce-de-ataques-entre-los-candidatos\/","title":{"rendered":"La elecci\u00f3n interna en Morena se calienta con el cruce de ataques entre los candidatos"},"content":{"rendered":"\n<p>La temperatura se eleva al interior de Morena. Los ataques entre algunos contendientes a dirigir el partido fundado por el presidente Andr\u00e9s Manuel L\u00f3pez Obrador han subido de intensidad. El cruce de acusaciones salpica un largo proceso que ha ganado en confusi\u00f3n gracias a los mandatos de las autoridades electorales, quienes han modificado recientemente, y por en\u00e9sima vez, una convocatoria de renovaci\u00f3n que data\u00a0de noviembre de 2019. Hasta este lunes, m\u00e1s de 100 militantes han levantado la mano para ocupar la presidencia y la secretar\u00eda general de la organizaci\u00f3n. Ambos puestos, que deben llenarse por un hombre y una mujer por criterios de paridad, ser\u00e1n elegidos por una encuesta abierta a la poblaci\u00f3n general. El m\u00e9todo de selecci\u00f3n es la m\u00e1s reciente arma arrojadiza en una competencia en la que sobran motivaciones de ataque entre los aspirantes.<\/p>\n\n\n\n<p>El proceso interno de Morena se lee en clave de la elecci\u00f3n intermedia de junio de 2021, cuando se renovar\u00e1 la C\u00e1mara de Diputados y ser\u00e1n elegidos 15 nuevos gobernadores en el pa\u00eds y m\u00e1s de 2.000 alcald\u00edas. El partido de L\u00f3pez Obrador parte como el favorito para esos comicios. La jornada ser\u00e1 tambi\u00e9n el punto de partida para aquellos que deseen relevar a L\u00f3pez Obrador en Palacio Nacional en diciembre de 2024. A pesar de la lejan\u00eda, las presidenciales ya agitan la vida interna de la organizaci\u00f3n.<\/p>\n\n\n\n<p>\u201cMarcelo Ebrard est\u00e1 ansioso, ganoso, desembocado para ser presidente de la rep\u00fablica\u201d, afirm\u00f3 a este diario el diputado Porfirio Mu\u00f1oz Ledo, uno de los aspirantes a la presidencia del partido, sobre el secretario de Relaciones Exteriores de la Administraci\u00f3n. \u201cQue se cuide. Perd\u00f3name, Marcelo, pero te vas a ir del partido si sigues as\u00ed\u201d,\u00a0dijo a este diario el veterano pol\u00edtico de 87 a\u00f1os, a quien se le vincula con Claudia Sheinbaum, la jefa de Gobierno de Ciudad de M\u00e9xico, otra de las cartas fuertes del partido para 2024. Mu\u00f1oz Ledo, expresidente del Congreso, tambi\u00e9n amenaz\u00f3 con expulsar del grupo a su rival en la contienda, el tambi\u00e9n diputado Mario Delgado, cercano a Ebrard.<\/p>\n\n\n\n<p>Las declaraciones de Mu\u00f1oz Ledo no fueron bien recibidas en el entorno cercano del canciller. Sus allegados recordaron la precocidad pol\u00edtica del fundador del PRD. La senadora por Morena Martha Luc\u00eda Micher lo acus\u00f3 de pactar en 1991 con el expresidente Carlos Salinas, el gran villano para la izquierda mexicana. Micher asegura que Mu\u00f1oz Ledo le \u201clevant\u00f3 la mano\u201d al panista Vicente Fox, quien lo integr\u00f3 a su equipo durante su presidencia y lo nombr\u00f3 embajador ante la Uni\u00f3n Europea entre 2001 y 2004. Tambi\u00e9n record\u00f3 que estuvo en la n\u00f3mina del Gobierno de Miguel \u00c1ngel Mancera, del PRD. \u201cQuiz\u00e1 por ah\u00ed se explique su postura contra Ebrard\u201d,\u00a0escribi\u00f3 Micher en Twitter.<\/p>\n\n\n\n<p>Delgado, de campa\u00f1a por el norte, evit\u00f3 la confrontaci\u00f3n. \u201cSoy un promotor de la unidad\u201d, dijo desde Sonora. \u201cNo es tiempo de dividirnos ni de denostarnos\u201d, a\u00f1adi\u00f3 ante los cuestionamientos de la prensa local sobre las palabras de Mu\u00f1oz Ledo. El diputado es uno de los principales contendientes que defienden el m\u00e9todo de selecci\u00f3n elegido por el Tribunal Electoral y el Instituto Electoral (INE). \u201cLa encuesta es una vacuna contra el amiguismo, las corrientes, el sectarismo, los grupos, no hay manera de incidir\u201d, afirma el pol\u00edtico, quien como muchos en Morena, abandon\u00f3 el PRD para sumarse al movimiento obradorista.<\/p>\n\n\n\n<p>Gibr\u00e1n Ram\u00edrez Reyes, el m\u00e1s joven entre los principales contendientes a dirigir el partido, s\u00ed respondi\u00f3 a las cr\u00edticas y amenazas recibidas por Mu\u00f1oz Ledo. El diputado lo acus\u00f3 en la misma entrevista de malos manejos al frente de la Conferencia Interamericana de Seguridad Social (CISS). \u201cNavega entre las peligrosas aguas de la calumnia, la denigraci\u00f3n y el rid\u00edculo\u201d, revir\u00f3 el aspirante\u00a0en las p\u00e1ginas de\u00a0<em>Milenio.\u00a0<\/em>\u201cMi gesti\u00f3n est\u00e1 limpia y auditada por un despacho externo\u201d, a\u00f1adi\u00f3 Ram\u00edrez, quien se encuentra en campa\u00f1a, y quien a su vez acusa a Mu\u00f1oz Ledo de ser utilizado por la actual dirigencia de Morena sin \u201csiquiera advertirlo\u201d.<\/p>\n\n\n\n<p>Morena tiene un centenar de aspirantes en su proceso interno: 47 militantes buscan presidir la organizaci\u00f3n y otros 53 buscan la secretar\u00eda general. El INE realizar\u00e1 dos encuestas. La primera depurar\u00e1 la larga lista de aspirantes a 12 contendientes, seis por cada cargo. Posteriormente, otra arrojar\u00e1 a los ganadores. Este proceso, no obstante, ha sido llamado antidemocr\u00e1tico y repudiado por otros candidatos.<\/p>\n\n\n\n<p>Las empresas demosc\u00f3picas tendr\u00edan que haber comenzado a llamar el 16 de septiembre. El partido de L\u00f3pez Obrador contaba la semana pasada solo con 11 mujeres entre 71 aspirantes. Un fallo del Tribunal Electoral, sin embargo, orden\u00f3 paridad en el proceso, por lo que fue necesario revisar y ampliar el n\u00famero de candidatas a los cargos. Esto oblig\u00f3 a aplazar la encuesta. As\u00ed se lleg\u00f3 al centenar de interesados en la eterna disputa interna de Morena.<\/p>\n\n\n\n<p><strong>Fuente:<\/strong> elpa\u00eds<\/p>\n","protected":false},"excerpt":{"rendered":"<p>La temperatura se eleva al interior de Morena. Los ataques entre algunos contendientes a dirigir el partido fundado por el presidente Andr\u00e9s Manuel L\u00f3pez Obrador han subido de intensidad. El cruce de acusaciones salpica un largo proceso que ha ganado en confusi\u00f3n gracias a los mandatos de las autoridades electorales, quienes han modificado recientemente, y [&hellip;]<\/p>\n","protected":false},"author":2,"featured_media":83451,"comment_status":"open","ping_status":"open","sticky":false,"template":"","format":"standard","meta":{"footnotes":""},"categories":[55],"tags":[],"class_list":["post-83450","post","type-post","status-publish","format-standard","has-post-thumbnail","hentry","category-nacionales"],"_links":{"self":[{"href":"http:\/\/elcuartopoder.com.mx\/nw\/wp-json\/wp\/v2\/posts\/83450","targetHints":{"allow":["GET"]}}],"collection":[{"href":"http:\/\/elcuartopoder.com.mx\/nw\/wp-json\/wp\/v2\/posts"}],"about":[{"href":"http:\/\/elcuartopoder.com.mx\/nw\/wp-json\/wp\/v2\/types\/post"}],"author":[{"embeddable":true,"href":"http:\/\/elcuartopoder.com.mx\/nw\/wp-json\/wp\/v2\/users\/2"}],"replies":[{"embeddable":true,"href":"http:\/\/elcuartopoder.com.mx\/nw\/wp-json\/wp\/v2\/comments?post=83450"}],"version-history":[{"count":1,"href":"http:\/\/elcuartopoder.com.mx\/nw\/wp-json\/wp\/v2\/posts\/83450\/revisions"}],"predecessor-version":[{"id":83452,"href":"http:\/\/elcuartopoder.com.mx\/nw\/wp-json\/wp\/v2\/posts\/83450\/revisions\/83452"}],"wp:featuredmedia":[{"embeddable":true,"href":"http:\/\/elcuartopoder.com.mx\/nw\/wp-json\/wp\/v2\/media\/83451"}],"wp:attachment":[{"href":"http:\/\/elcuartopoder.com.mx\/nw\/wp-json\/wp\/v2\/media?parent=83450"}],"wp:term":[{"taxonomy":"category","embeddable":true,"href":"http:\/\/elcuartopoder.com.mx\/nw\/wp-json\/wp\/v2\/categories?post=83450"},{"taxonomy":"post_tag","embeddable":true,"href":"http:\/\/elcuartopoder.com.mx\/nw\/wp-json\/wp\/v2\/tags?post=83450"}],"curies":[{"name":"wp","href":"https:\/\/api.w.org\/{rel}","templated":true}]}}