{"id":83453,"date":"2020-09-22T17:44:02","date_gmt":"2020-09-22T22:44:02","guid":{"rendered":"http:\/\/elcuartopoder.com.mx\/nw\/?p=83453"},"modified":"2020-09-22T17:44:04","modified_gmt":"2020-09-22T22:44:04","slug":"avanza-el-poder-judicial-en-materia-de-archivos","status":"publish","type":"post","link":"http:\/\/elcuartopoder.com.mx\/nw\/prensa\/avanza-el-poder-judicial-en-materia-de-archivos\/","title":{"rendered":"AVANZA EL PODER JUDICIAL EN MATERIA DE ARCHIVOS"},"content":{"rendered":"\n<p>Chetumal, Q. Roo.-El magistrado presidente del Poder Judicial de Quintana Roo, Jos\u00e9 Antonio Le\u00f3n Ruiz, present\u00f3 hoy los avances que la entidad presenta en materia de archivo durante  el evento virtual \u201cLas Buenas Pr\u00e1cticas Archiv\u00edsticas en Quintana Roo, en Cumplimiento a la Ley General de Archivos\u201d, que se desarroll\u00f3 con la participaci\u00f3n del secretario de gobierno, Jorge Arturo Contreras Castillo y del Director General del Archivo General de la Naci\u00f3n, y Presidente del Sistema Nacional de Archivos, Carlos Enrique Ruiz Abreu.<\/p>\n\n\n\n<p>En este marco, a trav\u00e9s de una video-conferencia, el Magistrado Presidente inform\u00f3 que estas acciones est\u00e1n enmarcadas en el eje siete del Programa para la Impartici\u00f3n de Justicia 2017-2022, para tener sistematizado y organizado los archivos toda vez que la omisi\u00f3n de estas tareas son motivo incluso de sanciones.<\/p>\n\n\n\n<p>Agreg\u00f3 que paralelamente se han dispuesto los protocolos necesarios ante la pandemia generada por el Covid-19 con el objetivo de evitar los contagios, para lo cual tambi\u00e9n se dota de todo lo necesario a la Direcci\u00f3n de Archivo del Poder Judicial para cumplir en tiempo y forma con la nueva ley, y para ello, el Pleno del Consejo de la Judicatura cre\u00f3 los Departamentos de Archivo de Tr\u00e1mite, Archivo de Concentraci\u00f3n y Archivo Hist\u00f3rico, de la Direcci\u00f3n de Archivo.<\/p>\n\n\n\n<p>Ante la Comisionada del Instituto Michoacano de Transparencia, Acceso a la Informaci\u00f3n y Protecci\u00f3n de Datos Personales y coordinadora de la Comisi\u00f3n de Archivos y Gesti\u00f3n Documental del SNT, Areli Yamilet Navarrete Naranjo; del comisionado presidente del Instituto de Acceso a la Informaci\u00f3n y Protecci\u00f3n de Datos Personales de Quintana Roo, Jos\u00e9 Orlando Espinosa Rodr\u00edguez, y del Director General del Archivo del Estado, Gabriel Caamal P\u00e9rez, el Magistrado Presidente mencion\u00f3, entre otras acciones, que se aprobaron las Reglas de Operaci\u00f3n del Grupo Interdisciplinario que se cre\u00f3 as\u00ed como los Formatos de los Instrumentos de Control y Consulta Archiv\u00edstica.<\/p>\n\n\n\n<p>Puntualiz\u00f3 que se concret\u00f3 el Programa de Optimizaci\u00f3n de Espacios dot\u00e1ndose de recursos materiales necesarios, y que se realiz\u00f3 la Exposici\u00f3n de Archivos Hist\u00f3ricos celebrada en el mes de Octubre de 2019, y se desarroll\u00f3 el Sistema de Gesti\u00f3n Archiv\u00edstico (SIGAR) pr\u00f3ximamente a implementar en todas las unidades del Poder Judicial, el cual  permitir\u00e1 llevar un control amplio de los archivos.<\/p>\n\n\n\n<figure class=\"wp-block-image\"><img loading=\"lazy\" decoding=\"async\" width=\"1024\" height=\"682\" src=\"http:\/\/elcuartopoder.com.mx\/nw\/wp-content\/uploads\/2020\/09\/4f2be8cc-b74f-4cac-8c56-6342173d84f1-1024x682.jpg\" alt=\"\" class=\"wp-image-83455\" srcset=\"http:\/\/elcuartopoder.com.mx\/nw\/wp-content\/uploads\/2020\/09\/4f2be8cc-b74f-4cac-8c56-6342173d84f1.jpg 1024w, http:\/\/elcuartopoder.com.mx\/nw\/wp-content\/uploads\/2020\/09\/4f2be8cc-b74f-4cac-8c56-6342173d84f1-300x200.jpg 300w, http:\/\/elcuartopoder.com.mx\/nw\/wp-content\/uploads\/2020\/09\/4f2be8cc-b74f-4cac-8c56-6342173d84f1-768x512.jpg 768w, http:\/\/elcuartopoder.com.mx\/nw\/wp-content\/uploads\/2020\/09\/4f2be8cc-b74f-4cac-8c56-6342173d84f1-696x464.jpg 696w\" sizes=\"auto, (max-width: 1024px) 100vw, 1024px\" \/><\/figure>\n","protected":false},"excerpt":{"rendered":"<p>Chetumal, Q. Roo.-El magistrado presidente del Poder Judicial de Quintana Roo, Jos\u00e9 Antonio Le\u00f3n Ruiz, present\u00f3 hoy los avances que la entidad presenta en materia de archivo durante el evento virtual \u201cLas Buenas Pr\u00e1cticas Archiv\u00edsticas en Quintana Roo, en Cumplimiento a la Ley General de Archivos\u201d, que se desarroll\u00f3 con la participaci\u00f3n del secretario de [&hellip;]<\/p>\n","protected":false},"author":2,"featured_media":83454,"comment_status":"open","ping_status":"open","sticky":false,"template":"","format":"standard","meta":{"footnotes":""},"categories":[65],"tags":[],"class_list":["post-83453","post","type-post","status-publish","format-standard","has-post-thumbnail","hentry","category-prensa"],"_links":{"self":[{"href":"http:\/\/elcuartopoder.com.mx\/nw\/wp-json\/wp\/v2\/posts\/83453","targetHints":{"allow":["GET"]}}],"collection":[{"href":"http:\/\/elcuartopoder.com.mx\/nw\/wp-json\/wp\/v2\/posts"}],"about":[{"href":"http:\/\/elcuartopoder.com.mx\/nw\/wp-json\/wp\/v2\/types\/post"}],"author":[{"embeddable":true,"href":"http:\/\/elcuartopoder.com.mx\/nw\/wp-json\/wp\/v2\/users\/2"}],"replies":[{"embeddable":true,"href":"http:\/\/elcuartopoder.com.mx\/nw\/wp-json\/wp\/v2\/comments?post=83453"}],"version-history":[{"count":1,"href":"http:\/\/elcuartopoder.com.mx\/nw\/wp-json\/wp\/v2\/posts\/83453\/revisions"}],"predecessor-version":[{"id":83456,"href":"http:\/\/elcuartopoder.com.mx\/nw\/wp-json\/wp\/v2\/posts\/83453\/revisions\/83456"}],"wp:featuredmedia":[{"embeddable":true,"href":"http:\/\/elcuartopoder.com.mx\/nw\/wp-json\/wp\/v2\/media\/83454"}],"wp:attachment":[{"href":"http:\/\/elcuartopoder.com.mx\/nw\/wp-json\/wp\/v2\/media?parent=83453"}],"wp:term":[{"taxonomy":"category","embeddable":true,"href":"http:\/\/elcuartopoder.com.mx\/nw\/wp-json\/wp\/v2\/categories?post=83453"},{"taxonomy":"post_tag","embeddable":true,"href":"http:\/\/elcuartopoder.com.mx\/nw\/wp-json\/wp\/v2\/tags?post=83453"}],"curies":[{"name":"wp","href":"https:\/\/api.w.org\/{rel}","templated":true}]}}