{"id":83662,"date":"2020-10-01T14:38:41","date_gmt":"2020-10-01T19:38:41","guid":{"rendered":"http:\/\/elcuartopoder.com.mx\/nw\/?p=83662"},"modified":"2020-10-01T14:38:45","modified_gmt":"2020-10-01T19:38:45","slug":"la-consulta-es-mero-populismo-juristas-legalmente-si-se-puede-enjuiciar-a-expresidentes-dicen","status":"publish","type":"post","link":"http:\/\/elcuartopoder.com.mx\/nw\/editorial\/la-consulta-es-mero-populismo-juristas-legalmente-si-se-puede-enjuiciar-a-expresidentes-dicen\/","title":{"rendered":"La consulta es \u201cmero populismo\u201d: juristas. Legalmente s\u00ed se puede enjuiciar a expresidentes, dicen"},"content":{"rendered":"\n<p>Ciudad de M\u00e9xico.- El <strong>Presidente Andr\u00e9s Manuel L\u00f3pez Obrador<\/strong>\u00a0no esper\u00f3 a que los ciudadanos presentaran sus 1.8 millones de\u00a0<strong>firmas recolectadas<\/strong>\u00a0y \u00e9l mismo envi\u00f3 un\u00a0<strong>documento<\/strong>\u00a0que prepar\u00f3 junto con su\u00a0<strong>Consejer\u00eda Jur\u00eddica<\/strong>\u00a0para solicitar la\u00a0<strong>consulta popular a los expresidentes.<\/strong><\/p>\n\n\n\n<p>Aunque en el documento insiste en que est\u00e1 en contra de la acci\u00f3n, enlist\u00f3 las piedras que cargan los expresidentes de lo que \u00e9l llama \u201cperiodo neoliberal\u201d y que abarca los a\u00f1os 1988-2018, cuyos gobiernos fueron emanados de los partidos Revolucionario Institucional (PRI) y Acci\u00f3n Nacional (PAN).<\/p>\n\n\n\n<p>Los nombres de los seis hombres que gobernaron M\u00e9xico en esos a\u00f1os sin duda causan agrura a m\u00e1s de uno; son referente de sufrimiento y coraje por la manera en c\u00f3mo manejaron el poder y se llevaron en el ruedo a millones de personas, de familias completas.<\/p>\n\n\n\n<p>Sin embargo queda la duda: si hay razones para que los expresidentes enfrenten causas penales, \u00bfpor qu\u00e9 consultarlo?, \u00bfpor qu\u00e9 no hacerlo y ya?<\/p>\n\n\n\n<figure class=\"wp-block-image\"><img decoding=\"async\" src=\"https:\/\/www.sinembargo.mx\/wp-content\/uploads\/2020\/09\/cuartoscuro_776796_digital.jpeg\" alt=\"\" class=\"wp-image-3860628\"\/><\/figure>\n\n\n\n<p>El Presidente acompa\u00f1ado de Julio Scherer Ibarra, Consejero Jur\u00eddico de la Presidencia, durante la conferencia matutina del 15 de septiembre en la cual se firm\u00f3 documento solicitud para el Senado donde se pide enjuiciar a expresidentes desde el a\u00f1o 1988. Foto: Andrea Murcia, Cuartoscuro.<\/p>\n\n\n\n<p>Javier Mart\u00edn Reyes, acad\u00e9mico del Centro de Investigaci\u00f3n y Docencia Econ\u00f3micas (CIDE) especialista en derecho p\u00fablico y pol\u00edtica judicial, explic\u00f3 en entrevista con este medio, que hay dos v\u00edas para iniciar las consultas populares. Una, con recopilaci\u00f3n de firmas ciudadanas validadas por el Instituto Nacional Electoral (INE) y el Tribunal Electoral (TEPJF), y segunda, que el Presidente de la Rep\u00fablica env\u00ede la propuesta al Congreso y sea aprobada por la mayor\u00eda de las dos C\u00e1maras.<\/p>\n\n\n\n<blockquote class=\"wp-block-quote is-layout-flow wp-block-quote-is-layout-flow\"><p>Pero, aclar\u00f3, en ambas v\u00edas la pregunta o las preguntas de las consultas populares pasan necesariamente por la revisi\u00f3n de la Suprema Corte de Justicia de la Naci\u00f3n (SCJN), la cual, \u201csi se toma en serio la Constituci\u00f3n y precedentes de otras consultas, debe declarar la pregunta planteada como inconstitucional\u201d.<\/p><\/blockquote>\n\n\n\n<p>Miguel Carbonell, director del Centro de Estudios Jur\u00eddicos Carbonell, dijo que dado que ning\u00fan expresidente de la Rep\u00fablica tiene fuero, no existe impedimento alguno para ya juzgarlos si se aportan pruebas de alguna ilegalidad que hayan cometido. \u201cHacer consultas para aplicar la ley es populismo. Mero populismo y nada m\u00e1s\u201d, consider\u00f3.<\/p>\n\n\n\n<figure class=\"wp-block-image\"><img decoding=\"async\" src=\"https:\/\/www.sinembargo.mx\/wp-content\/uploads\/2020\/09\/cuartoscuro_776811_digital.jpeg\" alt=\"\" class=\"wp-image-3860629\"\/><\/figure>\n\n\n\n<p>El Senador Eduardo Ram\u00edrez, presidente de la Mesa directiva en el Senado de la Rep\u00fablica; Ricardo Monreal; presidente de la Junta de Coordinaci\u00f3n , y Julio Scherer, Consejero Jur\u00eddico de la Presidencia, en la entrega de la petici\u00f3n para enjuiciar a los expresidentes. Foto: Graciela L\u00f3pez, Cuartoscuro.<\/p>\n\n\n\n<p>Adem\u00e1s, la redacci\u00f3n de la pregunta que se someter\u00eda a consulta es inconstitucional, porque podr\u00eda generar \u201cun peligroso precedente de impunidad\u201d y viola nuestra Carta Magna, alert\u00f3.<\/p>\n\n\n\n<p>El \u00fanico expresidente que reaccion\u00f3 al documento fue Felipe Calder\u00f3n Hinojosa, quien acus\u00f3 que la petici\u00f3n de consulta ciudadana sobre juicio a expresidentes es \u201cun acto corruptor de la justicia\u201d porque presionaba a fiscales y juzgadores ante la opini\u00f3n p\u00fablica. La calific\u00f3 de una \u201cpersecuci\u00f3n pol\u00edtica\u201d, as\u00ed como violatoria de garant\u00edas elementales como la presunci\u00f3n de inocencia, debido proceso legal, investigaci\u00f3n exclusiva del ministerio p\u00fablico e incluso protecci\u00f3n a la vida, honra y dignidad.<\/p>\n\n\n\n<blockquote class=\"wp-block-quote is-layout-flow wp-block-quote-is-layout-flow\"><p>\u201cSi tiene pruebas fundadas contra m\u00ed, que vaya hoy y las presente ante el Fiscal, sin necesidad de consulta. Pero si no tiene pruebas y ni acusaciones espec\u00edficas, no hay consulta ni votaci\u00f3n que valga. Debe dejar de hostigarme y respetar mis derechos como cualquier ciudadano\u201d, tuite\u00f3 el expanista.<\/p><\/blockquote>\n\n\n\n<p>\u201cConstituye un acto corruptor de la justicia, pues ejerce una presi\u00f3n abrumadora e indebida sobre fiscales y juzgadores, a trav\u00e9s de la manipulaci\u00f3n de la opini\u00f3n p\u00fablica, con la utilizaci\u00f3n de recursos p\u00fablicos. Una clara muestra de persecuci\u00f3n pol\u00edtica y de abuso de poder. Est\u00e1 confundiendo la Rep\u00fablica con un Circo Romano: en lugar de acudir con pruebas a la Fiscal\u00eda, pregunta a la multitud si se condena o perdona a inocentes, mostrando un dedo pulgar hacia arriba o hacia abajo. Un retroceso de miles de a\u00f1os en materia de justicia\u201d, escribi\u00f3.<\/p>\n\n\n\n<p>El otro expresidente aludido que tiene redes sociales, Vicente Fox Quesada, decidi\u00f3 no realizar un comentario p\u00fablico.<\/p>\n\n\n\n<p>Abogados manifestaron a lo largo del d\u00eda por qu\u00e9 la SCJN no deber\u00eda validar la pregunta planteada por el Poder Ejecutivo. Los ministros tienen 20 d\u00edas para decidirlo.<\/p>\n\n\n\n<figure class=\"wp-block-image\"><img decoding=\"async\" src=\"https:\/\/www.sinembargo.mx\/wp-content\/uploads\/2020\/09\/cuartoscuro_364376_digital-2.jpeg\" alt=\"EXPRESIDENTES-PE\u00d1A NIETO-CALDER\u00d3N\" class=\"wp-image-3860651\"\/><\/figure>\n\n\n\n<p>Los expresidentes Enrique Pe\u00f1a y Felipe Calder\u00f3n podr\u00edan ser llamados a juicio. Foto: Cuartoscuro.<\/p>\n\n\n\n<p>En este sentido, Mart\u00edn Reyes agreg\u00f3 que el Art\u00edculo 35 constitucional se\u00f1ala que no pueden ser objeto de consulta popular la restricci\u00f3n de los derechos humanos ni las garant\u00edas para su protecci\u00f3n. Sobre ello, la justificaci\u00f3n del Presidente Andr\u00e9s Manuel L\u00f3pez Obrador \u201ctiene el prop\u00f3sito central de llevar a un cauce legal claro un asunto de inter\u00e9s general\u201d para posibilitar juicios.<\/p>\n\n\n\n<blockquote class=\"wp-block-quote is-layout-flow wp-block-quote-is-layout-flow\"><p>Pero \u201ctodos los procesos penales tienen como finalidad la salvaguarda de los derechos. Por una parte est\u00e1n los derechos de las v\u00edctimas afectadas por la comisi\u00f3n de probables delitos y por el otro lado est\u00e1 la protecci\u00f3n de los derechos de las personas imputadas. Estamos dejando en manos de la mayor\u00eda la decisi\u00f3n sobre si vamos a proteger o no esos derechos\u201d, plante\u00f3 Reyes, quien agreg\u00f3 que no se necesita hacer una consulta popular para seguir procedimientos penales en contra de los expresidentes, si la Fiscal\u00eda General o estatales consideran que hay elementos suficientes para investigar y, eventualmente, los jueces penales sancionen.<\/p><\/blockquote>\n\n\n\n<p>El analista pol\u00edtico Jos\u00e9 Antonio Crespo dijo que la solicitud de consulta refleja \u201cun profundo desconocimiento del Estado de Derecho\u201d; el abogado Alejandro Jim\u00e9nez coincidi\u00f3 en que es inconstitucional, pero que sin duda deja expuesto que la procuraci\u00f3n de justicia es \u201cla responsable de la falta de legitimidad democr\u00e1tica\u201d de nuestro sistema penal, por lo que este ejercicio, al menos, permitir\u00eda que la poblaci\u00f3n tenga inter\u00e9s en un proceso penal y el actuar de los fiscales, defensores, jueces y la SCJN.<\/p>\n\n\n\n<blockquote class=\"wp-block-quote is-layout-flow wp-block-quote-is-layout-flow\"><p>\u201cNuestra generaci\u00f3n va a condenar a la siguiente si no nos apropiamos de los municipios, la seguridad y la justicia. Cada que un Ministerio P\u00fablico inventa una flagrancia, acusa a un inocente, construye pruebas para acreditar hechos que no ocurrieron, lo hace a nombre de la sociedad. Y no nos importa, porque no nos sentimos responsables de lo que las fiscal\u00edas hagan o dejen de hacer\u201d, escribi\u00f3.<\/p><\/blockquote>\n\n\n\n<p>Sobre ello, el acad\u00e9mico de la Universidad Aut\u00f3noma de Quer\u00e9taro Alonso Campos, especialista en derecho penal, consider\u00f3 que ser\u00eda mejor si entendi\u00e9ramos que la procuraci\u00f3n de justicia es un asunto que ata\u00f1e a toda la sociedad, no solo al Gobierno y a las v\u00edctimas.<\/p>\n\n\n\n<p><strong>EL DOCUMENTO PRESIDENCIAL<\/strong><\/p>\n\n\n\n<p>\u201cEntre el 1 de diciembre de 1988 y el 30 de noviembre de 2018 M\u00e9xico vivi\u00f3 un periodo caracterizado por la concentraci\u00f3n desmesurada de la riqueza, quebrantos monumentales al erario, privatizaci\u00f3n de los bienes p\u00fablicos, corrupci\u00f3n generalizada, procesos electorales viciados y pr\u00e1cticas gubernamentales que desembocaron en un crecimiento descontrolado de la violencia, la inseguridad p\u00fablica, la violaci\u00f3n masiva de derechos humanos, la impunidad como norma y el quebrantamiento del Estado de derecho en extensas zonas del territorio nacional\u201d, eso es parte de la justificaci\u00f3n del documento del Presidente.<\/p>\n\n\n\n<p>Los cargos que ley\u00f3 de los expresidentes fueron los siguientes: a&nbsp;<strong>Salinas de Gortari<\/strong>&nbsp;le atribuy\u00f3 la desigualdad en M\u00e9xico, porque fue en su periodo cuando en el pa\u00eds creci\u00f3 m\u00e1s la brecha econ\u00f3mica y social. Dijo que de julio de 1988, en la lista de la revista Forbes, en la cual figuran las personas m\u00e1s ricas del mundo, s\u00f3lo aparec\u00eda una familia mexicana, la de los Garza Sada, con dos mil millones de d\u00f3lares; pero al finalizar aquel sexenio ya estaban incorporados a ese listado otros 24 mexicanos que pose\u00edan en conjunto m\u00e1s de 44 mil millones de d\u00f3lares.<\/p>\n\n\n\n<blockquote class=\"wp-block-quote is-layout-flow wp-block-quote-is-layout-flow\"><p>\u201cCasi todos ellos hab\u00edan sido beneficiados con empresas, minas y bancos que antes eran propiedad de los mexicanos. Luego de estar colocado, en 1988, en el lugar 26 entre los pa\u00edses del mundo con m\u00e1s multimillonarios, en 1994 M\u00e9xico escal\u00f3 al cuarto sitio, s\u00f3lo por debajo de Estados Unidos, Jap\u00f3n y Alemania\u201d, agreg\u00f3.<\/p><\/blockquote>\n\n\n\n<p>Del expresidente\u00a0<strong>Ernesto Zedillo<\/strong>\u00a0dijo que continu\u00f3 las pol\u00edticas privatizadoras de su antecesor y las llev\u00f3 hasta \u201csus \u00faltimas consecuencias\u201d y adem\u00e1s adjudic\u00f3 al conjunto de los mexicanos deudas privadas por un monto de 552 mil millones de pesos en el marco del llamado rescate bancario de 1998.<\/p>\n\n\n\n<p>Sobre Vicente Fox Quesada, lo acus\u00f3 de que lleg\u00f3 a Los Pinos como resultado del anhelo social del alcanzar la democracia y la alternancia, pero que cuando se acercaba el final de su gesti\u00f3n intervino indebida e ilegalmente en el proceso electoral a fin de impedir el triunfo de la oposici\u00f3n.<\/p>\n\n\n\n<blockquote class=\"wp-block-quote is-layout-flow wp-block-quote-is-layout-flow\"><p>\u201cTal intromisi\u00f3n no s\u00f3lo fue reconocida en el fallo con el que el Tribunal Electoral del Poder Judicial de la Federaci\u00f3n legaliz\u00f3 el turbio proceso electoral de 2006, sino que el propio Fox, quien al a\u00f1o siguiente en una entrevista con Telemundo, admiti\u00f3, cito, \u2018que era importante detener a L\u00f3pez Obrador\u2019 y en 2010 se jact\u00f3, cito, \u2018de haber cargado los dados del proceso electoral. De esa forma traicion\u00f3 el mandato democr\u00e1tico al que se deb\u00eda y los principios mismos de la democracia\u201d, ley\u00f3 el Presidente durante su conferencia matutina.<\/p><\/blockquote>\n\n\n\n<p>Sobre la administraci\u00f3n de Felipe Calder\u00f3n Hinojosa dijo que \u00e9ste embarc\u00f3 al pa\u00eds en una estrategia militar \u201csupuestamente orientada a combatir el narcotr\u00e1fico, que exacerb\u00f3 la violencia y multiplic\u00f3 las zonas del territorio nacional bajo control de las bandas delictivas pese a las innumerables y conocidas advertencias de que tal pol\u00edtica habr\u00eda de resultar contraproducente y terriblemente costosa para M\u00e9xico\u201d.<\/p>\n\n\n\n<p>Y mencion\u00f3 que colaboradores suyos y periodistas independientes le se\u00f1alaron los indicios de que su secretario de Seguridad P\u00fablica, Genaro Garc\u00eda Luna, era c\u00f3mplice de una de las facciones del narcotr\u00e1fico, \u201cpero el gobernante no hizo absolutamente nada\u201d.<\/p>\n\n\n\n<p>Finalmente, sobre su antecesor Enrique Pe\u00f1a Nieto, mencion\u00f3 que la irrupci\u00f3n de grandes cantidades de dinero de procedencia desconocida en la campa\u00f1a presidencial, fue se\u00f1alada desde 2012, sin que ello tuviera consecuencias legales o llevara al Tribunal Electoral a anular la elecci\u00f3n.<\/p>\n\n\n\n<p>\u201cSin embargo, declaraciones recientes de Emilio Lozoya Austin, director general de Pemex durante el sexenio de Pe\u00f1a Nieto, han permitido documentar que parte de ese dinero provino de sobornos anticipados de la empresa Odebrecht. Por otra parte, los se\u00f1alamientos de Lozoya apuntan a la presunta complicidad de Pe\u00f1a Nieto en las cuantiosas sumas de dinero que se entregaron a legisladores del PAN para obtener los votos y la aprobaci\u00f3n de la llamada Reforma Energ\u00e9tica, as\u00ed como en la compra fraudulenta de la planta de fertilizantes Agronitrogenados, operaci\u00f3n que caus\u00f3 al erario un quebranto superior a 200 millones de d\u00f3lares\u201d, puede leerse en el documento que hoy fue entregado al Senado de la Rep\u00fablica.<\/p>\n\n\n\n<p><strong>Fuente:<\/strong> sinembargo<\/p>\n","protected":false},"excerpt":{"rendered":"<p>Ciudad de M\u00e9xico.- El Presidente Andr\u00e9s Manuel L\u00f3pez Obrador\u00a0no esper\u00f3 a que los ciudadanos presentaran sus 1.8 millones de\u00a0firmas recolectadas\u00a0y \u00e9l mismo envi\u00f3 un\u00a0documento\u00a0que prepar\u00f3 junto con su\u00a0Consejer\u00eda Jur\u00eddica\u00a0para solicitar la\u00a0consulta popular a los expresidentes. Aunque en el documento insiste en que est\u00e1 en contra de la acci\u00f3n, enlist\u00f3 las piedras que cargan los expresidentes [&hellip;]<\/p>\n","protected":false},"author":2,"featured_media":83663,"comment_status":"open","ping_status":"open","sticky":false,"template":"","format":"standard","meta":{"footnotes":""},"categories":[63],"tags":[],"class_list":["post-83662","post","type-post","status-publish","format-standard","has-post-thumbnail","hentry","category-editorial"],"_links":{"self":[{"href":"http:\/\/elcuartopoder.com.mx\/nw\/wp-json\/wp\/v2\/posts\/83662","targetHints":{"allow":["GET"]}}],"collection":[{"href":"http:\/\/elcuartopoder.com.mx\/nw\/wp-json\/wp\/v2\/posts"}],"about":[{"href":"http:\/\/elcuartopoder.com.mx\/nw\/wp-json\/wp\/v2\/types\/post"}],"author":[{"embeddable":true,"href":"http:\/\/elcuartopoder.com.mx\/nw\/wp-json\/wp\/v2\/users\/2"}],"replies":[{"embeddable":true,"href":"http:\/\/elcuartopoder.com.mx\/nw\/wp-json\/wp\/v2\/comments?post=83662"}],"version-history":[{"count":1,"href":"http:\/\/elcuartopoder.com.mx\/nw\/wp-json\/wp\/v2\/posts\/83662\/revisions"}],"predecessor-version":[{"id":83664,"href":"http:\/\/elcuartopoder.com.mx\/nw\/wp-json\/wp\/v2\/posts\/83662\/revisions\/83664"}],"wp:featuredmedia":[{"embeddable":true,"href":"http:\/\/elcuartopoder.com.mx\/nw\/wp-json\/wp\/v2\/media\/83663"}],"wp:attachment":[{"href":"http:\/\/elcuartopoder.com.mx\/nw\/wp-json\/wp\/v2\/media?parent=83662"}],"wp:term":[{"taxonomy":"category","embeddable":true,"href":"http:\/\/elcuartopoder.com.mx\/nw\/wp-json\/wp\/v2\/categories?post=83662"},{"taxonomy":"post_tag","embeddable":true,"href":"http:\/\/elcuartopoder.com.mx\/nw\/wp-json\/wp\/v2\/tags?post=83662"}],"curies":[{"name":"wp","href":"https:\/\/api.w.org\/{rel}","templated":true}]}}