{"id":83671,"date":"2020-10-01T16:39:17","date_gmt":"2020-10-01T21:39:17","guid":{"rendered":"http:\/\/elcuartopoder.com.mx\/nw\/?p=83671"},"modified":"2020-10-01T16:39:21","modified_gmt":"2020-10-01T21:39:21","slug":"relevo-anunciado-en-la-bancada-del-pvem","status":"publish","type":"post","link":"http:\/\/elcuartopoder.com.mx\/nw\/politica\/relevo-anunciado-en-la-bancada-del-pvem\/","title":{"rendered":"Relevo anunciado en la bancada del PVEM"},"content":{"rendered":"\n<p><strong>CHETUMAL, MX. \u2013<\/strong>&nbsp;Ante las inasistencias a las sesiones desde el inicio de la D\u00e9cimo Sexta legislatura, consecuencia de su embarazo, Tyara Schleske de Ari\u00f1o decidi\u00f3 solicitar licencia para separarse del cargo y dejar paso a Marcia Fern\u00e1ndez Pi\u00f1a quien rindi\u00f3 protesta este mi\u00e9rcoles.<\/p>\n\n\n\n<p>Marcia Fern\u00e1ndez Pi\u00f1a, hermana de la alcaldesa de Puerto Morelos, Laura Fern\u00e1ndez, fue diputada por el X distrito electoral en la XIV legislatura.<\/p>\n\n\n\n<p>El coordinador de la fracci\u00f3n parlamentaria del Verde Ecologista, Gustavo Miranda Garcia, advirti\u00f3, desde su toma de posesi\u00f3n como presidente de la Junta de Gobierno y Coordinaci\u00f3n Pol\u00edtica (Jugocopo), la posibilidad que Schleske de Ari\u00f1o dejara su curul de considerar que sus condiciones de salud pudieran comprometer el trabajo legislativo.<\/p>\n\n\n\n<p><strong>Fuente:<\/strong> Noticaribe<\/p>\n","protected":false},"excerpt":{"rendered":"<p>CHETUMAL, MX. \u2013&nbsp;Ante las inasistencias a las sesiones desde el inicio de la D\u00e9cimo Sexta legislatura, consecuencia de su embarazo, Tyara Schleske de Ari\u00f1o decidi\u00f3 solicitar licencia para separarse del cargo y dejar paso a Marcia Fern\u00e1ndez Pi\u00f1a quien rindi\u00f3 protesta este mi\u00e9rcoles. Marcia Fern\u00e1ndez Pi\u00f1a, hermana de la alcaldesa de Puerto Morelos, Laura Fern\u00e1ndez, [&hellip;]<\/p>\n","protected":false},"author":2,"featured_media":83672,"comment_status":"open","ping_status":"open","sticky":false,"template":"","format":"standard","meta":{"footnotes":""},"categories":[61],"tags":[],"class_list":["post-83671","post","type-post","status-publish","format-standard","has-post-thumbnail","hentry","category-politica"],"_links":{"self":[{"href":"http:\/\/elcuartopoder.com.mx\/nw\/wp-json\/wp\/v2\/posts\/83671","targetHints":{"allow":["GET"]}}],"collection":[{"href":"http:\/\/elcuartopoder.com.mx\/nw\/wp-json\/wp\/v2\/posts"}],"about":[{"href":"http:\/\/elcuartopoder.com.mx\/nw\/wp-json\/wp\/v2\/types\/post"}],"author":[{"embeddable":true,"href":"http:\/\/elcuartopoder.com.mx\/nw\/wp-json\/wp\/v2\/users\/2"}],"replies":[{"embeddable":true,"href":"http:\/\/elcuartopoder.com.mx\/nw\/wp-json\/wp\/v2\/comments?post=83671"}],"version-history":[{"count":1,"href":"http:\/\/elcuartopoder.com.mx\/nw\/wp-json\/wp\/v2\/posts\/83671\/revisions"}],"predecessor-version":[{"id":83673,"href":"http:\/\/elcuartopoder.com.mx\/nw\/wp-json\/wp\/v2\/posts\/83671\/revisions\/83673"}],"wp:featuredmedia":[{"embeddable":true,"href":"http:\/\/elcuartopoder.com.mx\/nw\/wp-json\/wp\/v2\/media\/83672"}],"wp:attachment":[{"href":"http:\/\/elcuartopoder.com.mx\/nw\/wp-json\/wp\/v2\/media?parent=83671"}],"wp:term":[{"taxonomy":"category","embeddable":true,"href":"http:\/\/elcuartopoder.com.mx\/nw\/wp-json\/wp\/v2\/categories?post=83671"},{"taxonomy":"post_tag","embeddable":true,"href":"http:\/\/elcuartopoder.com.mx\/nw\/wp-json\/wp\/v2\/tags?post=83671"}],"curies":[{"name":"wp","href":"https:\/\/api.w.org\/{rel}","templated":true}]}}