{"id":83798,"date":"2020-10-05T13:17:11","date_gmt":"2020-10-05T18:17:11","guid":{"rendered":"http:\/\/elcuartopoder.com.mx\/nw\/?p=83798"},"modified":"2020-10-05T13:17:41","modified_gmt":"2020-10-05T18:17:41","slug":"amlo-y-empresarios-presentan-un-ambicioso-plan-de-inversion-y-se-declaran-listos-para-ir-juntos","status":"publish","type":"post","link":"http:\/\/elcuartopoder.com.mx\/nw\/politica\/amlo-y-empresarios-presentan-un-ambicioso-plan-de-inversion-y-se-declaran-listos-para-ir-juntos\/","title":{"rendered":"AMLO y empresarios presentan un ambicioso plan de inversi\u00f3n y se declaran listos para ir juntos"},"content":{"rendered":"\n<p>Ciudad de M\u00e9xico.\u2013 El Presidente <strong>Andr\u00e9s Manuel L\u00f3pez Obrador<\/strong>\u00a0parece haber zanjado diferencias con una parte importante del\u00a0<strong>sector empresarial<\/strong>\u00a0y esta ma\u00f1ana apareci\u00f3 con sus representantes en la conferencia ma\u00f1anera. Anunciaron juntos un ambicioso\u00a0<strong>plan de infraestructura<\/strong>\u00a0\u2013incluso energ\u00e9tico\u2013 que, de concretarse, impulsar\u00e1 empleo,\u00a0<strong>inversi\u00f3n<\/strong>\u00a0y desarrollo en momentos en los que se necesita m\u00e1s: cuando M\u00e9xico y el mundo sufren una crisis in\u00e9dita.<\/p>\n\n\n\n<p>El anuncio es una buena se\u00f1al. Los&nbsp;<strong>empresarios<\/strong>&nbsp;hab\u00edan pedido dinero otra vez \u2013como en cada crisis\u2013 para sortear la ca\u00edda de la econom\u00eda y el Jefe de Estado les dijo que no; que esos recursos, los que fueran, ser\u00edan para \u201clos de abajo\u201d. Eso los distanci\u00f3. Ahora la relaci\u00f3n se ha saneado, parece.<\/p>\n\n\n\n<p>La econom\u00eda de M\u00e9xico tuvo estos meses dos ingresos inesperados que fortalecieron las finanzas p\u00fablicas: los migrantes, uno de ellos; el otro fue el pago de impuestos por parte de los gigantes corporativos que deb\u00edan a la Hacienda p\u00fablica por las laxas pol\u00edticas \u2013y para el Presidente, por la complicidad\u2013 de los anteriores gobiernos.<\/p>\n\n\n\n<blockquote class=\"wp-block-quote is-layout-flow wp-block-quote-is-layout-flow\"><p>\u201cAhora s\u00ed se va a hacer un anuncio muy importante porque va a significar el que haya m\u00e1s&nbsp;<strong>inversi\u00f3n<\/strong>&nbsp;para proyectos de infraestructura en el pa\u00eds, proyectos tambi\u00e9n en el sector energ\u00e9tico, todo lo que tiene que ver con comunicaciones\u201d, dijo L\u00f3pez Obrador esta ma\u00f1ana, con la&nbsp;<strong>\u00e9lite empresarial<\/strong>&nbsp;junto a \u00e9l en Palacio Nacional.<\/p><\/blockquote>\n\n\n\n<figure class=\"wp-block-embed-youtube wp-block-embed is-type-video is-provider-youtube wp-embed-aspect-16-9 wp-has-aspect-ratio\"><div class=\"wp-block-embed__wrapper\">\n<iframe loading=\"lazy\" width=\"696\" height=\"392\" src=\"https:\/\/www.youtube.com\/embed\/zAszcl6N__g?feature=oembed\" frameborder=\"0\" allow=\"accelerometer; autoplay; clipboard-write; encrypted-media; gyroscope; picture-in-picture\" allowfullscreen><\/iframe>\n<\/div><\/figure>\n\n\n\n<p>En su conferencia de prensa matutina, asegur\u00f3 que se encuentran trabajando de manera conjunta el sector&nbsp;p\u00fablico, social y privado, los cuales representan los tres motores&nbsp;que se requieren para reactivar la econom\u00eda, pues, admiti\u00f3, \u201ces muy importante que sepamos todos que no podr\u00edamos solos\u201d.<\/p>\n\n\n\n<blockquote class=\"wp-block-quote is-layout-flow wp-block-quote-is-layout-flow\"><p>\u201cDesde luego ha sido muy importante lo que se ha hecho enfrentando las dos crisis: la sanitaria y la econ\u00f3mica. El que se haya tomado la decisi\u00f3n de apoyar las actividades productivas de los de m\u00e1s abajo, muy contrario de lo que se hac\u00eda anteriormente, cuando se rescataba a las grandes corporaciones\u201d, coment\u00f3 el mandatario.<\/p><\/blockquote>\n\n\n\n<p>Frente a los medios de comunicaci\u00f3n, record\u00f3 que en su Gobierno&nbsp;se opt\u00f3 por fortalecer el consumo de las mayor\u00edas y se destinaron muchos recursos para el bienestar, como lo fue la entrega de cr\u00e9ditos a peque\u00f1as empresas \u201ccomo nunca se hab\u00eda hecho en el pa\u00eds\u201d.<\/p>\n\n\n\n<blockquote class=\"wp-block-quote is-layout-flow wp-block-quote-is-layout-flow\"><p>\u201cEn cinco meses, alrededor de dos millones de cr\u00e9ditos para peque\u00f1as y medianas empresas con tasa de inter\u00e9s del cinco por ciento anual en promedio. Todo esto se hizo en cinco meses. Fueron cr\u00e9ditos a la palabra, sin papeleo, porque la mayor riqueza de M\u00e9xico es la honestidad de su pueblo\u201d, agreg\u00f3 el Presidente.<\/p><\/blockquote>\n\n\n\n<p>Consider\u00f3 que esto ha ayudado a enfrentar las crisis econ\u00f3mica derivada de la pandemia de la COVID-19, a lo que se sum\u00f3 \u201cel apoyo de nuestros paisanos porque no dejaron de enviar recursos a sus familiares en M\u00e9xico. En estos tiempos dif\u00edciles nos han apoyado como nunca\u201d.<\/p>\n\n\n\n<blockquote class=\"wp-block-quote is-layout-flow wp-block-quote-is-layout-flow\"><p>\u201cLos expertos dec\u00edan que con la crisis se iban a caer las remesas y fue lo contrario, se han incrementado en 10 por ciento, con relaci\u00f3n al a\u00f1o pasado. Y este a\u00f1o, sin duda, van a ser remesas r\u00e9cord porque vamos a llegar a los 40 mil millones de d\u00f3lares\u201d, confi\u00f3 el tabasque\u00f1o.<\/p><\/blockquote>\n\n\n\n<figure class=\"wp-block-image\"><img decoding=\"async\" src=\"https:\/\/www.sinembargo.mx\/wp-content\/uploads\/2020\/10\/amlo-conferencia.jpg\" alt=\"El Presidente de M\u00e9xico encabez\u00f3 esta ma\u00f1ana su conferencia de prensa matutina. \" class=\"wp-image-3871572\"\/><\/figure>\n\n\n\n<p>El Presidente de M\u00e9xico encabez\u00f3 esta ma\u00f1ana su conferencia de prensa matutina. Foto: Gobierno de M\u00e9xico<\/p>\n\n\n\n<p>AMLO afirm\u00f3 que las remesas ya son la principal fuente de ingresos en el pa\u00eds, ya que llega a \u201c10 millones de familias de abajo. Por eso, a pesar de la crisis, las tiendas departamentales, en vez de vender menos, aumentaron sus ventas. Esto significa que la gente no ha dejado de tener para consumir lo b\u00e1sico. Tambi\u00e9n nos ayud\u00f3 mucho que el sector menos afectado por la crisis fue el primario\u201d.<\/p>\n\n\n\n<blockquote class=\"wp-block-quote is-layout-flow wp-block-quote-is-layout-flow\"><p>\u201cTambi\u00e9n es muy satisfactorio poder informar al pueblo de M\u00e9xico que ya estamos recuperando los empleos perdidos. Desde agosto empezamos a recuperar empleos. En agosto se recuperaron m\u00e1s de 90 mil y en septiembre cerca de 120 mil. Ya llevamos en dos meses m\u00e1s de 200 mil empleos recuperados. Perdimos cerca de un mill\u00f3n de empleos por la pandemia a partir de abril. S\u00f3lo en ese mes se perdieron 550 mil empleos de los trabajadores inscritos en el Seguro Social, pero ya nos estamos recuperando. Y si seguimos as\u00ed, yo calculo que en seis meses vamos a tener de nuevo los 20 millones 500 mil empleos que estaban registrados antes de la pandemia\u201d, sostuvo.<\/p><\/blockquote>\n\n\n\n<p>De acuerdo con el Jefe del Ejecutivo federal,&nbsp;\u201cpara reforzar todo este plan vamos a suscribir un convenio con el sector privado nacional, que va a significar inversi\u00f3n, empleos, bienestar. Por eso celebro que est\u00e9n aqu\u00ed los representantes de los empresarios de M\u00e9xico, a quienes les agradecemos mucho\u201d.<\/p>\n\n\n\n<p>En su intervenci\u00f3n,&nbsp;Carlos Salazar Lomel\u00edn, presidente del Consejo Coordinador Empresarial (CCE),&nbsp;record\u00f3 que en diciembre de 2019 pronostic\u00f3 que 2020 ser\u00eda un a\u00f1o de crecimiento econ\u00f3mico con base en el aumento salarial sin precedentes, del 20 por ciento; la reciente firma del T-MEC, con lo que se daba certeza a las inversiones; y finalmente con el plan de infraestructura, presentado en el mes de noviembre, que buscaba aumentar el desarrollo del pa\u00eds.<\/p>\n\n\n\n<blockquote class=\"wp-block-quote is-layout-flow wp-block-quote-is-layout-flow\"><p>\u201cMe equivoqu\u00e9 completa y absolutamente\u201d, reconoci\u00f3. \u201cNunca nos imaginamos en ese momento lo que ven\u00eda. Nunca imaginamos esta crisis econ\u00f3mica que se ha convertido en un problema econ\u00f3mico autoinfringido\u201d, dijo Salazar Lomel\u00edn.<\/p><\/blockquote>\n\n\n\n<p>La crisis sanitaria de la COVID-19, explic\u00f3, requiri\u00f3 que para la protecci\u00f3n de la salud p\u00fablica se creara un problema econ\u00f3mico sin precedentes. Sin embargo, confi\u00f3 en que \u201ctodos aquellos que queremos a M\u00e9xico\u201d han buscado soluciones para el impacto del nuevo coronavirus.<\/p>\n\n\n\n<figure class=\"wp-block-image\"><img decoding=\"async\" src=\"https:\/\/www.sinembargo.mx\/wp-content\/uploads\/2020\/10\/carlos-salazar-lomelin.jpg\" alt=\"Carlos Salazar Lomel\u00edn, presidente del Consejo Coordinador Empresarial (CCE). \" class=\"wp-image-3871577\"\/><\/figure>\n\n\n\n<p>Carlos Salazar Lomel\u00edn, presidente del Consejo Coordinador Empresarial (CCE). Foto: Gobierno de M\u00e9xico<\/p>\n\n\n\n<p>Con el nuevo acuerdo, Salazar destac\u00f3 que \u201cse manda el mensaje de estar unidos, buscando el bienestar del pa\u00eds. Se manda el mensaje de que buscamos tener la certeza y la certidumbre de la cual hemos hablado durante reiteradas ocasiones. Vuelve la Presidencia de M\u00e9xico a reiterar el inter\u00e9s que tiene en la inversi\u00f3n privada, el soporte que la inversi\u00f3n privada le puede dar a nuestro pa\u00eds, la importancia de trabajar unidos y juntos y, como \u00e9l dijo ya, en un paquete de inversi\u00f3n que se va a ir anunciando paulatinamente\u201d.<\/p>\n\n\n\n<p>La cabeza del sector empresarial organizado admiti\u00f3 que para la reactivaci\u00f3n econ\u00f3mica es necesaria la colaboraci\u00f3n de todos los sectores sociales, por lo que el combate a la corrupci\u00f3n, la estabilidad macroecon\u00f3mica y la transparencia ser\u00e1n centrales.<\/p>\n\n\n\n<p>Las 12 organizaciones empresariales del CCE se comprometieron a lanzar opciones de recuperaci\u00f3n que contengan la inversi\u00f3n privada con un m\u00ednimo del 50 por ciento; adem\u00e1s buscar\u00e1n aprovechar el T-MEC para reforzar las cadenas productivas de la zona norte del continente, alianzas estrat\u00e9gicas y mejoras aduanales.<\/p>\n\n\n\n<p>Uno de los sectores en los que buscan mayor inversi\u00f3n ser\u00e1 la comercializaci\u00f3n con la zona este de Estados Unidos, tambi\u00e9n apostar\u00e1n el reforzamiento del turismo con base en la modernizaci\u00f3n de la infraestructura dependiente del sector y la mejora de la seguridad p\u00fablica.<\/p>\n\n\n\n<p>Arturo Herrera, titular de la Secretar\u00eda de Hacienda y cr\u00e9dito P\u00fablico (SHCP), particip\u00f3 en la presentaci\u00f3n del nuevo acuerdo de inversi\u00f3n, basado en 39 proyectos. Indic\u00f3&nbsp;que siete de ellos est\u00e1n en ejecuci\u00f3n, en los que hay una inversi\u00f3n de 38 mil millones de pesos. Su ejecuci\u00f3n inici\u00f3 en el mes de diciembre, dijo.<\/p>\n\n\n\n<blockquote class=\"wp-block-quote is-layout-flow wp-block-quote-is-layout-flow\"><p>\u201cHay alrededor de siete proyectos que est\u00e1n en ejecuci\u00f3n por 38 mil millones de pesos. Esta ejecuci\u00f3n inici\u00f3 en el mes diciembre con un total de 32 proyectos por 259 mil millones de pesos, de los cuales, 156 mil son en el sector de comunicaciones, 98 mil en energ\u00eda, y dos mil millones en agua y medio ambiente\u201d, detall\u00f3.<\/p><\/blockquote>\n\n\n\n<figure class=\"wp-block-image\"><img decoding=\"async\" src=\"https:\/\/www.sinembargo.mx\/wp-content\/uploads\/2020\/10\/783aff45-053c-4071-9969-54a3cc5c7789.jpg\" alt=\"El Presidente Andr\u00e9s Manuel L\u00f3pez Obrador en Palacio Nacional. \" class=\"wp-image-3871592\"\/><\/figure>\n\n\n\n<p>El Presidente Andr\u00e9s Manuel L\u00f3pez Obrador en Palacio Nacional. Foto: Gobierno de M\u00e9xico<\/p>\n\n\n\n<p>Los siete proyectos emprendidos son la Autopista Urbana Siervo de la Naci\u00f3n en Edomex; el Viaducto Santa Catarina en Nuevo Le\u00f3n; la modernizaci\u00f3n de la carretera Ecuandero-La Piedad en Zit\u00e1cuaro; la Autopista Guadalajara-Tepic-sur; el mantenimiento, rehabilitaci\u00f3n y operaci\u00f3n de carreteras en Nuevo Le\u00f3n y Tamaulipas; as\u00ed como el libramiento carretero surponiente Aguascalientes.<\/p>\n\n\n\n<blockquote class=\"wp-block-quote is-layout-flow wp-block-quote-is-layout-flow\"><p>\u201cEs m\u00e1s de un punto porcentual del Producto Interno Bruto (PIB). El total de los proyectos que acaban de estar recientemente en ejecuci\u00f3n, o que van a ser anunciados para iniciar este mismo mes, suman casi 300 mil millones de pesos\u201d, precis\u00f3 el Secretario. La inversi\u00f3n acumulada asciende a 297 mil 344 millones de pesos.<\/p><\/blockquote>\n\n\n\n<p>Jorge Nu\u00f1o Lara, titular de la Unidad de Inversiones de la SHCP, revel\u00f3 que con este plan de inversi\u00f3n se pueden crear entre 185 mil y 190 mil empleos y que los&nbsp;proyectos arrancar\u00edan este a\u00f1o y en 2021, mientras que aquellos que faltan por anunciar iniciar\u00edan en 2022 a m\u00e1s tardar.<\/p>\n\n\n\n<p>La importancia del plan radica en que 87 por ciento de la inversi\u00f3n del pa\u00eds proviene del sector privado, argument\u00f3 el jefe de la Oficina de la Presidencia de la Rep\u00fablica, Alfonso Romo.<\/p>\n\n\n\n<blockquote class=\"wp-block-quote is-layout-flow wp-block-quote-is-layout-flow\"><p>\u201cReconocemos la disposici\u00f3n de su Gobierno, se\u00f1or Presidente, para mantener la interlocuci\u00f3n, la apertura al di\u00e1logo y el intercambio de ideas con el sector privado\u201d, afirm\u00f3 Antonio del Valle, presidente del Consejo Mexicano de Negocios.<\/p><\/blockquote>\n\n\n\n<p><strong>Fuente:<\/strong> sinembargo<\/p>\n","protected":false},"excerpt":{"rendered":"<p>Ciudad de M\u00e9xico.\u2013 El Presidente Andr\u00e9s Manuel L\u00f3pez Obrador\u00a0parece haber zanjado diferencias con una parte importante del\u00a0sector empresarial\u00a0y esta ma\u00f1ana apareci\u00f3 con sus representantes en la conferencia ma\u00f1anera. Anunciaron juntos un ambicioso\u00a0plan de infraestructura\u00a0\u2013incluso energ\u00e9tico\u2013 que, de concretarse, impulsar\u00e1 empleo,\u00a0inversi\u00f3n\u00a0y desarrollo en momentos en los que se necesita m\u00e1s: cuando M\u00e9xico y el mundo sufren [&hellip;]<\/p>\n","protected":false},"author":2,"featured_media":83799,"comment_status":"open","ping_status":"open","sticky":false,"template":"","format":"standard","meta":{"footnotes":""},"categories":[61],"tags":[],"class_list":["post-83798","post","type-post","status-publish","format-standard","has-post-thumbnail","hentry","category-politica"],"_links":{"self":[{"href":"http:\/\/elcuartopoder.com.mx\/nw\/wp-json\/wp\/v2\/posts\/83798","targetHints":{"allow":["GET"]}}],"collection":[{"href":"http:\/\/elcuartopoder.com.mx\/nw\/wp-json\/wp\/v2\/posts"}],"about":[{"href":"http:\/\/elcuartopoder.com.mx\/nw\/wp-json\/wp\/v2\/types\/post"}],"author":[{"embeddable":true,"href":"http:\/\/elcuartopoder.com.mx\/nw\/wp-json\/wp\/v2\/users\/2"}],"replies":[{"embeddable":true,"href":"http:\/\/elcuartopoder.com.mx\/nw\/wp-json\/wp\/v2\/comments?post=83798"}],"version-history":[{"count":1,"href":"http:\/\/elcuartopoder.com.mx\/nw\/wp-json\/wp\/v2\/posts\/83798\/revisions"}],"predecessor-version":[{"id":83800,"href":"http:\/\/elcuartopoder.com.mx\/nw\/wp-json\/wp\/v2\/posts\/83798\/revisions\/83800"}],"wp:featuredmedia":[{"embeddable":true,"href":"http:\/\/elcuartopoder.com.mx\/nw\/wp-json\/wp\/v2\/media\/83799"}],"wp:attachment":[{"href":"http:\/\/elcuartopoder.com.mx\/nw\/wp-json\/wp\/v2\/media?parent=83798"}],"wp:term":[{"taxonomy":"category","embeddable":true,"href":"http:\/\/elcuartopoder.com.mx\/nw\/wp-json\/wp\/v2\/categories?post=83798"},{"taxonomy":"post_tag","embeddable":true,"href":"http:\/\/elcuartopoder.com.mx\/nw\/wp-json\/wp\/v2\/tags?post=83798"}],"curies":[{"name":"wp","href":"https:\/\/api.w.org\/{rel}","templated":true}]}}