{"id":83810,"date":"2020-10-06T12:06:36","date_gmt":"2020-10-06T17:06:36","guid":{"rendered":"http:\/\/elcuartopoder.com.mx\/nw\/?p=83810"},"modified":"2020-10-06T12:06:39","modified_gmt":"2020-10-06T17:06:39","slug":"frenan-nueva-caravana-de-migrantes-en-guatemala-los-deportan","status":"publish","type":"post","link":"http:\/\/elcuartopoder.com.mx\/nw\/destacadas\/frenan-nueva-caravana-de-migrantes-en-guatemala-los-deportan\/","title":{"rendered":"Frenan nueva caravana de migrantes en Guatemala; los deportan"},"content":{"rendered":"\n<p>Guatemala.- Por lo menos<strong>&nbsp;3,300 migrantes hondure\u00f1os que viajaban<\/strong>&nbsp;en caravana e intentaban transitar por Guatemala ya fueron deportados, asegura el presidente Alejandro Giammattei. Durante cuatro d\u00edas, los migrantes trataron de dirigirse a Estados Unidos, pero este pa\u00eds les fren\u00f3 el sue\u00f1o americano.<\/p>\n\n\n\n<p><strong>La caravana de migrantes hondure\u00f1os<\/strong>&nbsp;se form\u00f3 con varias semanas de antelaci\u00f3n a trav\u00e9s de redes sociales como Facebook y WhatsApp, como en 2018, en medio de la campa\u00f1a pol\u00edtica de Estados Unidos para las elecciones presidenciales de noviembre.<\/p>\n\n\n\n<p>El tema migratorio ha sido uno de los m\u00e1s capitalizados por los republicanos y\u00a0<strong>Donald Trump, quien busca reelegirse.<\/strong><\/p>\n\n\n\n<figure class=\"wp-block-image\"><img decoding=\"async\" src=\"https:\/\/images.sipse.com\/UG2WOQW6zjRTB-ppUJb6tsAFMIE=\/fit-in\/580x500\/2020\/10\/05\/1601926852786.jpg\" alt=\"\"\/><\/figure>\n\n\n\n<p>El migrante hondure\u00f1o Marcos Pineda, su esposa Keysi Gir\u00f3n y sus hijos G\u00e9nesis y Ezequiel caminan en San Luis Pet\u00e9n, Guatemala. (AP Foto\/Moises Castillo)<\/p>\n\n\n\n<p><strong>Guatemala abri\u00f3 sus fronteras en septiembre<\/strong>&nbsp;despu\u00e9s de meses de estar cerradas por la pandemia. Al cruzar, los migrantes hondure\u00f1os no realizaron los registros migratorios y sanitarios que el gobierno ha impuesto como requisito para transitar en el pa\u00eds.<\/p>\n\n\n\n<p>Guatemala aplic\u00f3 la misma estrategia que&nbsp;<strong>M\u00e9xico en 2019<\/strong>: poca oposici\u00f3n a la entrada en masa, permitir el avance y que los migrantes caminaran cientos de kil\u00f3metros para luego colocar barreras de soldados y polic\u00edas con el fin de detenerlos, pero sin llegar a la violencia, s\u00f3lo con amenazas de detenci\u00f3n. Los migrantes sin opciones decidieron retornar a su pa\u00eds.<\/p>\n\n\n\n<p>Janeth Rivera, una hondure\u00f1a que viaj\u00f3 con la caravana, dijo a la AP que&nbsp;<strong>ya est\u00e1 en su casa<\/strong>&nbsp;en Honduras y que decidi\u00f3 regresar ante el cansancio y el cierre de las autoridades de permitir el avance de la caravana.<\/p>\n\n\n\n<p>El padre Mauro Verezeletti, director de la Casa del Migrante en la capital guatemalteca, explic\u00f3 que \u201ccada vez m\u00e1s los pa\u00edses est\u00e1n endureciendo la salida de personas de sus pa\u00edses. Est\u00e1n volteando sus pol\u00edticas hacia el racismo,<strong>&nbsp;la xenofobia y la discriminaci\u00f3n a los migrantes<\/strong>\u201d.<\/p>\n\n\n\n<h2 class=\"wp-block-heading\">Algunos migrantes llegaron a M\u00e9xico<\/h2>\n\n\n\n<p>Hasta la frontera entre&nbsp;<strong>M\u00e9xico y Guatemala<\/strong>&nbsp;alcanzaron a llegar peque\u00f1os grupos de migrantes que iban en la caravana, pero el gobierno mexicano ya tiene preparada su estrategia.<\/p>\n\n\n\n<p>El presidente mexicano<strong>&nbsp;Andr\u00e9s Manuel L\u00f3pez Obrador dijo el lunes que su pa\u00eds va a mantener el despliegue de cientos de agentes<\/strong>&nbsp;de migraci\u00f3n, guardia nacional y militares en esa zona, aunque asegur\u00f3 que s\u00f3lo quedan \u201cmuy grupos peque\u00f1os\u201d.<\/p>\n\n\n\n<figure><iframe allowfullscreen=\"true\" class=\"\" src=\"https:\/\/platform.twitter.com\/embed\/index.html?creatorScreenName=SIPSE&amp;dnt=false&amp;embedId=twitter-widget-0&amp;frame=false&amp;hideCard=false&amp;hideThread=false&amp;id=1312936527899643904&amp;lang=es&amp;origin=https%3A%2F%2Fsipse.com%2Fmundo%2Fcaravana-migrantes-guatemala-migracion-deportados-380578.html&amp;siteScreenName=SIPSE&amp;theme=light&amp;widgetsVersion=ed20a2b%3A1601588405575&amp;width=550px\"><\/iframe><\/figure>\n\n\n\n<p>\u201c<strong>Ya no hay el numero de personas<\/strong>&nbsp;que se pensaba iban a entrara al pa\u00eds&#8230; Son muy peque\u00f1os grupos, no hay ning\u00fan problema&#8230; De todas maneras si hay un plan especial en la frontera sur, estamos all\u00ed pendientes\u201d, dijo el presidente mexicano.<\/p>\n\n\n\n<figure><iframe allowfullscreen=\"true\" class=\"\" src=\"https:\/\/platform.twitter.com\/embed\/index.html?creatorScreenName=SIPSE&amp;dnt=false&amp;embedId=twitter-widget-1&amp;frame=false&amp;hideCard=false&amp;hideThread=false&amp;id=1313232518523613185&amp;lang=es&amp;origin=https%3A%2F%2Fsipse.com%2Fmundo%2Fcaravana-migrantes-guatemala-migracion-deportados-380578.html&amp;siteScreenName=SIPSE&amp;theme=light&amp;widgetsVersion=ed20a2b%3A1601588405575&amp;width=550px\"><\/iframe><\/figure>\n\n\n\n<p>L\u00f3pez Obrador insiste en que hab\u00eda intenciones pol\u00edticas atr\u00e1s de la caravana. \u201cCreo que ayud\u00f3 mucho la llamada que hicimos, sobre todo la advertencia de que pod\u00eda haber intereses pol\u00edticos, porque no es casual que se organice una caravana cuando estamos a menos de un mes de las elecciones en los<strong>&nbsp;Estados Unidos<\/strong>\u201d.<\/p>\n\n\n\n<p><strong>M\u00e9xico parec\u00eda actuar en consonancia<\/strong>&nbsp;con Guatemala en prevenir el paso de la caravana. El embajador de Guatemala acompa\u00f1aba a los oficiales mexicanos para revisar el despliegue de fuerzas en el R\u00edo Suchiate.<\/p>\n\n\n\n<p>Seg\u00fan el padre Verzeletti,&nbsp;<strong>esta vez se habr\u00e1 frenado la caravana<\/strong>&nbsp;pero no se puede frenar la migraci\u00f3n, pues las condiciones de necesidad de la gente no han cambiado.<\/p>\n\n\n\n<p>\u201c<strong>El gobierno no va a poder dejar un a los militares<\/strong>\u00a0all\u00ed sino unos d\u00edas y luego deber\u00e1n de irse. Los van a detener por unos d\u00edas como hizo M\u00e9xico, pero luego pasaran miles\u201d, dijo el sacerdote. \u201cLos migrantes lo que van a hacer es crear otra estrategia. Las necesidades aumentaron con la pandemia y la perdida de los trabajos formales, la corrupci\u00f3n de los gobiernos aument\u00f3, entonces la migraci\u00f3n seguir\u00e1\u201d.<\/p>\n\n\n\n<p><strong>Fuente: <\/strong>SIPSE<\/p>\n","protected":false},"excerpt":{"rendered":"<p>Guatemala.- Por lo menos&nbsp;3,300 migrantes hondure\u00f1os que viajaban&nbsp;en caravana e intentaban transitar por Guatemala ya fueron deportados, asegura el presidente Alejandro Giammattei. Durante cuatro d\u00edas, los migrantes trataron de dirigirse a Estados Unidos, pero este pa\u00eds les fren\u00f3 el sue\u00f1o americano. La caravana de migrantes hondure\u00f1os&nbsp;se form\u00f3 con varias semanas de antelaci\u00f3n a trav\u00e9s de [&hellip;]<\/p>\n","protected":false},"author":2,"featured_media":83811,"comment_status":"open","ping_status":"open","sticky":false,"template":"","format":"standard","meta":{"footnotes":""},"categories":[59],"tags":[],"class_list":["post-83810","post","type-post","status-publish","format-standard","has-post-thumbnail","hentry","category-destacadas"],"_links":{"self":[{"href":"http:\/\/elcuartopoder.com.mx\/nw\/wp-json\/wp\/v2\/posts\/83810","targetHints":{"allow":["GET"]}}],"collection":[{"href":"http:\/\/elcuartopoder.com.mx\/nw\/wp-json\/wp\/v2\/posts"}],"about":[{"href":"http:\/\/elcuartopoder.com.mx\/nw\/wp-json\/wp\/v2\/types\/post"}],"author":[{"embeddable":true,"href":"http:\/\/elcuartopoder.com.mx\/nw\/wp-json\/wp\/v2\/users\/2"}],"replies":[{"embeddable":true,"href":"http:\/\/elcuartopoder.com.mx\/nw\/wp-json\/wp\/v2\/comments?post=83810"}],"version-history":[{"count":1,"href":"http:\/\/elcuartopoder.com.mx\/nw\/wp-json\/wp\/v2\/posts\/83810\/revisions"}],"predecessor-version":[{"id":83812,"href":"http:\/\/elcuartopoder.com.mx\/nw\/wp-json\/wp\/v2\/posts\/83810\/revisions\/83812"}],"wp:featuredmedia":[{"embeddable":true,"href":"http:\/\/elcuartopoder.com.mx\/nw\/wp-json\/wp\/v2\/media\/83811"}],"wp:attachment":[{"href":"http:\/\/elcuartopoder.com.mx\/nw\/wp-json\/wp\/v2\/media?parent=83810"}],"wp:term":[{"taxonomy":"category","embeddable":true,"href":"http:\/\/elcuartopoder.com.mx\/nw\/wp-json\/wp\/v2\/categories?post=83810"},{"taxonomy":"post_tag","embeddable":true,"href":"http:\/\/elcuartopoder.com.mx\/nw\/wp-json\/wp\/v2\/tags?post=83810"}],"curies":[{"name":"wp","href":"https:\/\/api.w.org\/{rel}","templated":true}]}}