{"id":83828,"date":"2020-10-06T14:22:12","date_gmt":"2020-10-06T19:22:12","guid":{"rendered":"http:\/\/elcuartopoder.com.mx\/nw\/?p=83828"},"modified":"2020-10-06T14:22:15","modified_gmt":"2020-10-06T19:22:15","slug":"la-crisis-empujara-a-la-pobreza-extrema-a-entre-110-y-150-millones-de-personas-este-ano-y-el-proximo","status":"publish","type":"post","link":"http:\/\/elcuartopoder.com.mx\/nw\/economia\/la-crisis-empujara-a-la-pobreza-extrema-a-entre-110-y-150-millones-de-personas-este-ano-y-el-proximo\/","title":{"rendered":"La crisis empujar\u00e1 a la pobreza extrema a entre 110 y 150 millones de personas este a\u00f1o y el pr\u00f3ximo"},"content":{"rendered":"\n<p>Que la crisis econ\u00f3mica derivada de la pandemia est\u00e1 golpeando m\u00e1s a quienes part\u00edan de una posici\u00f3n m\u00e1s d\u00e9bil es algo sobre lo que hay pocas dudas desde hace meses: el coronavirus ser\u00e1, est\u00e1 siendo,\u00a0una potente fuerza desigualadora. Pero el incesante goteo de datos con el paso de las semanas arroja un panorama cada vez m\u00e1s desolador: el zarpazo del coronavirus empujar\u00e1 a la pobreza extrema (l\u00e9ase, con ingresos inferiores a 1,9 d\u00f3lares al d\u00eda) a entre 110 y 150 millones de personas (m\u00e1s de dos veces y tres veces la poblaci\u00f3n de Espa\u00f1a, respectivamente) a escala global de aqu\u00ed a 2021, seg\u00fan las cifras desveladas este lunes el presidente del Banco Mundial,\u00a0David Malpass, en un discurso en la Frankfurt School of Finance and Management.<\/p>\n\n\n\n<p>La nueva cifra, que ser\u00e1 desglosada en un informe que el prestamista presentar\u00e1 esta misma semana, supone una fuerte subida respecto a la horquilla en la que el Banco Mundial se mov\u00eda hasta ahora: entre 71 y 100 millones de personas. La actualizaci\u00f3n implica que hasta el 1,4% de la poblaci\u00f3n mundial podr\u00eda verse abocada a la pobreza m\u00e1s lacerante.<\/p>\n\n\n\n<p>\u201cEs una crisis como ninguna otra. Los estragos est\u00e1n siendo enormes, y los habitantes de los pa\u00edses m\u00e1s pobres ser\u00e1n los que sufran m\u00e1s y por m\u00e1s tiempo\u201d, ha subrayado Malpass en su intervenci\u00f3n telem\u00e1tica. \u201cDesde 1870 no hab\u00eda tantas econom\u00edas simult\u00e1neamente en recesi\u00f3n, y podr\u00eda conducir a la primera ola de una d\u00e9cada perdida de crecimiento d\u00e9bil, el colapso en muchos sistemas de salud y educaci\u00f3n, y un endeudamiento excesivo. Es un retroceso sin precedentes en el esfuerzo global por acabar con la pobreza extrema, elevar el ingreso mediano y crear prosperidad compartida\u201d.<\/p>\n\n\n\n<p>A diferencia de en la Gran Recesi\u00f3n de 2008 y 2009, cuando el grueso del golpe \u2014al menos inicialmente, y si dejamos a un lado la cura de austeridad que tanto da\u00f1o caus\u00f3 en el sur de Europa\u2014 se centr\u00f3 en los activos financieros y el da\u00f1o fue mayor en los pa\u00edses ricos que en los que estaban en v\u00edas de desarrollo \u2014que capearon mejor el temporal gracias al colch\u00f3n de unas materias primas en m\u00e1ximos\u2014, \u201cesta vez la ca\u00edda es m\u00e1s amplia, m\u00e1s profunda y afecta m\u00e1s a los trabajadores del sector informal y los pobres, especialmente a las mujeres y a los ni\u00f1os, que a quienes tienen m\u00e1s ingresos o activos\u201d. El principal motivo de esta dicotom\u00eda, dice el presidente del multilateral, est\u00e1 en que los pa\u00edses ricos \u201chan tenido recursos para proteger a sus ciudadanos hasta un punto al que muchos en v\u00edas de desarrollo no han podido llegar\u201d.<\/p>\n\n\n\n<p>Pero hay m\u00e1s. \u201cLos pa\u00edses m\u00e1s pobres tienen pocos estabilizadores y cuentan con sistemas sanitarios y redes de protecci\u00f3n social d\u00e9biles. Para ellos no hay ninguna vida r\u00e1pida para revertir la reducci\u00f3n de sus ventas a las econom\u00edas avanzadas o el colapso del turismo y las remesas\u201d. Los efectos de la pandemia, ha dejado caer el presidente del ente con sede en Washington, \u201cser\u00e1n, cada vez m\u00e1s, una amenaza para el mantenimiento del orden social, la estabilidad pol\u00edtica e incluso para la defensa de la democracia misma\u201d.<\/p>\n\n\n\n<p><strong>Una vez en un siglo<\/strong><\/p>\n\n\n\n<p>\u201cEsta crisis es una de esas de una vez en un siglo, y ha demostrado por qu\u00e9 la historia no se repite exactamente. Y, aunque hasta ahora la pandemia no ha desencadenado los efectos secundarios de anteriores choques \u2014ni hiperinflaci\u00f3n, ni deflaci\u00f3n, ni una hambruna generalizada\u2014 y la respuesta econ\u00f3mica global ha sido mucho mayor de lo que esper\u00e1bamos al inicio, la p\u00e9rdida de ingresos y la inequidad del impacto pueden acabar siendo peores que en el pasado\u201d, ha subrayado Malpass.<\/p>\n\n\n\n<p>Por todo ello, el jefe del Banco Mundial ha hecho un llamamiento n\u00edtido a m\u00e1s medidas de alivio de la deuda para los pa\u00edses de ingresos medios y bajos de las que se han puesto en marcha hasta ahora: \u201cHay que dar m\u00e1s pasos (\u2026.) El riesgo es que tome a\u00f1os o incluso d\u00e9cadas a los pa\u00edses m\u00e1s pobres reducir sus niveles de deuda lo suficiente como para comenzar de nuevo a crecer e invertir\u201d. Dada la profundidad de la pandemia, ha zanjado el presidente del Banco Mundial \u201ctenemos que movernos con urgencia y conseguir una reducci\u00f3n significativa en el volumen de deuda de los pa\u00edses m\u00e1s asediados. Bajo el sistema actual, cada pa\u00eds, da igual lo pobre que sea, tiene que luchar con cada prestamista. Y los acreedores cuentan, habitualmente, con los abogados mejor pagados en Estados Unidos y el Reino Unido, que hacen dif\u00edciles las reestructuraciones\u201d.<\/p>\n\n\n\n<p><strong>Fuente: <\/strong>elpa\u00eds<\/p>\n","protected":false},"excerpt":{"rendered":"<p>Que la crisis econ\u00f3mica derivada de la pandemia est\u00e1 golpeando m\u00e1s a quienes part\u00edan de una posici\u00f3n m\u00e1s d\u00e9bil es algo sobre lo que hay pocas dudas desde hace meses: el coronavirus ser\u00e1, est\u00e1 siendo,\u00a0una potente fuerza desigualadora. Pero el incesante goteo de datos con el paso de las semanas arroja un panorama cada vez [&hellip;]<\/p>\n","protected":false},"author":2,"featured_media":83829,"comment_status":"open","ping_status":"open","sticky":false,"template":"","format":"standard","meta":{"footnotes":""},"categories":[1],"tags":[],"class_list":["post-83828","post","type-post","status-publish","format-standard","has-post-thumbnail","hentry","category-economia"],"_links":{"self":[{"href":"http:\/\/elcuartopoder.com.mx\/nw\/wp-json\/wp\/v2\/posts\/83828","targetHints":{"allow":["GET"]}}],"collection":[{"href":"http:\/\/elcuartopoder.com.mx\/nw\/wp-json\/wp\/v2\/posts"}],"about":[{"href":"http:\/\/elcuartopoder.com.mx\/nw\/wp-json\/wp\/v2\/types\/post"}],"author":[{"embeddable":true,"href":"http:\/\/elcuartopoder.com.mx\/nw\/wp-json\/wp\/v2\/users\/2"}],"replies":[{"embeddable":true,"href":"http:\/\/elcuartopoder.com.mx\/nw\/wp-json\/wp\/v2\/comments?post=83828"}],"version-history":[{"count":1,"href":"http:\/\/elcuartopoder.com.mx\/nw\/wp-json\/wp\/v2\/posts\/83828\/revisions"}],"predecessor-version":[{"id":83830,"href":"http:\/\/elcuartopoder.com.mx\/nw\/wp-json\/wp\/v2\/posts\/83828\/revisions\/83830"}],"wp:featuredmedia":[{"embeddable":true,"href":"http:\/\/elcuartopoder.com.mx\/nw\/wp-json\/wp\/v2\/media\/83829"}],"wp:attachment":[{"href":"http:\/\/elcuartopoder.com.mx\/nw\/wp-json\/wp\/v2\/media?parent=83828"}],"wp:term":[{"taxonomy":"category","embeddable":true,"href":"http:\/\/elcuartopoder.com.mx\/nw\/wp-json\/wp\/v2\/categories?post=83828"},{"taxonomy":"post_tag","embeddable":true,"href":"http:\/\/elcuartopoder.com.mx\/nw\/wp-json\/wp\/v2\/tags?post=83828"}],"curies":[{"name":"wp","href":"https:\/\/api.w.org\/{rel}","templated":true}]}}