{"id":83844,"date":"2020-10-07T13:48:36","date_gmt":"2020-10-07T18:48:36","guid":{"rendered":"http:\/\/elcuartopoder.com.mx\/nw\/?p=83844"},"modified":"2020-10-07T13:48:40","modified_gmt":"2020-10-07T18:48:40","slug":"el-agujero-de-la-capa-de-ozono-en-la-antartida-es-de-los-mas-grandes-de-los-ultimos-anos-alerta-la-omm","status":"publish","type":"post","link":"http:\/\/elcuartopoder.com.mx\/nw\/varios\/el-agujero-de-la-capa-de-ozono-en-la-antartida-es-de-los-mas-grandes-de-los-ultimos-anos-alerta-la-omm\/","title":{"rendered":"El agujero de la capa de ozono en la Ant\u00e1rtida es de los m\u00e1s grandes de los \u00faltimos a\u00f1os, alerta la OMM"},"content":{"rendered":"\n<p>Ginebra.- El <strong>agujero<\/strong>\u00a0de la\u00a0<strong>capa de ozono<\/strong>\u00a0sobre la\u00a0<strong>Ant\u00e1rtida<\/strong>\u00a0es\u00a0<strong>uno de los m\u00e1s grandes<\/strong>\u00a0y profundos de los\u00a0<strong>\u00faltimos a\u00f1os<\/strong>, dijo hoy la Organizaci\u00f3n Meteorol\u00f3gica Mundial (OMM).<\/p>\n\n\n\n<p>La capa de ozono ofrece una protecci\u00f3n a las especies vivas del planeta contra los efectos da\u00f1inos de los rayos ultravioletas (UV) procedentes del sol.<\/p>\n\n\n\n<blockquote class=\"wp-block-quote is-layout-flow wp-block-quote-is-layout-flow\"><p>\u201cEntre los riesgos de los rayos UV est\u00e1n el c\u00e1ncer de la piel y las cataratas. Muchos servicios meteorol\u00f3gicos nacionales emiten advertencias sobre los rayos ultravioletas y es muy importante que se les preste atenci\u00f3n\u201d, se\u00f1al\u00f3 a&nbsp;<em>Efe<\/em>&nbsp;la portavoz de la OMM, Clare Nullis.<\/p><\/blockquote>\n\n\n\n<p>La advertencia es ahora especialmente oportuna para Am\u00e9rica Latina y el resto de regiones en el hemisferio sur, \u201cdonde la gente debe seguir los consejos y protegerse del sol\u201d, agreg\u00f3.<\/p>\n\n\n\n<figure class=\"wp-block-embed-twitter wp-block-embed is-type-rich is-provider-twitter\"><div class=\"wp-block-embed__wrapper\">\n<blockquote class=\"twitter-tweet\" data-width=\"550\" data-dnt=\"true\"><p lang=\"en\" dir=\"ltr\">The <a href=\"https:\/\/twitter.com\/hashtag\/ozone?src=hash&amp;ref_src=twsrc%5Etfw\">#ozone<\/a> hole over the <a href=\"https:\/\/twitter.com\/hashtag\/Antarctic?src=hash&amp;ref_src=twsrc%5Etfw\">#Antarctic<\/a> is one of the largest and deepest in recent years, per <a href=\"https:\/\/twitter.com\/CopernicusECMWF?ref_src=twsrc%5Etfw\">@CopernicusECMWF<\/a>, <a href=\"https:\/\/twitter.com\/NASAEarth?ref_src=twsrc%5Etfw\">@NASAEarth<\/a>, <a href=\"https:\/\/twitter.com\/environmentca?ref_src=twsrc%5Etfw\">@environmentca<\/a> and WMO&#39;s Global Atmosphere Watch network.<br>Analyses show the hole has reached its maximum size for the year.<br>Details <a href=\"https:\/\/t.co\/QjU9BqIhcZ\">https:\/\/t.co\/QjU9BqIhcZ<\/a> <a href=\"https:\/\/t.co\/dc4dGQK4rA\">pic.twitter.com\/dc4dGQK4rA<\/a><\/p>&mdash; World Meteorological Organization (@WMO) <a href=\"https:\/\/twitter.com\/WMO\/status\/1313453354266382337?ref_src=twsrc%5Etfw\">October 6, 2020<\/a><\/blockquote><script async src=\"https:\/\/platform.twitter.com\/widgets.js\" charset=\"utf-8\"><\/script>\n<\/div><\/figure>\n\n\n\n<p>Este a\u00f1o el agujero que se forma con una frecuencia anual creci\u00f3 muy r\u00e1pido desde mediados de agosto y alcanz\u00f3 su mayor dimensi\u00f3n, de 24 millones de kil\u00f3metros cuadrados, a principio de ese mes, seg\u00fan confirm\u00f3 tambi\u00e9n el Servicio de Monitoreo Atmosf\u00e9rico Cop\u00e9rnico de la Uni\u00f3n Europea. <\/p>\n\n\n\n<blockquote class=\"wp-block-quote is-layout-flow wp-block-quote-is-layout-flow\"><p>A d\u00eda de hoy cubre 23 millones de kil\u00f3metros cuadrados, un tama\u00f1o que est\u00e1 por encima de la media de la \u00faltima d\u00e9cada, coment\u00f3 Nullis.<\/p><\/blockquote>\n\n\n\n<p>El agujero de la capa de ozono cubre as\u00ed pr\u00e1cticamente la totalidad del continente ant\u00e1rtico y los cient\u00edficos creen que ha alcanzado su m\u00e1xima extensi\u00f3n de este a\u00f1o.<\/p>\n\n\n\n<p>La capa de ozono se comporta de forma muy variable de a\u00f1o en a\u00f1o: en 2019 el agujero fue inusualmente peque\u00f1o, mientras que el a\u00f1o anterior fue bastante grande, pr\u00e1cticamente como el que se ha formado ahora.<\/p>\n\n\n\n<p>Nullis dijo que estas variaciones confirman que no puede haber tregua en los esfuerzos por terminar con el uso de qu\u00edmicos que destruyen la capa de ozono -en particular los halocarburos-y que est\u00e1n prohibidos por una convenci\u00f3n internacional.<\/p>\n\n\n\n<blockquote class=\"wp-block-quote is-layout-flow wp-block-quote-is-layout-flow\"><p>De ese tipo de qu\u00edmicos, los fluorocarburos, clorocarburos y clorofluorocarburos (CFC) son los de uso m\u00e1s extendido y a la vez son los m\u00e1s da\u00f1inos para la capa de ozono. Se les puede encontrar en extintores, refrigerantes, propelentes y disolventes.<\/p><\/blockquote>\n\n\n\n<p>Los CFC est\u00e1n presentes en las neveras o refrigeradoras, pero desde hace algunos a\u00f1os los aparatos nuevos est\u00e1n exentos de estos qu\u00edmicos.<\/p>\n\n\n\n<p>Desde que los halocarburos se prohibieron, la capa de ozono comenz\u00f3 a recuperarse lentamente y su agujero a ser m\u00e1s y m\u00e1s peque\u00f1o, a pesar del inmenso tama\u00f1o que todav\u00eda alcanza.<\/p>\n\n\n\n<p><strong>Fuente:<\/strong>&nbsp;sinembargo<br><br><\/p>\n","protected":false},"excerpt":{"rendered":"<p>Ginebra.- El agujero\u00a0de la\u00a0capa de ozono\u00a0sobre la\u00a0Ant\u00e1rtida\u00a0es\u00a0uno de los m\u00e1s grandes\u00a0y profundos de los\u00a0\u00faltimos a\u00f1os, dijo hoy la Organizaci\u00f3n Meteorol\u00f3gica Mundial (OMM). La capa de ozono ofrece una protecci\u00f3n a las especies vivas del planeta contra los efectos da\u00f1inos de los rayos ultravioletas (UV) procedentes del sol. \u201cEntre los riesgos de los rayos UV est\u00e1n [&hellip;]<\/p>\n","protected":false},"author":2,"featured_media":83845,"comment_status":"open","ping_status":"open","sticky":false,"template":"","format":"standard","meta":{"footnotes":""},"categories":[64],"tags":[],"class_list":["post-83844","post","type-post","status-publish","format-standard","has-post-thumbnail","hentry","category-varios"],"_links":{"self":[{"href":"http:\/\/elcuartopoder.com.mx\/nw\/wp-json\/wp\/v2\/posts\/83844","targetHints":{"allow":["GET"]}}],"collection":[{"href":"http:\/\/elcuartopoder.com.mx\/nw\/wp-json\/wp\/v2\/posts"}],"about":[{"href":"http:\/\/elcuartopoder.com.mx\/nw\/wp-json\/wp\/v2\/types\/post"}],"author":[{"embeddable":true,"href":"http:\/\/elcuartopoder.com.mx\/nw\/wp-json\/wp\/v2\/users\/2"}],"replies":[{"embeddable":true,"href":"http:\/\/elcuartopoder.com.mx\/nw\/wp-json\/wp\/v2\/comments?post=83844"}],"version-history":[{"count":1,"href":"http:\/\/elcuartopoder.com.mx\/nw\/wp-json\/wp\/v2\/posts\/83844\/revisions"}],"predecessor-version":[{"id":83846,"href":"http:\/\/elcuartopoder.com.mx\/nw\/wp-json\/wp\/v2\/posts\/83844\/revisions\/83846"}],"wp:featuredmedia":[{"embeddable":true,"href":"http:\/\/elcuartopoder.com.mx\/nw\/wp-json\/wp\/v2\/media\/83845"}],"wp:attachment":[{"href":"http:\/\/elcuartopoder.com.mx\/nw\/wp-json\/wp\/v2\/media?parent=83844"}],"wp:term":[{"taxonomy":"category","embeddable":true,"href":"http:\/\/elcuartopoder.com.mx\/nw\/wp-json\/wp\/v2\/categories?post=83844"},{"taxonomy":"post_tag","embeddable":true,"href":"http:\/\/elcuartopoder.com.mx\/nw\/wp-json\/wp\/v2\/tags?post=83844"}],"curies":[{"name":"wp","href":"https:\/\/api.w.org\/{rel}","templated":true}]}}