{"id":83847,"date":"2020-10-07T14:04:19","date_gmt":"2020-10-07T19:04:19","guid":{"rendered":"http:\/\/elcuartopoder.com.mx\/nw\/?p=83847"},"modified":"2020-10-07T14:04:22","modified_gmt":"2020-10-07T19:04:22","slug":"la-madre-murio-de-covid-habia-adoptado-a-dos-ninos-las-hijas-los-han-acogido-en-sus-brazos","status":"publish","type":"post","link":"http:\/\/elcuartopoder.com.mx\/nw\/qtp\/la-madre-murio-de-covid-habia-adoptado-a-dos-ninos-las-hijas-los-han-acogido-en-sus-brazos\/","title":{"rendered":"La madre muri\u00f3 de COVID; hab\u00eda adoptado a dos ni\u00f1os. Las hijas los han acogido en sus brazos"},"content":{"rendered":"\n<p>Ridgefield Park (AP) \u2014&nbsp;<strong>Lunisol Guzm\u00e1n<\/strong>&nbsp;era una mujer c\u00e1lida, de gran coraz\u00f3n. Una&nbsp;<strong>madre soltera<\/strong>&nbsp;que cri\u00f3 a tres hijas. Casi con 50 a\u00f1os de edad,&nbsp;<strong>adopt\u00f3<\/strong>&nbsp;a&nbsp;<strong>dos<\/strong>&nbsp;<strong>hermanitos<\/strong>.<\/p>\n\n\n\n<p>Poco despu\u00e9s lleg\u00f3 la tragedia.&nbsp;<strong>Guzm\u00e1n<\/strong>&nbsp;<strong>falleci\u00f3<\/strong>&nbsp;por<strong>&nbsp;la COVID-19<\/strong>&nbsp;y un&nbsp;<strong>varoncito<\/strong>&nbsp;de cuatro a\u00f1os y una&nbsp;<strong>ni\u00f1a<\/strong>&nbsp;de dos&nbsp;<strong>se quedaron sin<\/strong>&nbsp;su&nbsp;<strong>madre.<\/strong><\/p>\n\n\n\n<p>Sin embargo, no&nbsp;<strong>estaban solos.<\/strong>&nbsp;Dos de las hijas adultas de&nbsp;<strong>Guzm\u00e1n<\/strong>&nbsp;\u2013Katherine, de 32 a\u00f1os, y Jennifer, de 28\u2013 se har\u00e1n cargo de ellos.<\/p>\n\n\n\n<blockquote class=\"wp-block-quote is-layout-flow wp-block-quote-is-layout-flow\"><p>\u201cEs una maldici\u00f3n, porque perdimos a nuestra madre, pero una bendici\u00f3n al mismo tiempo\u201d, dijo Katherine. \u201cAhora tenemos dos angelitos\u201d.<\/p><\/blockquote>\n\n\n\n<p>Jam\u00e1s consideraron otra opci\u00f3n que no fuese hacerse cargo ellas de los peque\u00f1os.<\/p>\n\n\n\n<blockquote class=\"wp-block-quote is-layout-flow wp-block-quote-is-layout-flow\"><p>\u201cEstos chicos son parte de nuestra familia\u201d, expres\u00f3 Katherine. \u201cNo hubo que pensarlo demasiado\u201d.<\/p><\/blockquote>\n\n\n\n<figure class=\"wp-block-image\"><img decoding=\"async\" src=\"https:\/\/www.sinembargo.mx\/wp-content\/uploads\/2020\/10\/ban-interior-1.jpg\" alt=\"\" class=\"wp-image-3871708\"\/><\/figure>\n\n\n\n<p>Jennifer Guzm\u00e1n conversa con Zavion, el medio hermano que adopt\u00f3 tras el fallecimiento de su madre por la COVID-19. Foto del 17 de septiembre del 2020 en Newark, Nueva Jersey. Foto: Mary Altaffer, AP<\/p>\n\n\n\n<p>Guzm\u00e1n, una dominicana que vino a Nueva Jersey de veintea\u00f1era, manej\u00f3 durante 11 a\u00f1os un autob\u00fas de la Universidad Estatal de Montclair antes de la pandemia. El vicepresidente de la casa de estudios la describi\u00f3 como una persona \u201cdiligente, apacible\u201d.<\/p>\n\n\n\n<p>Hace cuatro a\u00f1os, Lunisol decidi\u00f3 que a los 46 a\u00f1os quer\u00eda ofrecerle un hogar temporal a un ni\u00f1o, Zavion. Dos a\u00f1os despu\u00e9s lo adopt\u00f3. Y cuando la madre biol\u00f3gica de Zavion tuvo una ni\u00f1a, adopt\u00f3 a Jazzmyn, para que los dos hermanitos pudiesen criarse juntos.<\/p>\n\n\n\n<p>\u00bfQu\u00e9 fue lo que motiv\u00f3 a Lunisol a adoptar ni\u00f1os bien entrados los 40? Katherine cree que fue un evento traum\u00e1tico de hac\u00eda mucho tiempo, cuando estando embarazada tuvo que ser operada de emergencia y perdi\u00f3 un beb\u00e9.<\/p>\n\n\n\n<blockquote class=\"wp-block-quote is-layout-flow wp-block-quote-is-layout-flow\"><p>\u201cSiempre sinti\u00f3 que le faltaba algo\u201d, cuenta Katherine. \u201cHasta que decidi\u00f3 adoptar y darle una casa a un ni\u00f1o necesitado\u201d.<\/p><\/blockquote>\n\n\n\n<p>El a\u00f1o pasado Lunisol se cas\u00f3 en Newark, Nueva Jersey. Su esposo, Ismael Lugo, un a\u00f1o menor que ella, ten\u00eda dos hijos de una relaci\u00f3n previa y adopt\u00f3 a los cinco hijos de Lunisol. Entre el mayor y el menor hab\u00eda 30 a\u00f1os de diferencia.<\/p>\n\n\n\n<p>No eran la familia nuclear t\u00edpica, pero hab\u00eda mucho amor.<\/p>\n\n\n\n<p>La alegr\u00eda, sin embargo, dur\u00f3 poco: Ismael muri\u00f3 por la COVID-19 el 11 de abril y Lunisol el 7 de mayo, despu\u00e9s de pasar seis semanas en un hospital.<\/p>\n\n\n\n<p>Katherine y Jennifer quer\u00edan tener hijos, pero sent\u00edan que no era el momento oportuno. Tras la desgracia, buscaron la custodia conjunta de Zavion y Jazzmyn.<\/p>\n\n\n\n<p>Zavion vive mayormente con Jennyfer y su marido en Newark y Jazzmyn est\u00e1 con Katherine y su novio en la vecina Elizabeth, a pocos minutos en auto. Las dos hermanas se ven a menudo para que los ni\u00f1os puedan jugar juntos.<\/p>\n\n\n\n<figure class=\"wp-block-image\"><img decoding=\"async\" src=\"https:\/\/www.sinembargo.mx\/wp-content\/uploads\/2020\/10\/ban-interior-2.jpg\" alt=\"\" class=\"wp-image-3871709\"\/><\/figure>\n\n\n\n<p>Katherine Guzm\u00e1n conversa con Jazzmyn, la medio hermana que adopt\u00f3 luego de la muerte de su madre a ra\u00edz del coronavirus. Foto del 17 de septiembre tomada en la casa de Guzm\u00e1n en Newark, Nueva Jersey. Foto: Mary Altaffer, AP<\/p>\n\n\n\n<p>Hablar de la muerte de su madre pone a Katherine y a Jennifer al borde de las l\u00e1grimas, pero la presencia de sus hermanitos les da fuerzas.<\/p>\n\n\n\n<p>\u201cGracias a ellos no nos quebramos\u201d, dijo Katherine. \u201cNos despertamos por la ma\u00f1ana y est\u00e1n Zavion y Jazzmyn, que dependen de nosotras\u201d.<\/p>\n\n\n\n<p>Katherine afirma que los dos ni\u00f1os son fuertes, aunque de vez en cuando dicen \u201cextra\u00f1o a mami\u201d.<\/p>\n\n\n\n<p>\u201cNo permitiremos que se olviden de ella\u201d, manifest\u00f3 Katherine. \u201cSabr\u00e1n lo que hizo nuestra madre por ellos\u201d.<\/p>\n\n\n\n<p><strong>Fuente:<\/strong>&nbsp;sinembargo<br><\/p>\n","protected":false},"excerpt":{"rendered":"<p>Ridgefield Park (AP) \u2014&nbsp;Lunisol Guzm\u00e1n&nbsp;era una mujer c\u00e1lida, de gran coraz\u00f3n. Una&nbsp;madre soltera&nbsp;que cri\u00f3 a tres hijas. Casi con 50 a\u00f1os de edad,&nbsp;adopt\u00f3&nbsp;a&nbsp;dos&nbsp;hermanitos. Poco despu\u00e9s lleg\u00f3 la tragedia.&nbsp;Guzm\u00e1n&nbsp;falleci\u00f3&nbsp;por&nbsp;la COVID-19&nbsp;y un&nbsp;varoncito&nbsp;de cuatro a\u00f1os y una&nbsp;ni\u00f1a&nbsp;de dos&nbsp;se quedaron sin&nbsp;su&nbsp;madre. Sin embargo, no&nbsp;estaban solos.&nbsp;Dos de las hijas adultas de&nbsp;Guzm\u00e1n&nbsp;\u2013Katherine, de 32 a\u00f1os, y Jennifer, de 28\u2013 se har\u00e1n [&hellip;]<\/p>\n","protected":false},"author":2,"featured_media":83848,"comment_status":"open","ping_status":"open","sticky":false,"template":"","format":"standard","meta":{"footnotes":""},"categories":[58],"tags":[],"class_list":["post-83847","post","type-post","status-publish","format-standard","has-post-thumbnail","hentry","category-qtp"],"_links":{"self":[{"href":"http:\/\/elcuartopoder.com.mx\/nw\/wp-json\/wp\/v2\/posts\/83847","targetHints":{"allow":["GET"]}}],"collection":[{"href":"http:\/\/elcuartopoder.com.mx\/nw\/wp-json\/wp\/v2\/posts"}],"about":[{"href":"http:\/\/elcuartopoder.com.mx\/nw\/wp-json\/wp\/v2\/types\/post"}],"author":[{"embeddable":true,"href":"http:\/\/elcuartopoder.com.mx\/nw\/wp-json\/wp\/v2\/users\/2"}],"replies":[{"embeddable":true,"href":"http:\/\/elcuartopoder.com.mx\/nw\/wp-json\/wp\/v2\/comments?post=83847"}],"version-history":[{"count":1,"href":"http:\/\/elcuartopoder.com.mx\/nw\/wp-json\/wp\/v2\/posts\/83847\/revisions"}],"predecessor-version":[{"id":83849,"href":"http:\/\/elcuartopoder.com.mx\/nw\/wp-json\/wp\/v2\/posts\/83847\/revisions\/83849"}],"wp:featuredmedia":[{"embeddable":true,"href":"http:\/\/elcuartopoder.com.mx\/nw\/wp-json\/wp\/v2\/media\/83848"}],"wp:attachment":[{"href":"http:\/\/elcuartopoder.com.mx\/nw\/wp-json\/wp\/v2\/media?parent=83847"}],"wp:term":[{"taxonomy":"category","embeddable":true,"href":"http:\/\/elcuartopoder.com.mx\/nw\/wp-json\/wp\/v2\/categories?post=83847"},{"taxonomy":"post_tag","embeddable":true,"href":"http:\/\/elcuartopoder.com.mx\/nw\/wp-json\/wp\/v2\/tags?post=83847"}],"curies":[{"name":"wp","href":"https:\/\/api.w.org\/{rel}","templated":true}]}}