{"id":83960,"date":"2020-10-11T13:54:05","date_gmt":"2020-10-11T18:54:05","guid":{"rendered":"http:\/\/elcuartopoder.com.mx\/nw\/?p=83960"},"modified":"2020-10-11T13:54:07","modified_gmt":"2020-10-11T18:54:07","slug":"alertan-que-mas-de-11-millones-de-ninas-podrian-no-volver-a-la-escuela-tras-crisis-por-covid-19","status":"publish","type":"post","link":"http:\/\/elcuartopoder.com.mx\/nw\/destacadas\/alertan-que-mas-de-11-millones-de-ninas-podrian-no-volver-a-la-escuela-tras-crisis-por-covid-19\/","title":{"rendered":"Alertan que m\u00e1s de 11 millones de ni\u00f1as podr\u00edan no volver a la escuela tras crisis por COVID-19"},"content":{"rendered":"\n<p>La organizaci\u00f3n de Naciones Unidas advirti\u00f3 que debido a la pandemia hay un alto riesgo de que m\u00e1s de 11 millones de ni\u00f1as no vuelvan al colegio.<\/p>\n\n\n\n<p>Destaca que este n\u00famero alarmante no solo amenaza d\u00e9cadas de progreso hacia la igualdad de g\u00e9nero, sino que tambi\u00e9n pone a las ni\u00f1as de todo el mundo en riesgo de embarazo adolescente, matrimonio precoz y forzado y violencia, al subrayar que para muchas ni\u00f1as, la escuela es m\u00e1s que una clave para un futuro mejores y un salvavidas.<\/p>\n\n\n\n<p>La Unesco alerta lo anterior en el D\u00eda de la Ni\u00f1a y que se celebra este domingo 11 de octubre.<\/p>\n\n\n\n<figure class=\"wp-block-embed-twitter wp-block-embed is-type-rich is-provider-twitter\"><div class=\"wp-block-embed__wrapper\">\n<blockquote class=\"twitter-tweet\" data-width=\"550\" data-dnt=\"true\"><p lang=\"en\" dir=\"ltr\">Happy Int&#39;l <a href=\"https:\/\/twitter.com\/hashtag\/DayOfTheGirl?src=hash&amp;ref_src=twsrc%5Etfw\">#DayOfTheGirl<\/a>! <br><br>For many girls, school isn\u2019t just a key to a better future, it\u2019s a lifeline, protecting them from exploitation &amp; violence.<br><br>Today &amp; every day, join us in making sure <a href=\"https:\/\/twitter.com\/hashtag\/LearningNeverStops?src=hash&amp;ref_src=twsrc%5Etfw\">#LearningNeverStops<\/a> for every girl across the world! \u2728<a href=\"https:\/\/t.co\/dXW8pjE1aR\">https:\/\/t.co\/dXW8pjE1aR<\/a> <a href=\"https:\/\/t.co\/HC9YCOb9yn\">pic.twitter.com\/HC9YCOb9yn<\/a><\/p>&mdash; UNESCO (@UNESCO) <a href=\"https:\/\/twitter.com\/UNESCO\/status\/1315185615059644416?ref_src=twsrc%5Etfw\">October 11, 2020<\/a><\/blockquote><script async src=\"https:\/\/platform.twitter.com\/widgets.js\" charset=\"utf-8\"><\/script>\n<\/div><\/figure>\n\n\n\n<p><strong>Fuente: <\/strong>XEU<\/p>\n","protected":false},"excerpt":{"rendered":"<p>La organizaci\u00f3n de Naciones Unidas advirti\u00f3 que debido a la pandemia hay un alto riesgo de que m\u00e1s de 11 millones de ni\u00f1as no vuelvan al colegio. Destaca que este n\u00famero alarmante no solo amenaza d\u00e9cadas de progreso hacia la igualdad de g\u00e9nero, sino que tambi\u00e9n pone a las ni\u00f1as de todo el mundo en [&hellip;]<\/p>\n","protected":false},"author":2,"featured_media":83961,"comment_status":"open","ping_status":"open","sticky":false,"template":"","format":"standard","meta":{"footnotes":""},"categories":[59],"tags":[],"class_list":["post-83960","post","type-post","status-publish","format-standard","has-post-thumbnail","hentry","category-destacadas"],"_links":{"self":[{"href":"http:\/\/elcuartopoder.com.mx\/nw\/wp-json\/wp\/v2\/posts\/83960","targetHints":{"allow":["GET"]}}],"collection":[{"href":"http:\/\/elcuartopoder.com.mx\/nw\/wp-json\/wp\/v2\/posts"}],"about":[{"href":"http:\/\/elcuartopoder.com.mx\/nw\/wp-json\/wp\/v2\/types\/post"}],"author":[{"embeddable":true,"href":"http:\/\/elcuartopoder.com.mx\/nw\/wp-json\/wp\/v2\/users\/2"}],"replies":[{"embeddable":true,"href":"http:\/\/elcuartopoder.com.mx\/nw\/wp-json\/wp\/v2\/comments?post=83960"}],"version-history":[{"count":1,"href":"http:\/\/elcuartopoder.com.mx\/nw\/wp-json\/wp\/v2\/posts\/83960\/revisions"}],"predecessor-version":[{"id":83962,"href":"http:\/\/elcuartopoder.com.mx\/nw\/wp-json\/wp\/v2\/posts\/83960\/revisions\/83962"}],"wp:featuredmedia":[{"embeddable":true,"href":"http:\/\/elcuartopoder.com.mx\/nw\/wp-json\/wp\/v2\/media\/83961"}],"wp:attachment":[{"href":"http:\/\/elcuartopoder.com.mx\/nw\/wp-json\/wp\/v2\/media?parent=83960"}],"wp:term":[{"taxonomy":"category","embeddable":true,"href":"http:\/\/elcuartopoder.com.mx\/nw\/wp-json\/wp\/v2\/categories?post=83960"},{"taxonomy":"post_tag","embeddable":true,"href":"http:\/\/elcuartopoder.com.mx\/nw\/wp-json\/wp\/v2\/tags?post=83960"}],"curies":[{"name":"wp","href":"https:\/\/api.w.org\/{rel}","templated":true}]}}