{"id":83964,"date":"2020-10-12T11:38:54","date_gmt":"2020-10-12T16:38:54","guid":{"rendered":"http:\/\/elcuartopoder.com.mx\/nw\/?p=83964"},"modified":"2020-10-12T11:38:55","modified_gmt":"2020-10-12T16:38:55","slug":"en-20-dias-crece-14-muerte-de-ninos-por-covid","status":"publish","type":"post","link":"http:\/\/elcuartopoder.com.mx\/nw\/nacionales\/en-20-dias-crece-14-muerte-de-ninos-por-covid\/","title":{"rendered":"En 20 d\u00edas, crece 14% muerte de ni\u00f1os por Covid"},"content":{"rendered":"\n<p>Ciudad de M\u00e9xico.- En 20 d\u00edas, los fallecimientos de ni\u00f1os a causa de Covid-19 incrementaron 14 por ciento&nbsp;<strong>al pasar de 252 a 287<\/strong>.<\/p>\n\n\n\n<p>De acuerdo con un recuento realizado por el Sistema de Protecci\u00f3n Integral de los Derechos de las Ni\u00f1as, Ni\u00f1os y Adolescentes (SIPINNA), con datos recabados hasta el 8 de octubre, se se\u00f1ala que&nbsp;<strong>se acumularon 22 mil 907 casos de ni\u00f1os y adolescentes<\/strong>&nbsp;con un diagn\u00f3stico positivo a SARS-CoV-2, de los que murieron 287.<br><br>En tanto, el reporte con cierre al 18 de septiembre daba cuenta de que en M\u00e9xico hab\u00edan sumado&nbsp;<strong>19 mil 611 menores de 18 a\u00f1os&nbsp;<\/strong>confirmados con Covid-19, y 252 de ellos perdieron la vida.<br><br>Esto tambi\u00e9n representa un&nbsp;<strong>aumento de 16 por ciento<\/strong>&nbsp;de casos por el nuevo virus en este sector poblacional.<\/p>\n\n\n\n<p>SIPINNA se basa en datos oficiales de la Secretar\u00eda de Salud federal. El primer corte fue realizado al 12 de abril. En ese entonces se ten\u00edan s\u00f3lo 84 casos y actualmente, la curva de contagios y fallecimientos&nbsp;<strong>tiene un comportamiento ascendente<\/strong>.<br><br>Al 8 de octubre, tambi\u00e9n registraron&nbsp;<strong>62 mil 989 casos negativos<\/strong>; 2 mil 139 con resultado pendiente; 4 mil 906 con resultado \u00abno adecuado\u00bb y 13 mil 836 como casos sin muestra para la poblaci\u00f3n de los 0 a los 17 a\u00f1os.<br><br>Por grupos de edad, los casos positivos de la primera semana de octubre han&nbsp;<strong>crecido 14.5 por ciento para el grupo de 0 a 5 a\u00f1os<\/strong>, disminuy\u00f3 0.77 por ciento en el grupo de 6 a 11 a\u00f1os y aument\u00f3 6.69 por ciento en el grupo de 12 a 17 a\u00f1os, lo anterior con respecto a la semana 4 del mes de septiembre.<br><br>A la primera semana de octubre, seg\u00fan el sexo, los ni\u00f1os y adolescentes presentaron el&nbsp;<strong>51 por ciento del total de los casos positivos<\/strong>. En cuanto a defunciones, tambi\u00e9n ellos son los que presentan el mayor n\u00famero con 54 por ciento (157).<br><br>Entre las comorbilidades presentadas se enlistan&nbsp;<strong>neumon\u00eda, inmunosupresi\u00f3n,&nbsp;<\/strong>enfermedades cardiovasculares, obesidad, hipertensi\u00f3n y renal cr\u00f3nica.<\/p>\n\n\n\n<h2 class=\"wp-block-heading\">Invisibilizan las cifras de menores<\/h2>\n\n\n\n<p>Juan Mart\u00edn P\u00e9rez Garc\u00eda, director de la Red por los Derechos de la Infancia en M\u00e9xico (Redim), indic\u00f3 que estas cifras responden a que durante la pandemia\u00a0<strong>se est\u00e1n invisibilizando los derechos\u00a0<\/strong>y la figura de ni\u00f1os, ni\u00f1as y adolescentes.<br><br>Ellos, coment\u00f3,\u00a0<strong>representan el 31 por ciento de la poblaci\u00f3n<\/strong>, es decir, 1 de cada 3 personas en M\u00e9xico tienen menos de 18 a\u00f1os, y reproch\u00f3 que no se les ha prestado la atenci\u00f3n debida bajo el estigma de que ellos son m\u00e1s resistentes a esta enfermedad.<br><br>\u00abS\u00f3lo se les ha encerrado. El estigma de que esto era una enfermedad de viejos, y no de ni\u00f1os ha llevado a que las personas lleguen tarde al servicio o a la atenci\u00f3n y que\u00a0<strong>no sean priorizados por su edad<\/strong>. Por ejemplo, el caso muy, muy duro que Le\u00f3n, Guanajuato, de un adolescente que le negaron el servicio, bajo el criterio no lo reciben y muere en las puertas del hospital\u00bb, expuso.<br><br>Adem\u00e1s, se\u00f1al\u00f3 que el 40 por ciento no tiene cobertura de salud, por lo que\u00a0<strong>no se pueden atender sus comorbilidades\u00a0<\/strong>y los hace m\u00e1s vulnerables a complicaciones por Covid-19.<br><br>El experto remarc\u00f3 que ha sido una solicitud reiterada que SIPINNA se integre al Consejo de Salubridad para que abogue por el\u00a0<strong>bienestar de los menores de 18 a\u00f1os<\/strong>.<\/p>\n\n\n\n<p><strong>Fuente:<\/strong> SIPSE<\/p>\n","protected":false},"excerpt":{"rendered":"<p>Ciudad de M\u00e9xico.- En 20 d\u00edas, los fallecimientos de ni\u00f1os a causa de Covid-19 incrementaron 14 por ciento&nbsp;al pasar de 252 a 287. De acuerdo con un recuento realizado por el Sistema de Protecci\u00f3n Integral de los Derechos de las Ni\u00f1as, Ni\u00f1os y Adolescentes (SIPINNA), con datos recabados hasta el 8 de octubre, se se\u00f1ala [&hellip;]<\/p>\n","protected":false},"author":2,"featured_media":83965,"comment_status":"open","ping_status":"open","sticky":false,"template":"","format":"standard","meta":{"footnotes":""},"categories":[55],"tags":[],"class_list":["post-83964","post","type-post","status-publish","format-standard","has-post-thumbnail","hentry","category-nacionales"],"_links":{"self":[{"href":"http:\/\/elcuartopoder.com.mx\/nw\/wp-json\/wp\/v2\/posts\/83964","targetHints":{"allow":["GET"]}}],"collection":[{"href":"http:\/\/elcuartopoder.com.mx\/nw\/wp-json\/wp\/v2\/posts"}],"about":[{"href":"http:\/\/elcuartopoder.com.mx\/nw\/wp-json\/wp\/v2\/types\/post"}],"author":[{"embeddable":true,"href":"http:\/\/elcuartopoder.com.mx\/nw\/wp-json\/wp\/v2\/users\/2"}],"replies":[{"embeddable":true,"href":"http:\/\/elcuartopoder.com.mx\/nw\/wp-json\/wp\/v2\/comments?post=83964"}],"version-history":[{"count":1,"href":"http:\/\/elcuartopoder.com.mx\/nw\/wp-json\/wp\/v2\/posts\/83964\/revisions"}],"predecessor-version":[{"id":83966,"href":"http:\/\/elcuartopoder.com.mx\/nw\/wp-json\/wp\/v2\/posts\/83964\/revisions\/83966"}],"wp:featuredmedia":[{"embeddable":true,"href":"http:\/\/elcuartopoder.com.mx\/nw\/wp-json\/wp\/v2\/media\/83965"}],"wp:attachment":[{"href":"http:\/\/elcuartopoder.com.mx\/nw\/wp-json\/wp\/v2\/media?parent=83964"}],"wp:term":[{"taxonomy":"category","embeddable":true,"href":"http:\/\/elcuartopoder.com.mx\/nw\/wp-json\/wp\/v2\/categories?post=83964"},{"taxonomy":"post_tag","embeddable":true,"href":"http:\/\/elcuartopoder.com.mx\/nw\/wp-json\/wp\/v2\/tags?post=83964"}],"curies":[{"name":"wp","href":"https:\/\/api.w.org\/{rel}","templated":true}]}}