{"id":84807,"date":"2020-11-10T10:05:31","date_gmt":"2020-11-10T15:05:31","guid":{"rendered":"http:\/\/elcuartopoder.com.mx\/nw\/?p=84807"},"modified":"2020-11-10T10:05:32","modified_gmt":"2020-11-10T15:05:32","slug":"capturan-a-cinco-sujetos-que-asaltaron-una-casa-en-playa-del-carmen","status":"publish","type":"post","link":"http:\/\/elcuartopoder.com.mx\/nw\/policiacas\/capturan-a-cinco-sujetos-que-asaltaron-una-casa-en-playa-del-carmen\/","title":{"rendered":"Capturan a cinco sujetos que asaltaron una casa en Playa del Carmen"},"content":{"rendered":"\n<p><strong>PLAYA DEL CARMEN, MX.-&nbsp;<\/strong>Polic\u00edas de Investigaci\u00f3n adscritos a la Unidad de Investigaci\u00f3n de Robos detuvieron a cinco sujetos que de manera violenta asaltaron una casa en fraccionamiento de Playa del Carmen.<\/p>\n\n\n\n<p>En un comunicado, la dependencia dio a conocer la detenci\u00f3n, en Canc\u00fan y Playa del Carmen, de Salvador \u201cC\u201d, a Leonardo \u201cR\u201d, a Samuel \u201cC\u201d, a William \u201cV\u201d y a Manuel \u201cC\u201d por el delito de robo agravado a un particular, relacionados en la carpeta administrativa 339\/2020.<\/p>\n\n\n\n<p>La Fiscal\u00eda revel\u00f3 que el 4 de noviembre pasado, los aprehendidos probablemente -mediante el uso de la fuerza- ingresaron a una vivienda ubicada en calle Palma de Guinea, del fraccionamiento Palmas II, en el municipio de Solidaridad y con armas de fuego sometieron a las v\u00edctimas a quienes despojaron de tel\u00e9fonos celulares y una computadora logrando escapar en dos veh\u00edculos.<\/p>\n\n\n\n<p>Se indic\u00f3 que tras el llamado de los agraviados y el inicio de la carpeta de investigaci\u00f3n, Fiscales del Ministerio P\u00fablico con la incorporaci\u00f3n de evidencia, solicitaron y obtuvieron de un juez de control las \u00f3rdenes judiciales en contra de los imputados, mismas que fueron cumplimentadas.<\/p>\n\n\n\n<p>De acuerdo con la informaci\u00f3n que se proporcion\u00f3, los Polic\u00edas de Investigaci\u00f3n de la FGE de Playa del Carmen, capturaron a 4 implicados en el caso en la v\u00eda p\u00fablica de la Prolongaci\u00f3n Tulum, en Canc\u00fan; mientras que la quinta persona fue detenida en la calle Zapote, del Fraccionamiento Villa Mar II del municipio Solidaridad.<\/p>\n\n\n\n<p>La Fiscal\u00eda puntualiz\u00f3 que los detenidos se encuentran en prisi\u00f3n preventiva a disposici\u00f3n de la autoridad judicial que los requiri\u00f3, en el Centro de Retenci\u00f3n Municipal en Solidaridad.\u00a0<\/p>\n\n\n\n<p><strong>Fuente:<\/strong> Noticaribe<\/p>\n","protected":false},"excerpt":{"rendered":"<p>PLAYA DEL CARMEN, MX.-&nbsp;Polic\u00edas de Investigaci\u00f3n adscritos a la Unidad de Investigaci\u00f3n de Robos detuvieron a cinco sujetos que de manera violenta asaltaron una casa en fraccionamiento de Playa del Carmen. En un comunicado, la dependencia dio a conocer la detenci\u00f3n, en Canc\u00fan y Playa del Carmen, de Salvador \u201cC\u201d, a Leonardo \u201cR\u201d, a Samuel [&hellip;]<\/p>\n","protected":false},"author":2,"featured_media":84808,"comment_status":"open","ping_status":"open","sticky":false,"template":"","format":"standard","meta":{"footnotes":""},"categories":[23],"tags":[],"class_list":["post-84807","post","type-post","status-publish","format-standard","has-post-thumbnail","hentry","category-policiacas"],"_links":{"self":[{"href":"http:\/\/elcuartopoder.com.mx\/nw\/wp-json\/wp\/v2\/posts\/84807","targetHints":{"allow":["GET"]}}],"collection":[{"href":"http:\/\/elcuartopoder.com.mx\/nw\/wp-json\/wp\/v2\/posts"}],"about":[{"href":"http:\/\/elcuartopoder.com.mx\/nw\/wp-json\/wp\/v2\/types\/post"}],"author":[{"embeddable":true,"href":"http:\/\/elcuartopoder.com.mx\/nw\/wp-json\/wp\/v2\/users\/2"}],"replies":[{"embeddable":true,"href":"http:\/\/elcuartopoder.com.mx\/nw\/wp-json\/wp\/v2\/comments?post=84807"}],"version-history":[{"count":1,"href":"http:\/\/elcuartopoder.com.mx\/nw\/wp-json\/wp\/v2\/posts\/84807\/revisions"}],"predecessor-version":[{"id":84809,"href":"http:\/\/elcuartopoder.com.mx\/nw\/wp-json\/wp\/v2\/posts\/84807\/revisions\/84809"}],"wp:featuredmedia":[{"embeddable":true,"href":"http:\/\/elcuartopoder.com.mx\/nw\/wp-json\/wp\/v2\/media\/84808"}],"wp:attachment":[{"href":"http:\/\/elcuartopoder.com.mx\/nw\/wp-json\/wp\/v2\/media?parent=84807"}],"wp:term":[{"taxonomy":"category","embeddable":true,"href":"http:\/\/elcuartopoder.com.mx\/nw\/wp-json\/wp\/v2\/categories?post=84807"},{"taxonomy":"post_tag","embeddable":true,"href":"http:\/\/elcuartopoder.com.mx\/nw\/wp-json\/wp\/v2\/tags?post=84807"}],"curies":[{"name":"wp","href":"https:\/\/api.w.org\/{rel}","templated":true}]}}