{"id":84816,"date":"2020-11-10T10:30:57","date_gmt":"2020-11-10T15:30:57","guid":{"rendered":"http:\/\/elcuartopoder.com.mx\/nw\/?p=84816"},"modified":"2020-11-10T10:30:59","modified_gmt":"2020-11-10T15:30:59","slug":"el-bayern-munich-confirma-que-kimmich-se-sometera-a-una-cirugia-de-rodilla-y-estara-fuera-hasta-enero","status":"publish","type":"post","link":"http:\/\/elcuartopoder.com.mx\/nw\/entretenimiento\/deportes\/el-bayern-munich-confirma-que-kimmich-se-sometera-a-una-cirugia-de-rodilla-y-estara-fuera-hasta-enero\/","title":{"rendered":"El Bayern M\u00fanich confirma que Kimmich se someter\u00e1 a una cirug\u00eda de rodilla y estar\u00e1 fuera hasta enero"},"content":{"rendered":"\n<p>M\u00fanich.\u2013 El mediocampista <strong>Joshua Kimmich<\/strong>, del\u00a0<strong>Bayern Munich,<\/strong>\u00a0podr\u00e1 volver a las canchas hasta enero luego de someterse a una\u00a0<strong>cirug\u00eda de rodilla<\/strong>, anunci\u00f3 el club de la Bundesliga.<\/p>\n\n\n\n<p>Kimmich sufri\u00f3 da\u00f1o en los meniscos de su rodilla derecha en una jugada con el delantero Erling Haaland, del Borussia Dortmund, en el triunfo del Bayern de 3-2 el s\u00e1bado sobre otro aspirante al t\u00edtulo. El mediocampista de 25 a\u00f1os requiri\u00f3 ayuda para abandonar la cancha.<\/p>\n\n\n\n<p>Kimmich fue operado con \u00e9xito el domingo y el club se\u00f1al\u00f3 el domingo por la noche que espera que el jugador se reincorpore hasta enero.<\/p>\n\n\n\n<blockquote class=\"wp-block-quote is-layout-flow wp-block-quote-is-layout-flow\"><p>\u201cNos complace que Joshua probablemente estar\u00e1 disponible nuevamente en cuesti\u00f3n de semanas. Lo apoyaremos en su rehabilitaci\u00f3n lo mejor que podamos\u201d, indic\u00f3 el director deportivo del club, Hasan Salihamidzic, en un comunicado.<\/p><\/blockquote>\n\n\n\n<figure class=\"wp-block-embed-twitter wp-block-embed is-type-rich is-provider-twitter\"><div class=\"wp-block-embed__wrapper\">\n<blockquote class=\"twitter-tweet\" data-width=\"550\" data-dnt=\"true\"><p lang=\"de\" dir=\"ltr\">\u2139 Joshua <a href=\"https:\/\/twitter.com\/hashtag\/Kimmich?src=hash&amp;ref_src=twsrc%5Etfw\">#Kimmich<\/a> wurde am Sonntagabend erfolgreich am rechten Au\u00dfenmeniskus operiert. Die medizinische Abteilung des <a href=\"https:\/\/twitter.com\/hashtag\/FCBayern?src=hash&amp;ref_src=twsrc%5Etfw\">#FCBayern<\/a> geht davon aus, dass der Mittelfeldspieler im Januar wieder zur Verf\u00fcgung stehen wird.<br><br>\ud83d\udd17 <a href=\"https:\/\/t.co\/6gi09vukbx\">https:\/\/t.co\/6gi09vukbx<\/a><\/p>&mdash; FC Bayern M\u00fcnchen (@FCBayern) <a href=\"https:\/\/twitter.com\/FCBayern\/status\/1325543050274287627?ref_src=twsrc%5Etfw\">November 8, 2020<\/a><\/blockquote><script async src=\"https:\/\/platform.twitter.com\/widgets.js\" charset=\"utf-8\"><\/script>\n<\/div><\/figure>\n\n\n\n<p>Kimmich ha participado en 11 partidos por el Bayern esta temporada, anotando tres veces y contribuyendo en jugadas que terminaron en otros siete goles.<\/p>\n\n\n\n<p>La lesi\u00f3n deja a Kimmich fuera de la selecci\u00f3n alemana para sus compromisos en la Liga de Naciones de la UEFA contra Ucrania en casa el s\u00e1bado y en Espa\u00f1a el 17 de noviembre.<\/p>\n\n\n\n<p>El t\u00e9cnico de Alemania, Joachim L\u00f6w, dijo el lunes que estaba \u201ccontento\u201d tras enterarse que la cirug\u00eda fue exitosa.<\/p>\n\n\n\n<p>\u201cObviamente lo extra\u00f1aremos para los juegos de la Liga de Naciones ante Ucrania y especialmente en Espa\u00f1a\u201d, afirm\u00f3 L\u00f6w. \u201cSin embargo, la cosa m\u00e1s importante es que ahora tendr\u00e1 el tiempo y la paz que necesita para recuperarse por completo\u201d.<\/p>\n\n\n\n<p><strong>Fuente:<\/strong> sinembargo<\/p>\n","protected":false},"excerpt":{"rendered":"<p>M\u00fanich.\u2013 El mediocampista Joshua Kimmich, del\u00a0Bayern Munich,\u00a0podr\u00e1 volver a las canchas hasta enero luego de someterse a una\u00a0cirug\u00eda de rodilla, anunci\u00f3 el club de la Bundesliga. Kimmich sufri\u00f3 da\u00f1o en los meniscos de su rodilla derecha en una jugada con el delantero Erling Haaland, del Borussia Dortmund, en el triunfo del Bayern de 3-2 el [&hellip;]<\/p>\n","protected":false},"author":2,"featured_media":84817,"comment_status":"open","ping_status":"open","sticky":false,"template":"","format":"standard","meta":{"footnotes":""},"categories":[7],"tags":[],"class_list":["post-84816","post","type-post","status-publish","format-standard","has-post-thumbnail","hentry","category-deportes"],"_links":{"self":[{"href":"http:\/\/elcuartopoder.com.mx\/nw\/wp-json\/wp\/v2\/posts\/84816","targetHints":{"allow":["GET"]}}],"collection":[{"href":"http:\/\/elcuartopoder.com.mx\/nw\/wp-json\/wp\/v2\/posts"}],"about":[{"href":"http:\/\/elcuartopoder.com.mx\/nw\/wp-json\/wp\/v2\/types\/post"}],"author":[{"embeddable":true,"href":"http:\/\/elcuartopoder.com.mx\/nw\/wp-json\/wp\/v2\/users\/2"}],"replies":[{"embeddable":true,"href":"http:\/\/elcuartopoder.com.mx\/nw\/wp-json\/wp\/v2\/comments?post=84816"}],"version-history":[{"count":1,"href":"http:\/\/elcuartopoder.com.mx\/nw\/wp-json\/wp\/v2\/posts\/84816\/revisions"}],"predecessor-version":[{"id":84818,"href":"http:\/\/elcuartopoder.com.mx\/nw\/wp-json\/wp\/v2\/posts\/84816\/revisions\/84818"}],"wp:featuredmedia":[{"embeddable":true,"href":"http:\/\/elcuartopoder.com.mx\/nw\/wp-json\/wp\/v2\/media\/84817"}],"wp:attachment":[{"href":"http:\/\/elcuartopoder.com.mx\/nw\/wp-json\/wp\/v2\/media?parent=84816"}],"wp:term":[{"taxonomy":"category","embeddable":true,"href":"http:\/\/elcuartopoder.com.mx\/nw\/wp-json\/wp\/v2\/categories?post=84816"},{"taxonomy":"post_tag","embeddable":true,"href":"http:\/\/elcuartopoder.com.mx\/nw\/wp-json\/wp\/v2\/tags?post=84816"}],"curies":[{"name":"wp","href":"https:\/\/api.w.org\/{rel}","templated":true}]}}