{"id":84819,"date":"2020-11-10T10:36:56","date_gmt":"2020-11-10T15:36:56","guid":{"rendered":"http:\/\/elcuartopoder.com.mx\/nw\/?p=84819"},"modified":"2020-11-10T10:36:58","modified_gmt":"2020-11-10T15:36:58","slug":"el-congreso-de-peru-destituye-al-presidente-martin-vizcarra-por-supuesta-recepcion-de-sobornos","status":"publish","type":"post","link":"http:\/\/elcuartopoder.com.mx\/nw\/internacionales\/el-congreso-de-peru-destituye-al-presidente-martin-vizcarra-por-supuesta-recepcion-de-sobornos\/","title":{"rendered":"El Congreso de Per\u00fa destituye al presidente Mart\u00edn Vizcarra por supuesta recepci\u00f3n de sobornos"},"content":{"rendered":"\n<p>El Congreso de Per\u00fa ha destituido este lunes al presidente, Mart\u00edn Vizcarra, tras dos a\u00f1os y ocho meses en el cargo. La moci\u00f3n de censura por \u201cincapacidad moral permanente\u201d ha salido adelante despu\u00e9s de que el mandatario est\u00e9 siendo investigado por la supuesta recepci\u00f3n de sobornos a cambio de contratos de obras p\u00fablicas entre 2013 y 2014, cuando desempe\u00f1aba el cargo de gobernador de Moquegua, en el sur del pa\u00eds. Se trata del segundo intento del Parlamento por desalojar a Vizcarra del poder, despu\u00e9s de que hace tan solo dos meses los congresistas rechazaran otra iniciativa motivada por un supuesto delito de tr\u00e1fico de influencias. El dirigente ha negado las imputaciones. \u201cMe voy con la conciencia tranquila, la frente en alto y el deber cumplido. Hasta otra oportunidad\u201d, ha asegurado Vizcarra en Twitter.<\/p>\n\n\n\n<p>De acuerdo con la Constituci\u00f3n, se requer\u00edan 87 votos para destituir al jefe del Estado \u2014dos tercios de la C\u00e1mara\u2014 y la moci\u00f3n super\u00f3 con creces ese umbral al alcanzar los 105 votos a favor, frente a 19 en contra y cuatro abstenciones. Tambi\u00e9n varios miembros y l\u00edderes de los grupos pol\u00edticos que promovieron desde septiembre la salida de Vizcarra est\u00e1n investigados por lavado de activos, corrupci\u00f3n y otros delitos. El lunes apoyaron la iniciativa otros partidos como el Frente Popular Agr\u00edcola del Per\u00fa y algunos parlamentarios del izquierdista Frente Amplio.<\/p>\n\n\n\n<p>Este martes asumir\u00e1 como presidente de transici\u00f3n el jefe del Parlamento, Manuel Merino, de Acci\u00f3n Popular, un pol\u00edtico que tuvo un rol crucial en la primera moci\u00f3n para destituirlo en septiembre, pues permiti\u00f3 a un congresista \u2014sobre el que pesan acusaciones constitucionales\u2014 que difundiera en un pleno del Congreso audios de conversaciones del presidente y su entorno sobre la contrataci\u00f3n irregular de un amigo de Vizcarra como consultor del Ministerio de Cultura.<\/p>\n\n\n\n<p>Minutos despu\u00e9s de la decisi\u00f3n del Congreso, se sucedieron las caceroladas en los distritos de clase media de Jes\u00fas Mar\u00eda, Barranco, Chorrillos y Miraflores en Lima, y el l\u00edder del Partido Morado, Julio Guzm\u00e1n, cuya bancada vot\u00f3 en contra de la destituci\u00f3n de Vizcarra, llam\u00f3 a manifestarse en la plaza San Mart\u00edn, una de las principales de la capital. Seg\u00fan una encuesta de finales de octubre de Ipsos Per\u00fa, el 78% de los ciudadanos estaba a favor de que Vizcarra continuara en el cargo y que las investigaciones siguieran su curso \u2014tanto sobre su influencia en la contrataci\u00f3n irregular de su amigo, como sobre los supuestos sobornos\u2014 cuando finalizase su mandato, previsto en julio del pr\u00f3ximo a\u00f1o. El arzobispo de Lima, Carlos Castillo, pidi\u00f3 al Parlamento reconsiderar su posici\u00f3n debido a la grave crisis econ\u00f3mica y sanitaria que atraviesa el pa\u00eds sudamericano, uno de los m\u00e1s afectados por la pandemia de la covid-19, con m\u00e1s de 920.000 contagios y cerca de 39.000 muertos.<\/p>\n\n\n\n<p>Un centenar de personas lleg\u00f3 durante la noche del lunes a la Plaza de Armas de Lima para protestar contra la decisi\u00f3n del Parlamento. Se hab\u00eda convocado adem\u00e1s un plant\u00f3n la tarde del martes en los alrededores del Congreso, media hora antes del comienzo de la sesi\u00f3n en la que Merino jurar\u00e1 el cargo, pero el Parlamento adelant\u00f3 despu\u00e9s la hora a las diez de la ma\u00f1ana. En la ciudad de Trujillo, en la costa norte, otro grupo de ciudadanos se ha congregado esta noche con carteles en los que se le\u00eda \u201cLa democracia se defiende\u201d y \u201cCongreso golpista\u201d, seg\u00fan inform\u00f3 la emisora Radioprogramas. En Huancayo, en la sierra central, tambi\u00e9n protestaron unas 200 personas.<\/p>\n\n\n\n<p>Pasadas dos horas de la votaci\u00f3n, el jefe del Estado \u2014acompa\u00f1ado de sus ministros\u2014 declar\u00f3 que no tomar\u00e1 ninguna acci\u00f3n legal contra la destituci\u00f3n, pese a no estar de acuerdo con ella. \u201cLa historia y el pueblo peruano juzgar\u00e1n las decisiones que cada quien toma. En el hemiciclo se ha impuesto no la raz\u00f3n, sino el n\u00famero de votos: los representantes del pueblo aparentemente se olvidaron de a qui\u00e9n representan. No me escucharon, o si me escucharon, no me entendieron. Salgo del Palacio de Gobierno con la frente en alto como cuando ingres\u00e9 hace 18 meses\u201d, a\u00f1adi\u00f3.<\/p>\n\n\n\n<p>La propuesta para destituir al presidente fue presentada el pasado 20 de octubre por 27 congresistas despu\u00e9s de que la prensa publicara testimonios de personas que quer\u00edan colaborar con la Fiscal\u00eda sobre el supuesto pago de sobornos a Vizcarra por parte de la constructora Obrainsa y su socia italiana Astaldi, a cambio de la adjudicaci\u00f3n de una obra de irrigaci\u00f3n llamada Lomas de Ilo. Seg\u00fan las pruebas entregadas por la acusaci\u00f3n, el monto ascend\u00eda a unos 281.000 d\u00f3lares.<\/p>\n\n\n\n<p>La figura de la moci\u00f3n de censura \u2014llamada vacancia presidencial\u2014 por \u201cpermanente incapacidad moral\u201d est\u00e1 prevista en la Constituci\u00f3n de 1993, aunque no existe una definici\u00f3n precisa de dicha condici\u00f3n. La primera vez que se us\u00f3 para destituir a un mandatario fue contra Alberto Fujimori en el a\u00f1o 2000. Este renunci\u00f3 a la presidencia por fax desde Brun\u00e9i cuando surgieron v\u00eddeos de la corrupci\u00f3n de su Gobierno.<\/p>\n\n\n\n<p>Cuando el Congreso plante\u00f3 en septiembre la primera moci\u00f3n para echar a Vizcarra, el Ejecutivo present\u00f3 ante el Tribunal Constitucional una \u201cdemanda de competencia\u201d para que los magistrados indicaran c\u00f3mo debe interpretarse la causal de \u201cincapacidad moral permanente\u201d. El Constitucional admiti\u00f3 la demanda, solicit\u00f3 al Congreso su versi\u00f3n sobre la cuesti\u00f3n, pero este no respondi\u00f3. Por ello hasta ahora el Tribunal no ha precisado qu\u00e9 situaciones o hechos encajan en la definici\u00f3n de \u201cincapacidad moral permanente\u201d.<\/p>\n\n\n\n<p>El Congreso que ha derrotado a Vizcarra ha tenido una alta desaprobaci\u00f3n desde que asumi\u00f3 funciones en marzo, tras la disoluci\u00f3n del anterior. Su desempe\u00f1o ha transcurrido en el mismo per\u00edodo de la pandemia \u2014y la crisis econ\u00f3mica y sanitaria que esta ha causado en Per\u00fa\u2014, y se ha caracterizado por proyectos de ley populistas, que pugnaban por aprobar mayores porcentajes de retiro de fondos del sistema privado de pensiones \u2014para que los ciudadanos afronten la emergencia o el desempleo\u2014, y modificar las normas para que quienes aportan a la seguridad social estatal, recibieran fondos anticipadamente, aunque no hubieran pagado los a\u00f1os estipulados por ley. Un 64% de los encuestados por la firma Datum en octubre opinaba que hab\u00eda intereses pol\u00edticos y personales en esos proyectos de ley. Por otro lado, tres de los grupos pol\u00edticos que promovieron la vacancia tienen relaci\u00f3n con universidades privadas que han sido clausuradas por no garantizar est\u00e1ndares m\u00ednimos de calidad, y tienen entre sus metas quitarle atribuciones a la entidad supervisora de la educaci\u00f3n universitaria.<\/p>\n\n\n\n<p><strong>Fuente:<\/strong> elpa\u00eds<\/p>\n","protected":false},"excerpt":{"rendered":"<p>El Congreso de Per\u00fa ha destituido este lunes al presidente, Mart\u00edn Vizcarra, tras dos a\u00f1os y ocho meses en el cargo. La moci\u00f3n de censura por \u201cincapacidad moral permanente\u201d ha salido adelante despu\u00e9s de que el mandatario est\u00e9 siendo investigado por la supuesta recepci\u00f3n de sobornos a cambio de contratos de obras p\u00fablicas entre 2013 [&hellip;]<\/p>\n","protected":false},"author":2,"featured_media":84820,"comment_status":"open","ping_status":"open","sticky":false,"template":"","format":"standard","meta":{"footnotes":""},"categories":[8],"tags":[],"class_list":["post-84819","post","type-post","status-publish","format-standard","has-post-thumbnail","hentry","category-internacionales"],"_links":{"self":[{"href":"http:\/\/elcuartopoder.com.mx\/nw\/wp-json\/wp\/v2\/posts\/84819","targetHints":{"allow":["GET"]}}],"collection":[{"href":"http:\/\/elcuartopoder.com.mx\/nw\/wp-json\/wp\/v2\/posts"}],"about":[{"href":"http:\/\/elcuartopoder.com.mx\/nw\/wp-json\/wp\/v2\/types\/post"}],"author":[{"embeddable":true,"href":"http:\/\/elcuartopoder.com.mx\/nw\/wp-json\/wp\/v2\/users\/2"}],"replies":[{"embeddable":true,"href":"http:\/\/elcuartopoder.com.mx\/nw\/wp-json\/wp\/v2\/comments?post=84819"}],"version-history":[{"count":1,"href":"http:\/\/elcuartopoder.com.mx\/nw\/wp-json\/wp\/v2\/posts\/84819\/revisions"}],"predecessor-version":[{"id":84821,"href":"http:\/\/elcuartopoder.com.mx\/nw\/wp-json\/wp\/v2\/posts\/84819\/revisions\/84821"}],"wp:featuredmedia":[{"embeddable":true,"href":"http:\/\/elcuartopoder.com.mx\/nw\/wp-json\/wp\/v2\/media\/84820"}],"wp:attachment":[{"href":"http:\/\/elcuartopoder.com.mx\/nw\/wp-json\/wp\/v2\/media?parent=84819"}],"wp:term":[{"taxonomy":"category","embeddable":true,"href":"http:\/\/elcuartopoder.com.mx\/nw\/wp-json\/wp\/v2\/categories?post=84819"},{"taxonomy":"post_tag","embeddable":true,"href":"http:\/\/elcuartopoder.com.mx\/nw\/wp-json\/wp\/v2\/tags?post=84819"}],"curies":[{"name":"wp","href":"https:\/\/api.w.org\/{rel}","templated":true}]}}