{"id":85335,"date":"2020-11-25T12:06:43","date_gmt":"2020-11-25T17:06:43","guid":{"rendered":"http:\/\/elcuartopoder.com.mx\/nw\/?p=85335"},"modified":"2020-11-25T12:06:44","modified_gmt":"2020-11-25T17:06:44","slug":"otro-mas-funcionario-foraneo-de-la-cgc-con-presunta-cola-delictiva-en-el-norte-del-pais","status":"publish","type":"post","link":"http:\/\/elcuartopoder.com.mx\/nw\/varios\/otro-mas-funcionario-foraneo-de-la-cgc-con-presunta-cola-delictiva-en-el-norte-del-pais\/","title":{"rendered":"Otro m\u00e1s; funcionario for\u00e1neo de la CGC con presunta \u00abcola\u00bb delictiva en el norte del pa\u00eds"},"content":{"rendered":"\n<p>Chetumal, Quintana Roo.-Ha sido una constante en el Gobierno de&nbsp;<strong>Carlos Joaqu\u00edn<\/strong>, el arribo de gente for\u00e1nea para ocupar puestos de primer nivel en la administraci\u00f3n p\u00fablica, menospreciando la capacidad y el profesionalismo de la gente oriunda que d\u00eda a d\u00eda se prepara con esfuerzo para tener mayores oportunidades laborales.<\/p>\n\n\n\n<p>Y lo peor, es que adem\u00e1s que ha quedado demostrado que los resultados han sido nulos en cuanto a su desempe\u00f1o, varios de ellos carecen de una buena reputaci\u00f3n y arrastran un historial que los involucra en actos delictivos.<\/p>\n\n\n\n<p>El \u00edcono de la deshonra para los quintanarroenses ha sido&nbsp;<em><strong>Alberto Capella Ibarra<\/strong><\/em>, ex Secretario de Seguridad P\u00fablica, denunciado por presuntos desv\u00edos de recursos en el Estado de&nbsp;<strong>Morelos<\/strong>. No obstante, entre un listado exclusivo aparece otro \u00ab<strong>p\u00e1jaro de cuentas<\/strong>\u00bb proveniente de fuera, y que hoy goza con proteccionismo de una posici\u00f3n de segundo eslab\u00f3n en el&nbsp;<strong>Gobierno de Quintana Roo<\/strong>.<\/p>\n\n\n\n<p><strong>Ricardo Daniel Gardu\u00f1o Barrera<\/strong>, es Director Jur\u00eddico, adscrito actualmente a la Coordinaci\u00f3n General de Comunicaci\u00f3n Social (CGC) del Estado, a cargo de&nbsp;<strong>Carlos Orva\u00f1anos Rea<\/strong>.<\/p>\n\n\n\n<p>Sin embargo, este sujeto fue denunciado por ser el operador de una banda de extorsionadores incrustados en el aeropuerto de la ciudad de&nbsp;<strong>Tijuana<\/strong>,&nbsp;<strong>Baja California<\/strong>, cuando ocup\u00f3 la Sub Administraci\u00f3n de la aduana en la ciudad fronteriza.<\/p>\n\n\n\n<p><strong>Ricardo Daniel Gardu\u00f1o Barrera<\/strong>, ordenaba al personal del&nbsp;<strong>SAT<\/strong>&nbsp;\u2014con quienes extorsionaba en contubernio\u2014 para pedir \u00abcuotas adicionales\u00bb a los usuarios del servicio para no complicar ni poner trabas a la tramitolog\u00eda del transporte de mercanc\u00edas.<\/p>\n\n\n\n<p>En ese entonces,&nbsp;<strong>Gardu\u00f1o Barrera<\/strong>&nbsp;fue protegido por el titular de la Administraci\u00f3n General de Aduanas (<strong>AGA<\/strong>), Ricardo Peralta Saucedo, propuesto por el Presidente de M\u00e9xico,&nbsp;<strong>Andr\u00e9s Manuel L\u00f3pez Obrador<\/strong>, y ratificado por el senado de la Rep\u00fablica.<\/p>\n\n\n\n<p>Este personaje con antecedentes delictivos y se\u00f1alado de presuntos actos de corrupci\u00f3n fue tra\u00eddo a&nbsp;<strong>Quintana Roo<\/strong>&nbsp;para desempe\u00f1ar el cargo de Director Jur\u00eddico en la Coordinaci\u00f3n General de Comunicaci\u00f3n Social del Gobierno de Quintana Roo (<strong>CGC<\/strong>), protegido a la fecha por su titular&nbsp;<strong>Carlos Orva\u00f1anos Rea<\/strong>.<\/p>\n\n\n\n<p>Y mientras existen muchos profesionistas aguardando una sola oportunidad de trabajo, lo cierto es que&nbsp;<strong>Carlos Joaqu\u00edn<\/strong>&nbsp;le ha abierto la puerta a for\u00e1neos sin importarle el historial y los nexos que hayan tenido con delincuentes de otros estados, mientras se ha ganado a pulso el repudio de los nativos y de la gente con arraigo y que ama con pasi\u00f3n a estas tierras.<\/p>\n\n\n\n<p>O, \u00bfAcaso no es el gobernador quien \u00ab<strong>palomea<\/strong>\u00bb la designaci\u00f3n de los puestos directivos en su gabinete ampliado? \u00bfLo hacen detr\u00e1s de su espalda? \u00bfSabr\u00e1\u00a0<strong>Carlos Joaqu\u00edn<\/strong> qu\u00e9 tipo de rufianes tiene en su gobierno?.<\/p>\n\n\n\n<p><strong>Fuente:<\/strong> elpuntosobrelai<\/p>\n","protected":false},"excerpt":{"rendered":"<p>Chetumal, Quintana Roo.-Ha sido una constante en el Gobierno de&nbsp;Carlos Joaqu\u00edn, el arribo de gente for\u00e1nea para ocupar puestos de primer nivel en la administraci\u00f3n p\u00fablica, menospreciando la capacidad y el profesionalismo de la gente oriunda que d\u00eda a d\u00eda se prepara con esfuerzo para tener mayores oportunidades laborales. Y lo peor, es que adem\u00e1s [&hellip;]<\/p>\n","protected":false},"author":2,"featured_media":85336,"comment_status":"open","ping_status":"open","sticky":false,"template":"","format":"standard","meta":{"footnotes":""},"categories":[64],"tags":[],"class_list":["post-85335","post","type-post","status-publish","format-standard","has-post-thumbnail","hentry","category-varios"],"_links":{"self":[{"href":"http:\/\/elcuartopoder.com.mx\/nw\/wp-json\/wp\/v2\/posts\/85335","targetHints":{"allow":["GET"]}}],"collection":[{"href":"http:\/\/elcuartopoder.com.mx\/nw\/wp-json\/wp\/v2\/posts"}],"about":[{"href":"http:\/\/elcuartopoder.com.mx\/nw\/wp-json\/wp\/v2\/types\/post"}],"author":[{"embeddable":true,"href":"http:\/\/elcuartopoder.com.mx\/nw\/wp-json\/wp\/v2\/users\/2"}],"replies":[{"embeddable":true,"href":"http:\/\/elcuartopoder.com.mx\/nw\/wp-json\/wp\/v2\/comments?post=85335"}],"version-history":[{"count":1,"href":"http:\/\/elcuartopoder.com.mx\/nw\/wp-json\/wp\/v2\/posts\/85335\/revisions"}],"predecessor-version":[{"id":85337,"href":"http:\/\/elcuartopoder.com.mx\/nw\/wp-json\/wp\/v2\/posts\/85335\/revisions\/85337"}],"wp:featuredmedia":[{"embeddable":true,"href":"http:\/\/elcuartopoder.com.mx\/nw\/wp-json\/wp\/v2\/media\/85336"}],"wp:attachment":[{"href":"http:\/\/elcuartopoder.com.mx\/nw\/wp-json\/wp\/v2\/media?parent=85335"}],"wp:term":[{"taxonomy":"category","embeddable":true,"href":"http:\/\/elcuartopoder.com.mx\/nw\/wp-json\/wp\/v2\/categories?post=85335"},{"taxonomy":"post_tag","embeddable":true,"href":"http:\/\/elcuartopoder.com.mx\/nw\/wp-json\/wp\/v2\/tags?post=85335"}],"curies":[{"name":"wp","href":"https:\/\/api.w.org\/{rel}","templated":true}]}}