{"id":85341,"date":"2020-11-25T12:10:38","date_gmt":"2020-11-25T17:10:38","guid":{"rendered":"http:\/\/elcuartopoder.com.mx\/nw\/?p=85341"},"modified":"2020-11-25T12:10:39","modified_gmt":"2020-11-25T17:10:39","slug":"muere-joven-regio-atacado-en-bar-de-hotel-de-cancun","status":"publish","type":"post","link":"http:\/\/elcuartopoder.com.mx\/nw\/policiacas\/muere-joven-regio-atacado-en-bar-de-hotel-de-cancun\/","title":{"rendered":"Muere joven regio atacado en bar de hotel de Canc\u00fan"},"content":{"rendered":"\n<p>CANC\u00daN, Q. Roo.-Tras tres d\u00edas de agon\u00eda, esta madrugada de martes&nbsp;<strong>falleci\u00f3 el joven regio<\/strong>&nbsp;que fue golpeado por tres chihuahuenses en el interior del&nbsp;<strong>Hotel Riu, en Canc\u00fan<\/strong>.<\/p>\n\n\n\n<p>La v\u00edctima fue identificada como A.R.A.C.,&nbsp;<strong>de 24 a\u00f1os, quien hasta anoche<\/strong>&nbsp;permanec\u00eda internado en un hospital p\u00fablico sin que se precisara en cual.<\/p>\n\n\n\n<p>\u00abComo el caso ya est\u00e1 bajo investigaci\u00f3n y en manos de abogados no quisi\u00e9ramos dar informaci\u00f3n que interfiera\u00bb, expres\u00f3 una&nbsp;<strong>familiar del hombre<\/strong>.<\/p>\n\n\n\n<p>Fuentes consultadas informaron que&nbsp;<strong>Aranda Canales fue agredido<\/strong>&nbsp;la noche del s\u00e1bado, cuando se encontraba en el interior del hotel.<\/p>\n\n\n\n<p>Cl\u00ednicamente, precis\u00f3 una fuente, el joven fue&nbsp;<strong>declarado con muerte cerebral<\/strong>&nbsp;la noche del domingo, m\u00e9dicos indicaron que se deb\u00eda esperar para conocer su evoluci\u00f3n. Pero lamentablemente el fallecimiento trascendi\u00f3 esta ma\u00f1ana, luego de que permaneci\u00f3 desde la noche del s\u00e1bado en un hospital p\u00fablico de este centro tur\u00edstico.<\/p>\n\n\n\n<h2 class=\"wp-block-heading\">Aranda Canales estaba de vacaciones con su familia<\/h2>\n\n\n\n<p>Como probables responsables del ataque se se\u00f1ala a Adolfo Escobar Mu\u00f1oz, V\u00edctor Manuel Mari\u00f1elarena N\u00fa\u00f1ez y Carlos Antonio Garc\u00eda S\u00e1nchez, quienes son originarios de la Ciudad de&nbsp;<strong>Delicias y de Chihuahua<\/strong>.<\/p>\n\n\n\n<p>De acuerdo con las indagatorias los tres hombres salieron del hotel momentos despu\u00e9s del ataque y no han sido ubicados.<\/p>\n\n\n\n<p>\u00abPido una oraci\u00f3n para que\u00a0<strong>mi hermano pueda recibir un milagro<\/strong>\u00a0o bien pueda llegar con bien a su destino final, ay\u00fadenme a transmitirle paz con su oraci\u00f3n\u00bb, se\u00f1al\u00f3 p\u00fablicamente un hermano del joven lesionado.<\/p>\n\n\n\n<p><strong>Fuente:<\/strong> SIPSE<\/p>\n","protected":false},"excerpt":{"rendered":"<p>CANC\u00daN, Q. Roo.-Tras tres d\u00edas de agon\u00eda, esta madrugada de martes&nbsp;falleci\u00f3 el joven regio&nbsp;que fue golpeado por tres chihuahuenses en el interior del&nbsp;Hotel Riu, en Canc\u00fan. La v\u00edctima fue identificada como A.R.A.C.,&nbsp;de 24 a\u00f1os, quien hasta anoche&nbsp;permanec\u00eda internado en un hospital p\u00fablico sin que se precisara en cual. \u00abComo el caso ya est\u00e1 bajo investigaci\u00f3n [&hellip;]<\/p>\n","protected":false},"author":2,"featured_media":85342,"comment_status":"open","ping_status":"open","sticky":false,"template":"","format":"standard","meta":{"footnotes":""},"categories":[23],"tags":[],"class_list":["post-85341","post","type-post","status-publish","format-standard","has-post-thumbnail","hentry","category-policiacas"],"_links":{"self":[{"href":"http:\/\/elcuartopoder.com.mx\/nw\/wp-json\/wp\/v2\/posts\/85341","targetHints":{"allow":["GET"]}}],"collection":[{"href":"http:\/\/elcuartopoder.com.mx\/nw\/wp-json\/wp\/v2\/posts"}],"about":[{"href":"http:\/\/elcuartopoder.com.mx\/nw\/wp-json\/wp\/v2\/types\/post"}],"author":[{"embeddable":true,"href":"http:\/\/elcuartopoder.com.mx\/nw\/wp-json\/wp\/v2\/users\/2"}],"replies":[{"embeddable":true,"href":"http:\/\/elcuartopoder.com.mx\/nw\/wp-json\/wp\/v2\/comments?post=85341"}],"version-history":[{"count":1,"href":"http:\/\/elcuartopoder.com.mx\/nw\/wp-json\/wp\/v2\/posts\/85341\/revisions"}],"predecessor-version":[{"id":85343,"href":"http:\/\/elcuartopoder.com.mx\/nw\/wp-json\/wp\/v2\/posts\/85341\/revisions\/85343"}],"wp:featuredmedia":[{"embeddable":true,"href":"http:\/\/elcuartopoder.com.mx\/nw\/wp-json\/wp\/v2\/media\/85342"}],"wp:attachment":[{"href":"http:\/\/elcuartopoder.com.mx\/nw\/wp-json\/wp\/v2\/media?parent=85341"}],"wp:term":[{"taxonomy":"category","embeddable":true,"href":"http:\/\/elcuartopoder.com.mx\/nw\/wp-json\/wp\/v2\/categories?post=85341"},{"taxonomy":"post_tag","embeddable":true,"href":"http:\/\/elcuartopoder.com.mx\/nw\/wp-json\/wp\/v2\/tags?post=85341"}],"curies":[{"name":"wp","href":"https:\/\/api.w.org\/{rel}","templated":true}]}}