{"id":85428,"date":"2020-11-27T14:13:44","date_gmt":"2020-11-27T19:13:44","guid":{"rendered":"http:\/\/elcuartopoder.com.mx\/nw\/?p=85428"},"modified":"2020-11-27T14:13:45","modified_gmt":"2020-11-27T19:13:45","slug":"preparan-protesta-en-fge-supuestas-autodefensas-de-quintana-roo","status":"publish","type":"post","link":"http:\/\/elcuartopoder.com.mx\/nw\/policiacas\/preparan-protesta-en-fge-supuestas-autodefensas-de-quintana-roo\/","title":{"rendered":"Preparan protesta en FGE supuestas autodefensas de Quintana Roo"},"content":{"rendered":"\n<p>El grupo denominado Autodefensas Quintana Roo se apostar\u00e1 a las afueras de la Fiscal\u00eda General del Estado (FGE) por la tarde, tras la captura de cinco de sus elementos en el transcurso de la madrugada, luego de aparentemente verse involucrados en una balacera con persecuci\u00f3n durante el transcurso de la madrugada.<\/p>\n\n\n\n<p>En un comunicado a trav\u00e9s de sus redes sociales este grupo convoca una protesta en las afueras de la instancia estatal hoy a las seis de la tarde, luego de la detenci\u00f3n de cinco de sus miembros por autoridades policiacas.<\/p>\n\n\n\n<p>Ellos manifestaron que se encontraban en un operativo de b\u00fasqueda de un punto de venta de estupefacientes en la supermanzana 96 cuando fueron agredidos a balazos, por tanto, reaccionaron ante la agresi\u00f3n y se \u201cdefendieron\u201d hecho que termin\u00f3 en una persecuci\u00f3n e intercambio de balas.<\/p>\n\n\n\n<p>En un comunicado por la ma\u00f1ana el mismo grupo argument\u00f3 que lejos de que la autoridad detuviese a los delincuentes, opt\u00f3 por detener a sus miembros quienes se encuentran puestos a disposici\u00f3n de la autoridad competente.<\/p>\n\n\n\n<p>En el desarrollo de esta balacera, dos personas resultaron heridas mismas que se encuentran fuera de peligro y estables, adem\u00e1s los agentes investigadores lograron la detenci\u00f3n de este quinteto a quienes aparentemente se les decomis\u00f3 armamento.<br>Por eso lanzaron la convocatoria a trav\u00e9s de su cuenta de Facebook donde exigieron la pronta liberaci\u00f3n de sus elementos e informaron que se apostar\u00e1 con cartulinas para lanzar sus consignas.<\/p>\n\n\n\n<p><strong>Fuente:<\/strong> marcrixnoticias<\/p>\n","protected":false},"excerpt":{"rendered":"<p>El grupo denominado Autodefensas Quintana Roo se apostar\u00e1 a las afueras de la Fiscal\u00eda General del Estado (FGE) por la tarde, tras la captura de cinco de sus elementos en el transcurso de la madrugada, luego de aparentemente verse involucrados en una balacera con persecuci\u00f3n durante el transcurso de la madrugada. En un comunicado a [&hellip;]<\/p>\n","protected":false},"author":2,"featured_media":85429,"comment_status":"open","ping_status":"open","sticky":false,"template":"","format":"standard","meta":{"footnotes":""},"categories":[23],"tags":[],"class_list":["post-85428","post","type-post","status-publish","format-standard","has-post-thumbnail","hentry","category-policiacas"],"_links":{"self":[{"href":"http:\/\/elcuartopoder.com.mx\/nw\/wp-json\/wp\/v2\/posts\/85428","targetHints":{"allow":["GET"]}}],"collection":[{"href":"http:\/\/elcuartopoder.com.mx\/nw\/wp-json\/wp\/v2\/posts"}],"about":[{"href":"http:\/\/elcuartopoder.com.mx\/nw\/wp-json\/wp\/v2\/types\/post"}],"author":[{"embeddable":true,"href":"http:\/\/elcuartopoder.com.mx\/nw\/wp-json\/wp\/v2\/users\/2"}],"replies":[{"embeddable":true,"href":"http:\/\/elcuartopoder.com.mx\/nw\/wp-json\/wp\/v2\/comments?post=85428"}],"version-history":[{"count":1,"href":"http:\/\/elcuartopoder.com.mx\/nw\/wp-json\/wp\/v2\/posts\/85428\/revisions"}],"predecessor-version":[{"id":85430,"href":"http:\/\/elcuartopoder.com.mx\/nw\/wp-json\/wp\/v2\/posts\/85428\/revisions\/85430"}],"wp:featuredmedia":[{"embeddable":true,"href":"http:\/\/elcuartopoder.com.mx\/nw\/wp-json\/wp\/v2\/media\/85429"}],"wp:attachment":[{"href":"http:\/\/elcuartopoder.com.mx\/nw\/wp-json\/wp\/v2\/media?parent=85428"}],"wp:term":[{"taxonomy":"category","embeddable":true,"href":"http:\/\/elcuartopoder.com.mx\/nw\/wp-json\/wp\/v2\/categories?post=85428"},{"taxonomy":"post_tag","embeddable":true,"href":"http:\/\/elcuartopoder.com.mx\/nw\/wp-json\/wp\/v2\/tags?post=85428"}],"curies":[{"name":"wp","href":"https:\/\/api.w.org\/{rel}","templated":true}]}}