{"id":85611,"date":"2020-12-03T14:18:42","date_gmt":"2020-12-03T19:18:42","guid":{"rendered":"http:\/\/elcuartopoder.com.mx\/nw\/?p=85611"},"modified":"2020-12-03T14:18:43","modified_gmt":"2020-12-03T19:18:43","slug":"descubren-como-el-covid-19-logra-entrar-en-el-cerebro","status":"publish","type":"post","link":"http:\/\/elcuartopoder.com.mx\/nw\/destacadas\/descubren-como-el-covid-19-logra-entrar-en-el-cerebro\/","title":{"rendered":"Descubren c\u00f3mo el Covid-19 logra entrar en el cerebro"},"content":{"rendered":"\n<p>Utilizando muestras de tejido de pacientes fallecidos, un equipo internacional de investigadores ha conseguido desentra\u00f1ar los mecanismos a trav\u00e9s de los que el coronavirus es capaz de llegar hasta el cerebro de los enfermos de Covid-19, y c\u00f3mo el sistema inmunol\u00f3gico responde al virus una vez que lo hace.<\/p>\n\n\n\n<p>Los resultados, reci\u00e9n publicados en \u00ab\u00a0Nature Neuroscience\u00bb, indican que<strong>\u00a0el coronavirus accede al cerebro a trav\u00e9s de las c\u00e9lulas nerviosas de la mucosa olfativa<\/strong>. Por primera vez, los investigadores han conseguido obtener im\u00e1genes de microscopio electr\u00f3nico de part\u00edculas de coronavirus intactas dentro de la mucosa.<\/p>\n\n\n\n<p>Tras m\u00e1s de diez meses estudiando el Covid-19, los cient\u00edficos se han dado cuenta de que, despu\u00e9s de todo, no estamos ante una enfermedad puramente respiratoria. De hecho, adem\u00e1s de afectar a los pulmones, el virus puede da\u00f1ar el sistema cardiovascular, el tracto gastrointestinal y el sistema nervioso central.&nbsp;<strong>M\u00e1s de uno de cada tres pacientes, adem\u00e1s, padece s\u00edntomas neurol\u00f3gicos<\/strong>, desde p\u00e9rdida de peso a cambios en el sentido del gusto o el olfato, dolores de cabeza, fatiga, mareos y n\u00e1useas. En algunas personas, la enfermedad incluso llega a provocar un accidente cerebrovascular y otras afecciones graves.<\/p>\n\n\n\n<p>Hasta ahora, los cient\u00edficos hab\u00edan sospechado que todas estas dolencias son causadas por la capacidad del virus de ingresar e infectar c\u00e9lulas espec\u00edficas del cerebro. \u00bfPero c\u00f3mo llega el SARS-CoV-2 hasta ah\u00ed?&nbsp;<strong>El cerebro es probablemente el \u00f3rgano mejor defendido de todo el cuerpo<\/strong>&nbsp;y la forma concreta que tiene el virus para derribar esas defensas era poco conocida.<\/p>\n\n\n\n<h3 class=\"wp-block-heading\">Objetivo, nuestro cerebro<\/h3>\n\n\n\n<p>Eso es, precisamente, lo que han descubierto Helena Radbruch, del Departamento de Neuropatolog\u00eda de Charit\u00e9 y el Director del Departamento, Frank Heppner, que han rastreado por primera vez c\u00f3mo el virus ingresa al sistema nervioso central para despu\u00e9s invadir el cerebro.<\/p>\n\n\n\n<p>Como parte de esta investigaci\u00f3n, expertos en los campos de neuropatolog\u00eda, patolog\u00eda, medicina forense, virolog\u00eda y atenci\u00f3n cl\u00ednica&nbsp;<strong>estudiaron muestras de tejido de 33 pacientes&nbsp;<\/strong>(con una edad promedio de 72 a\u00f1os) que hab\u00edan fallecido en Charit\u00e9 o en el Centro M\u00e9dico Universitario de G\u00f6ttingen despu\u00e9s de contraer Covid-19.<\/p>\n\n\n\n<p>Utilizando las \u00faltimas tecnolog\u00edas disponibles, los investigadores analizaron muestras tomadas de la mucosa olfativa de los pacientes fallecidos, as\u00ed como las de cuatro regiones cerebrales diferentes. Tanto las muestras de tejido como las distintas c\u00e9lulas se analizaron en busca de material gen\u00e9tico del SARS-CoV-2 y&nbsp;<strong>la \u00abprote\u00edna de la esp\u00edcula\u00bb que se encuentra en la superficie<\/strong>&nbsp;del virus y que le sirve para infectar nuevas c\u00e9lulas.<\/p>\n\n\n\n<p>El equipo hall\u00f3 evidencia del virus en diferentes estructuras neuroanat\u00f3micas que conectan los ojos, la boca y la nariz con el tronco cerebral. La mucosa olfativa, por ejemplo, fue la que mostr\u00f3 la mayor carga viral. Utilizando tintes especiales para tejidos, los investigadores lograron obtener las primeras im\u00e1genes de microscop\u00eda electr\u00f3nica de part\u00edculas intactas de coronavirus dentro de la mucosa olfativa.<\/p>\n\n\n\n<p>Los virus se encontraron tanto dentro de las c\u00e9lulas nerviosas como en las protuberancias que se extienden desde las c\u00e9lulas de soporte cercanas (epiteliales). Todas las muestras utilizadas en este tipo de an\u00e1lisis basado en im\u00e1genes deben ser de la mayor calidad posible. Y para garantizar que as\u00ed fuera, los autores del estudio se aseguraron de que todos los procesos cl\u00ednicos y patol\u00f3gicos estuvieran estrechamente alineados y respaldados por una infraestructura sofisticada.<\/p>\n\n\n\n<p>\u00abNuestros datos apoyan la idea de que el SARS-CoV-2 es capaz de utilizar la mucosa olfativa como un puerto de entrada al cerebro\u00bb, dice el profesor Heppner. La idea tambi\u00e9n se respalda por la estrecha proximidad que hay entre las c\u00e9lulas de la mucosa, los vasos sangu\u00edneos y las c\u00e9lulas nerviosas de la zona.<\/p>\n\n\n\n<h3 class=\"wp-block-heading\">\u00bfC\u00f3mo llega el virus hasta ah\u00ed?<\/h3>\n\n\n\n<p>\u00abUna vez dentro de la mucosa olfativa \u2013a\u00f1ade el neum\u00f3logo\u2013&nbsp;<strong>el virus parece utilizar conexiones neuroanat\u00f3micas, como el nervio olfativo<\/strong>, para llegar hasta el cerebro. Es importante destacar, sin embargo, que los pacientes con Covid-19 involucrados en este estudio ten\u00edan lo que se definir\u00eda como enfermedad grave, perteneciente a ese peque\u00f1o grupo de pacientes en los que la enfermedad resulta fatal. Por lo tanto, no es necesariamente posible transferir los resultados de nuestro estudio a casos con enfermedad leve o moderada\u00bb.<\/p>\n\n\n\n<p>A pesar de todo, la forma en que el virus se mueve desde las c\u00e9lulas nerviosas a\u00fan no se ha aclarado por completo. \u00abNuestros datos \u2212explica por su parte Helena Radbruch\u2212 sugieren que el virus se mueve de una c\u00e9lula nerviosa a otra hasta llegar al cerebro. Sin embargo,&nbsp;<strong>es probable que el virus tambi\u00e9n se transporte a trav\u00e9s de los vasos sangu\u00edneos<\/strong>, ya que tambi\u00e9n se detect\u00f3 su presencia en las paredes de los vasos sangu\u00edneos cerebrales\u00bb.<\/p>\n\n\n\n<p>El\u00a0SARS-CoV-2, sin embargo, no es el \u00fanico virus capaz de llegar al cerebro de los pacientes infectados. \u00abOtros ejemplos \u2212puntualiza Radbruch\u2212 incluyen el virus del herpes simple y el virus de la rabia\u00bb.<\/p>\n\n\n\n<h3 class=\"wp-block-heading\">La respuesta inmunitaria<\/h3>\n\n\n\n<p>Los investigadores tambi\u00e9n estudiaron la forma en que el sistema inmunol\u00f3gico responde a la infecci\u00f3n por SARS-CoV-2. Adem\u00e1s de encontrar evidencia de c\u00e9lulas inmunes activadas en el cerebro y en la mucosa olfativa,&nbsp;<strong>detectaron las firmas inmunes de estas c\u00e9lulas en el l\u00edquido cerebral<\/strong>. En algunos de los casos estudiados, los investigadores tambi\u00e9n hallaron da\u00f1o tisular causado por un accidente cerebrovascular como resultado de la tromboembolia (es decir, la obstrucci\u00f3n de un vaso sangu\u00edneo por un co\u00e1gulo de sangre).<\/p>\n\n\n\n<p>\u00abEn nuestros ojos \u2212explica Heppner\u2212 la presencia de\u00a0SARS-CoV-2\u00a0en las c\u00e9lulas nerviosas de la mucosa olfativa proporciona una buena explicaci\u00f3n de los s\u00edntomas neurol\u00f3gicos que se encuentran en los pacientes con COVID-19, como la p\u00e9rdida del sentido del olfato o del gusto. Tambi\u00e9n encontramos SARS-CoV-2 en \u00e1reas del cerebro que controlan funciones vitales, como la respiraci\u00f3n. No se puede descartar que, en pacientes con COVID-19 grave, la presencia del virus en estas \u00e1reas del cerebro\u00a0<strong>tenga un impacto exacerbado en la funci\u00f3n respiratoria<\/strong>, sumando problemas respiratorios debido a la infecci\u00f3n pulmonar por SARS-CoV-2. Pueden surgir problemas similares en relaci\u00f3n con la funci\u00f3n cardiovascular\u00bb.<\/p>\n\n\n\n<p><strong>Fuente:<\/strong> ABC<\/p>\n","protected":false},"excerpt":{"rendered":"<p>Utilizando muestras de tejido de pacientes fallecidos, un equipo internacional de investigadores ha conseguido desentra\u00f1ar los mecanismos a trav\u00e9s de los que el coronavirus es capaz de llegar hasta el cerebro de los enfermos de Covid-19, y c\u00f3mo el sistema inmunol\u00f3gico responde al virus una vez que lo hace. Los resultados, reci\u00e9n publicados en \u00ab\u00a0Nature [&hellip;]<\/p>\n","protected":false},"author":2,"featured_media":85612,"comment_status":"open","ping_status":"open","sticky":false,"template":"","format":"standard","meta":{"footnotes":""},"categories":[59],"tags":[],"class_list":["post-85611","post","type-post","status-publish","format-standard","has-post-thumbnail","hentry","category-destacadas"],"_links":{"self":[{"href":"http:\/\/elcuartopoder.com.mx\/nw\/wp-json\/wp\/v2\/posts\/85611","targetHints":{"allow":["GET"]}}],"collection":[{"href":"http:\/\/elcuartopoder.com.mx\/nw\/wp-json\/wp\/v2\/posts"}],"about":[{"href":"http:\/\/elcuartopoder.com.mx\/nw\/wp-json\/wp\/v2\/types\/post"}],"author":[{"embeddable":true,"href":"http:\/\/elcuartopoder.com.mx\/nw\/wp-json\/wp\/v2\/users\/2"}],"replies":[{"embeddable":true,"href":"http:\/\/elcuartopoder.com.mx\/nw\/wp-json\/wp\/v2\/comments?post=85611"}],"version-history":[{"count":1,"href":"http:\/\/elcuartopoder.com.mx\/nw\/wp-json\/wp\/v2\/posts\/85611\/revisions"}],"predecessor-version":[{"id":85613,"href":"http:\/\/elcuartopoder.com.mx\/nw\/wp-json\/wp\/v2\/posts\/85611\/revisions\/85613"}],"wp:featuredmedia":[{"embeddable":true,"href":"http:\/\/elcuartopoder.com.mx\/nw\/wp-json\/wp\/v2\/media\/85612"}],"wp:attachment":[{"href":"http:\/\/elcuartopoder.com.mx\/nw\/wp-json\/wp\/v2\/media?parent=85611"}],"wp:term":[{"taxonomy":"category","embeddable":true,"href":"http:\/\/elcuartopoder.com.mx\/nw\/wp-json\/wp\/v2\/categories?post=85611"},{"taxonomy":"post_tag","embeddable":true,"href":"http:\/\/elcuartopoder.com.mx\/nw\/wp-json\/wp\/v2\/tags?post=85611"}],"curies":[{"name":"wp","href":"https:\/\/api.w.org\/{rel}","templated":true}]}}