{"id":85635,"date":"2020-12-04T09:22:23","date_gmt":"2020-12-04T14:22:23","guid":{"rendered":"http:\/\/elcuartopoder.com.mx\/nw\/?p=85635"},"modified":"2020-12-04T09:22:24","modified_gmt":"2020-12-04T14:22:24","slug":"la-dea-no-olvida-a-la-caza-de-caro-quintero-35-anos-despues","status":"publish","type":"post","link":"http:\/\/elcuartopoder.com.mx\/nw\/destacadas\/la-dea-no-olvida-a-la-caza-de-caro-quintero-35-anos-despues\/","title":{"rendered":"La DEA no olvida: a la caza de Caro Quintero 35 a\u00f1os despu\u00e9s"},"content":{"rendered":"\n<p>La historia del narcotraficante Rafael Caro Quintero se qued\u00f3 detenida en un d\u00eda de principios de febrero de 1985. El asesinato del agente Enrique\u00a0<em>Kiki<\/em>\u00a0Camarena vincul\u00f3 para siempre los d\u00edas del delincuente a los de la Administraci\u00f3n para el Control de Drogas de Estados Unidos (DEA, en sus siglas en ingl\u00e9s). M\u00e1s de 35 a\u00f1os despu\u00e9s, la agencia estadounidense insiste en su vieja obsesi\u00f3n: la prioridad n\u00famero uno es detener al l\u00edder del extinto c\u00e1rtel de Guadalajara. Para conseguirlo prometen 20 millones de d\u00f3lares a cambio de informaci\u00f3n que pueda conducir a su captura. Una cifra exorbitante que dobla la recompensa ofrecida por\u00a0Nemesio Oseguera-Cervantes, alias el Mencho, cabecilla del Cartel Jalisco Nueva Generaci\u00f3n (CJNG), y que supera a la del capo de Sinaloa Ismael<em>\u00a0El Mayo<\/em>\u00a0Zambada. \u00bfPor qu\u00e9 ha convertido la DEA de nuevo a un hombre de 68 a\u00f1os, que cumpli\u00f3 28 en prisi\u00f3n y lleva siete fuera de los focos,\u00a0en el narcotraficante m\u00e1s buscado? El resumen de los expertos coincide: Caro Quintero tiene una deuda pendiente.<\/p>\n\n\n\n<p>\u201cEsta designaci\u00f3n quiere mandar el mensaje de que la DEA no olvida\u201d, se\u00f1ala el analista de seguridad Alejandro Hope. \u201cLa agencia, que es una instituci\u00f3n con memoria larga, se gu\u00eda por agendas personales m\u00e1s que por la peligrosidad que pueda suponer Caro Quintero\u201d, a\u00f1ade. En la misma l\u00ednea, Lilian Chapa, investigadora del World Justice Project, apunta que \u201cdefinitivamente\u201d no es la principal amenaza para la seguridad de M\u00e9xico o Estados Unidos.<\/p>\n\n\n\n<p>La periodista Anabel Hern\u00e1ndez, autora de los libros sobre el c\u00e1rtel de Sinaloa Los se\u00f1ores del narco y El traidor, tambi\u00e9n asegura que no es el m\u00e1s poderoso: \u201cNo tiene comparaci\u00f3n con, por ejemplo, la hegemon\u00eda total del Mayo, l\u00edder de l\u00edderes. Llama la atenci\u00f3n que para un hombre, cuya organizaci\u00f3n tiene presencia en m\u00e1s del 60% del planeta, pidan mucha menos recompensa\u201d. Hern\u00e1ndez concluye: \u201cCaro Quintero es una piedra del zapato, desde el asesinato de Camarena y desde que fue liberado en 2013\u2033.<\/p>\n\n\n\n<p>As\u00ed los an\u00e1lisis llevan al mismo desenlace: tanto el Mayo, el Mencho o incluso los dos hijos del Chapo Guzm\u00e1n son m\u00e1s relevantes en el flujo de drogas de M\u00e9xico que Caro Quintero. Todo vuelve, entonces, a aquel d\u00eda de febrero.<\/p>\n\n\n\n<p>Lo ocurrido en 1985 ya ha ocupado las portadas y ha inspirado los libros y guiones, pero sigue siendo el origen de decisiones actuales. Camarena era un agente estadounidense que, infiltrado en el cartel de Guadalajara, desmantel\u00f3 una gigantesca plantaci\u00f3n de marihuana, ubicada en el llamado rancho del B\u00fafalo. La versi\u00f3n oficial indica que, en represalia, los narcotraficantes lo asesinaron a \u00e9l y al piloto con el que inspeccionaba los sembrad\u00edos de droga, Alfredo Zavala. Sus cuerpos aparecieron, un mes despu\u00e9s de ser secuestrados, en una zanja a 150 kil\u00f3metros de Guadalajara. Los informes revelaron que hab\u00edan sido salvajemente torturados.<\/p>\n\n\n\n<p>Caro Quintero fue detenido poco despu\u00e9s en Costa Rica. Tambi\u00e9n fueron arrestados los otros dos l\u00edderes del cartel, F\u00e9lix Gallardo El Padrino y Ernesto Fonseca Carrillo Don Neto. Otro de ellos, conocido como El Pr\u00edncipe cumpli\u00f3 casi 30 a\u00f1os de prisi\u00f3n por este asesinato. En 2013, un tribunal lo dej\u00f3 en libertad por un defecto de forma en una sentencia que fue invalidada poco despu\u00e9s. Desde entonces no se lo ha vuelto a ver.<\/p>\n\n\n\n<p>\u00bfQu\u00e9 hizo el narcotraficante despu\u00e9s de salir de la c\u00e1rcel? \u00bfSe reagrup\u00f3 para disputar el territorio al Chapo? \u00bfSe ali\u00f3 con los Beltr\u00e1n Leyva? As\u00ed lo sostienen los servicios de inteligencia militar estadounidense y la fiscal\u00eda mexicana. En estos d\u00edas, tras el anuncio de la DEA, se reavivaron las teor\u00edas que apuntan que Caro Quintero volv\u00eda a ser como \u201cen los viejos tiempos\u201d con una presencia \u201capabullante\u201d en Sonora, control en Baja California y Chihuahua. Este mismo viernes y tras una solicitud de la Corte de Nueva York, la Fiscal\u00eda General de la Rep\u00fablica (FGR) inici\u00f3 el proceso para decomisar tres de sus propiedades en Zapopan (Guadalajara): un inmueble, un local y un rancho, seg\u00fan inform\u00f3 el grupo Reforma.<\/p>\n\n\n\n<p>Pero, \u00bfqu\u00e9 se sabe de sus operaciones actuales? \u201cMuy poco. Ha mantenido una presencia discreta desde que sali\u00f3 de la c\u00e1rcel en 2013. S\u00ed ha de tener operaciones, hay reportes que lo ubican, y tiene que estar traficando y cultivando, pero lejos de sus \u00e9pocas de gloria y de ser el narcotraficante m\u00e1s importante de M\u00e9xico\u201d, se\u00f1ala el analista mexicano Alejandro Hope.<\/p>\n\n\n\n<h2 class=\"wp-block-heading\">\u201cNo quiero saber nada de narcotr\u00e1fico\u201d<\/h2>\n\n\n\n<p>En una entrevista con Anabel Hern\u00e1ndez en 2016 para la revista&nbsp;<em>Proceso<\/em>, Caro Quintero asegur\u00f3 estar alejado del negocio. \u201cYo ya no soy un peligro para la sociedad. No quiero saber nada de narcotr\u00e1fico. Si algo hice mal, ya lo pagu\u00e9\u201d, dijo tras negar su participaci\u00f3n en la muerte de Camarena. Hern\u00e1ndez, que tambi\u00e9n habl\u00f3 con el narcotraficante en 2018, duda de las afirmaciones que apuntan que tenga un control en Sonora. \u201cYo no lo vi en Sonora. En 2018, donde \u00e9l sent\u00eda que estaba protegido y se escond\u00eda no era all\u00ed. Su lugar de seguridad, su matriz, est\u00e1 en Sinaloa. No creo que sea capaz de crear un imperio en la tierra de Sonora, donde manda el Mayo Zambada\u201d, explica por tel\u00e9fono desde Europa la periodista.<\/p>\n\n\n\n<p>Hern\u00e1ndez reconoce que el panorama del narcotr\u00e1fico en M\u00e9xico desde 2018 se ha moldeado mucho: los Beltr\u00e1n Leyva est\u00e1n casi extintos y el CJNG ha ganado hegemon\u00eda y poder. \u201cPero no podr\u00eda decir que ha regresado. Me parece il\u00f3gico que un capo que se est\u00e9 dedicando al gran tr\u00e1fico de drogas reciba en dos ocasiones a una periodista. No contaba con un gran personal, ni con instalaciones. Parec\u00eda un hombre acabado\u201d, se\u00f1ala.<\/p>\n\n\n\n<p>La etiqueta del m\u00e1s buscado por la DEA y la incautaci\u00f3n de las propiedades de Caro Quintero tienen lugar poco despu\u00e9s del \u00faltimo gran esc\u00e1ndalo del narcotr\u00e1fico en M\u00e9xico:\u00a0la detenci\u00f3n del general Salvador Cienfuegos\u00a0en Los \u00c1ngeles, acusado de delitos de drogas y de lavado de dinero,\u00a0y su posterior entrega a las autoridades mexicanas para que fuera juzgado en el pa\u00eds. Al guion de cine, se suma la exclusiva de la\u00a0agencia Reuters\u00a0sobre que el Ejecutivo mexicano se hab\u00eda comprometido a arrestar a un alto capo a cambio de traer de vuelta a Cienfuegos.<\/p>\n\n\n\n<p>\u201cEl acuerdo suena veros\u00edmil, pero es solo una hip\u00f3tesis\u201d, valora Lilian Chapa. La analista, experta en seguridad nacional, considera que la entrega de Cienfuegos \u201ces un acto sin precedentes de confianza\u201d en el sistema de justicia de EE UU a M\u00e9xico. Siendo dos sistemas con prioridades radicalmente distintas. \u201cComo es el caso de Camarena, en EE UU cuando se priva de la vida a un agente del Estado, las consecuencias son muy duras. En M\u00e9xico, los homicidios de agentes quedan impunes. Es una de las principales debilidades del Estado\u201d. Hoy, m\u00e1s de 30 a\u00f1os despu\u00e9s, Caro Quintero sigue con una deuda pendiente con el sistema estadounidense y M\u00e9xico, con sus agentes.<\/p>\n\n\n\n<p><strong>Fuente:<\/strong> elpa\u00eds<\/p>\n","protected":false},"excerpt":{"rendered":"<p>La historia del narcotraficante Rafael Caro Quintero se qued\u00f3 detenida en un d\u00eda de principios de febrero de 1985. El asesinato del agente Enrique\u00a0Kiki\u00a0Camarena vincul\u00f3 para siempre los d\u00edas del delincuente a los de la Administraci\u00f3n para el Control de Drogas de Estados Unidos (DEA, en sus siglas en ingl\u00e9s). M\u00e1s de 35 a\u00f1os despu\u00e9s, [&hellip;]<\/p>\n","protected":false},"author":2,"featured_media":85636,"comment_status":"open","ping_status":"open","sticky":false,"template":"","format":"standard","meta":{"footnotes":""},"categories":[59],"tags":[],"class_list":["post-85635","post","type-post","status-publish","format-standard","has-post-thumbnail","hentry","category-destacadas"],"_links":{"self":[{"href":"http:\/\/elcuartopoder.com.mx\/nw\/wp-json\/wp\/v2\/posts\/85635","targetHints":{"allow":["GET"]}}],"collection":[{"href":"http:\/\/elcuartopoder.com.mx\/nw\/wp-json\/wp\/v2\/posts"}],"about":[{"href":"http:\/\/elcuartopoder.com.mx\/nw\/wp-json\/wp\/v2\/types\/post"}],"author":[{"embeddable":true,"href":"http:\/\/elcuartopoder.com.mx\/nw\/wp-json\/wp\/v2\/users\/2"}],"replies":[{"embeddable":true,"href":"http:\/\/elcuartopoder.com.mx\/nw\/wp-json\/wp\/v2\/comments?post=85635"}],"version-history":[{"count":1,"href":"http:\/\/elcuartopoder.com.mx\/nw\/wp-json\/wp\/v2\/posts\/85635\/revisions"}],"predecessor-version":[{"id":85637,"href":"http:\/\/elcuartopoder.com.mx\/nw\/wp-json\/wp\/v2\/posts\/85635\/revisions\/85637"}],"wp:featuredmedia":[{"embeddable":true,"href":"http:\/\/elcuartopoder.com.mx\/nw\/wp-json\/wp\/v2\/media\/85636"}],"wp:attachment":[{"href":"http:\/\/elcuartopoder.com.mx\/nw\/wp-json\/wp\/v2\/media?parent=85635"}],"wp:term":[{"taxonomy":"category","embeddable":true,"href":"http:\/\/elcuartopoder.com.mx\/nw\/wp-json\/wp\/v2\/categories?post=85635"},{"taxonomy":"post_tag","embeddable":true,"href":"http:\/\/elcuartopoder.com.mx\/nw\/wp-json\/wp\/v2\/tags?post=85635"}],"curies":[{"name":"wp","href":"https:\/\/api.w.org\/{rel}","templated":true}]}}