{"id":85638,"date":"2020-12-04T09:27:24","date_gmt":"2020-12-04T14:27:24","guid":{"rendered":"http:\/\/elcuartopoder.com.mx\/nw\/?p=85638"},"modified":"2020-12-04T09:27:25","modified_gmt":"2020-12-04T14:27:25","slug":"magistrados-del-constitucional-apoyan-endurecer-la-respuesta-penal-a-la-desobediencia","status":"publish","type":"post","link":"http:\/\/elcuartopoder.com.mx\/nw\/politica\/magistrados-del-constitucional-apoyan-endurecer-la-respuesta-penal-a-la-desobediencia\/","title":{"rendered":"Magistrados del Constitucional apoyan endurecer la respuesta penal a la desobediencia"},"content":{"rendered":"\n<p>Los magistrados del Tribunal Constitucional han acogido favorablemente la propuesta del Gobierno para castigar con penas de c\u00e1rcel el delito de desobediencia al tribunal. La iniciativa ha encontrado un eco positivo entre los jueces tras las dificultades que encontraron para definir en cada momento la respuesta legal a las iniciativas del\u00a0<em>proc\u00e9s<\/em>\u00a0catal\u00e1n. El criterio dominante en el Constitucional es que ante el\u00a0refer\u00e9ndum ilegal del 1-O\u00a0no pudieron aplicarse normas disuasorias que, creen, habr\u00edan podido frenar las decisiones de los l\u00edderes independentistas.<\/p>\n\n\n\n<p>A la vista de esta experiencia, la reforma legal en la que trabaja el Ministerio de Justicia es vista por estos magistrados como potencialmente \u00fatil para disminuir la probabilidad de episodios de esta naturaleza, porque supondr\u00eda disponer de una legislaci\u00f3n preventiva, disuasoria, que el Estado no tuvo entonces en sus manos. Pasar\u00eda, eso s\u00ed, por endurecer las penas asociadas al delito.<\/p>\n\n\n\n<p>El Constitucional no tiene que implicarse en un cambio legislativo de este tipo porque no le corresponde. Pero en los an\u00e1lisis que ha provocado entre diversos magistrados la iniciativa del Gobierno se ha destacado que desde el\u00a0refer\u00e9ndum ilegal del 9-N de 2014 en Catalu\u00f1a\u00a0y el segundo, el 1-O de 2017, el Constitucional formul\u00f3 numerosas notificaciones personales a los miembros del Ejecutivo catal\u00e1n y a los de la Mesa del Parlament. En aquellas comunicaciones\u00a0se les advert\u00eda de las posibles consecuencias penales de desatender las \u00f3rdenes del tribunal. Pero todo ello en virtud de los actuales tipos penales, que s\u00f3lo prev\u00e9n penas de multa e inhabilitaci\u00f3n para los responsables de dichos delitos.<\/p>\n\n\n\n<h3 class=\"wp-block-heading\">Prisi\u00f3n preventiva<\/h3>\n\n\n\n<p>El endurecimiento de estos tipos penales supondr\u00eda, seg\u00fan creen los magistrados, una advertencia m\u00e1s eficaz frente a iniciativas que impliquen deso\u00edr las \u00f3rdenes del Constitucional o perseverar en iniciativas que el tribunal haya prohibido. Recuerdan que la fase final del\u00a0<em>proc\u00e9s<\/em>, en septiembre y octubre de 2017, supuso un salto cualitativo en la respuesta del sistema legal, al presentarse una querella por el\u00a0delito de rebeli\u00f3n contra los dirigentes independentistas. Los mismos c\u00edrculos se preguntan cu\u00e1l hubiera sido la eficacia de una previsi\u00f3n normativa que, al agravar el delito de desobediencia al Constitucional, incluyera la posibilidad de acordar la prisi\u00f3n preventiva de los cargos p\u00fablicos que incumplieran de forma reiterada los requerimientos.<\/p>\n\n\n\n<p>El actual art\u00edculo 410 del C\u00f3digo Penal prev\u00e9 pena de multa de tres a doce meses e inhabilitaci\u00f3n de seis meses a dos a\u00f1os para \u201clas autoridades o funcionarios p\u00fablicos que se negaren abiertamente a dar el debido cumplimento a resoluciones judiciales, decisiones u \u00f3rdenes de la autoridad superior, dictadas dentro del \u00e1mbito de su respectiva competencia y revestidas de las formalidades legales\u201d. La medida cautelar de prisi\u00f3n preventiva no se aplica a estas conductas, dado que no llevan aparejadas pena de prisi\u00f3n.<\/p>\n\n\n\n<p><strong>Fuente: <\/strong>elpa\u00eds<\/p>\n\n\n\n<p><br><\/p>\n","protected":false},"excerpt":{"rendered":"<p>Los magistrados del Tribunal Constitucional han acogido favorablemente la propuesta del Gobierno para castigar con penas de c\u00e1rcel el delito de desobediencia al tribunal. La iniciativa ha encontrado un eco positivo entre los jueces tras las dificultades que encontraron para definir en cada momento la respuesta legal a las iniciativas del\u00a0proc\u00e9s\u00a0catal\u00e1n. El criterio dominante en [&hellip;]<\/p>\n","protected":false},"author":2,"featured_media":85639,"comment_status":"open","ping_status":"open","sticky":false,"template":"","format":"standard","meta":{"footnotes":""},"categories":[61],"tags":[],"class_list":["post-85638","post","type-post","status-publish","format-standard","has-post-thumbnail","hentry","category-politica"],"_links":{"self":[{"href":"http:\/\/elcuartopoder.com.mx\/nw\/wp-json\/wp\/v2\/posts\/85638","targetHints":{"allow":["GET"]}}],"collection":[{"href":"http:\/\/elcuartopoder.com.mx\/nw\/wp-json\/wp\/v2\/posts"}],"about":[{"href":"http:\/\/elcuartopoder.com.mx\/nw\/wp-json\/wp\/v2\/types\/post"}],"author":[{"embeddable":true,"href":"http:\/\/elcuartopoder.com.mx\/nw\/wp-json\/wp\/v2\/users\/2"}],"replies":[{"embeddable":true,"href":"http:\/\/elcuartopoder.com.mx\/nw\/wp-json\/wp\/v2\/comments?post=85638"}],"version-history":[{"count":1,"href":"http:\/\/elcuartopoder.com.mx\/nw\/wp-json\/wp\/v2\/posts\/85638\/revisions"}],"predecessor-version":[{"id":85640,"href":"http:\/\/elcuartopoder.com.mx\/nw\/wp-json\/wp\/v2\/posts\/85638\/revisions\/85640"}],"wp:featuredmedia":[{"embeddable":true,"href":"http:\/\/elcuartopoder.com.mx\/nw\/wp-json\/wp\/v2\/media\/85639"}],"wp:attachment":[{"href":"http:\/\/elcuartopoder.com.mx\/nw\/wp-json\/wp\/v2\/media?parent=85638"}],"wp:term":[{"taxonomy":"category","embeddable":true,"href":"http:\/\/elcuartopoder.com.mx\/nw\/wp-json\/wp\/v2\/categories?post=85638"},{"taxonomy":"post_tag","embeddable":true,"href":"http:\/\/elcuartopoder.com.mx\/nw\/wp-json\/wp\/v2\/tags?post=85638"}],"curies":[{"name":"wp","href":"https:\/\/api.w.org\/{rel}","templated":true}]}}