{"id":85672,"date":"2020-12-05T12:25:39","date_gmt":"2020-12-05T17:25:39","guid":{"rendered":"http:\/\/elcuartopoder.com.mx\/nw\/?p=85672"},"modified":"2020-12-05T12:25:41","modified_gmt":"2020-12-05T17:25:41","slug":"corral-y-el-fiscal-dicen-que-si-hay-pruebas-de-que-precandidato-recibio-1-millon-300-mil-de-duarte","status":"publish","type":"post","link":"http:\/\/elcuartopoder.com.mx\/nw\/editorial\/corral-y-el-fiscal-dicen-que-si-hay-pruebas-de-que-precandidato-recibio-1-millon-300-mil-de-duarte\/","title":{"rendered":"Corral y el Fiscal dicen que s\u00ed hay pruebas de que precandidato recibi\u00f3 1 mill\u00f3n 300 mil de Duarte"},"content":{"rendered":"\n<p>Ciudad de M\u00e9xico.\u2013 El Gobernador de <strong>Chihuahua<\/strong>,<strong>\u00a0Javier Corral<\/strong>, y el titular de la\u00a0<strong>Fiscal\u00eda General del Estado<\/strong>, C\u00e9sar Peniche Espejel, dijeron hoy que s\u00ed tienen\u00a0<strong>pruebas<\/strong>\u00a0de que el Senador\u00a0<strong>Cruz P\u00e9rez Cu\u00e9llar<\/strong>, quien busca ser candidato del Movimiento de Regeneraci\u00f3n Nacional (Morena) en esa entidad, recibi\u00f3 un mill\u00f3n 300 mil pesos. Seg\u00fan ambos, fue a trav\u00e9s de una supuesta \u201cn\u00f3mina secreta\u201d que se revel\u00f3 hace cuatro a\u00f1os y de la que s\u00f3lo se ha informado por filtraciones.<\/p>\n\n\n\n<p><strong>Corral Jurado<\/strong>&nbsp;es acusado por&nbsp;<strong>P\u00e9rez Cu\u00e9llar<\/strong>&nbsp;(Morena); por Mar\u00eda Eugenia Campos (PAN), Alcaldesa de Chihuahua, y por el Senador Ricardo Monreal de utilizar a la&nbsp;<strong>Fiscal\u00eda de Chihuahua<\/strong>&nbsp;para quitarle a Gustavo Madero contrincantes en la carrera por la gubernatura. Hoy el mismo Presidente Andr\u00e9s Manuel L\u00f3pez Obrador pidi\u00f3 \u201cque decida el pueblo\u201d y consider\u00f3 que lo que est\u00e1 sucediendo en Chihuahua es \u201celectoral\u201d.<\/p>\n\n\n\n<p>Durante su conferencia de prensa matutina, afirm\u00f3 que \u201cpor l\u00f3gica\u201d, las acusaciones de la Fiscal\u00eda de Chihuahua en contra de tres precandidatos tienen \u201cun trasfondo electoral\u201d, ya que el estado va a las urnas el pr\u00f3ximo a\u00f1o para sustituir al Gobernador Javier Corral Jurado, quien vincula a estos tres pol\u00edticos con el exmandatario&nbsp;<strong>C\u00e9sar Duarte<\/strong>, detenido en Estados Unidos por corrupci\u00f3n.<\/p>\n\n\n\n<p>Desde Palacio Nacional, el mandatario mexicano consider\u00f3 que no es necesario un supuesto \u201cbloque\u201d de ayuda para sacar a los precandidatos de la contienda electoral del pr\u00f3ximo a\u00f1o.<\/p>\n\n\n\n<figure class=\"wp-block-embed-youtube wp-block-embed is-type-video is-provider-youtube wp-embed-aspect-16-9 wp-has-aspect-ratio\"><div class=\"wp-block-embed__wrapper\">\n<iframe loading=\"lazy\" width=\"696\" height=\"392\" src=\"https:\/\/www.youtube.com\/embed\/b_NKM6IOFj8?feature=oembed\" frameborder=\"0\" allow=\"accelerometer; autoplay; clipboard-write; encrypted-media; gyroscope; picture-in-picture\" allowfullscreen><\/iframe>\n<\/div><\/figure>\n\n\n\n<blockquote class=\"wp-block-quote is-layout-flow wp-block-quote-is-layout-flow\"><p>\u201cNo creo que eso ayude, agruparse en bloques [\u2026] no tengo duda de que ese agrupamiento que se cre\u00f3 de gobernadores, lo fundamental es lo pol\u00edtico-electoral, porque no hay ninguna raz\u00f3n\u201d, a\u00f1adi\u00f3.<\/p><\/blockquote>\n\n\n\n<p>L\u00f3pez Obrador asegur\u00f3 que los casos del Senador del partido Movimiento Regeneraci\u00f3n Nacional (Morena), Cruz P\u00e9rez Cu\u00e9llar, de quien busca su desafuero la Fiscal\u00eda estatal; la denuncia contra Gustavo Madero por el presunto desv\u00edo de 20 millones de pesos; y una denuncia contra la Alcaldesa de Chihuahua, Mar\u00eda Eugenia Campos, por presuntos nexos Duarte J\u00e1quez; se tratan de un tema electoral, ya que los tres personajes figuran como precandidatos a la gubernatura de la entidad.<\/p>\n\n\n\n<blockquote class=\"wp-block-quote is-layout-flow wp-block-quote-is-layout-flow\"><p>\u201cLa denuncia contra Gustavo Madero, me preguntan de eso, t\u00fa sobre el Senador Cruz P\u00e9rez Cu\u00e9llar y tambi\u00e9n de la denuncia de la Presidenta Municipal de Chihuahua, los tres por los informes que tengo de los medios, los tres son precandidatos al Gobierno de Chihuahua. Entonces, por l\u00f3gica, es un asunto pol\u00edtico electoral. Esto va seguir pasando, es normal, no s\u00f3lo se da en M\u00e9xico\u201d, resalt\u00f3.<\/p><\/blockquote>\n\n\n\n<p>Sin embargo, horas despu\u00e9s Javier Corral se\u00f1al\u00f3 que&nbsp;\u201cya han salido a decir algunos l\u00edderes de Morena, as\u00ed abiertamente que van a proteger al Senador\u201d, pero record\u00f3 que \u201ctambi\u00e9n hay una responsabilidad pol\u00edtica en eso\u201d.<\/p>\n\n\n\n<blockquote class=\"wp-block-quote is-layout-flow wp-block-quote-is-layout-flow\"><p>\u201c\u00bfC\u00f3mo que nada m\u00e1s porque es Senador de un partido pol\u00edtico lo van a proteger? Yo espero que la C\u00e1mara de Diputados no se convierta en una zona de impunidad o en un refugio de la impunidad\u201d, coment\u00f3 en entrevista con una televisora local.<\/p><\/blockquote>\n\n\n\n<p>\u201cEl actual Senador de la Rep\u00fablica Cruz P\u00e9rez Cu\u00e9llar, que tambi\u00e9n ya se declar\u00f3 perseguido pol\u00edtico, porque bueno el tema es que coincide con los tiempos electorales, s\u00ed bueno, pues s\u00ed, cada vez, cada a\u00f1o en M\u00e9xico hay elecciones\u201d, dijo el panista ante el contexto en el que se da el tema.<\/p>\n\n\n\n<figure class=\"wp-block-image\"><img decoding=\"async\" src=\"https:\/\/i0.wp.com\/sinembargo.mx\/wp-content\/uploads\/2020\/12\/cuartoscuro_598901_digital.jpeg\" alt=\"El Fiscal General del estado de Chihuahua, C\u00e9sar Augusto Peniche. \" class=\"wp-image-3904259\"\/><\/figure>\n\n\n\n<p>El Fiscal General del estado de Chihuahua, C\u00e9sar Augusto Peniche. Foto: Galo Ca\u00f1as, Cuartoscuro<\/p>\n\n\n\n<p>M\u00e1s adelante, indic\u00f3 que&nbsp;\u201cen el caso del hoy Senador P\u00e9rez Cu\u00e9llar est\u00e1n los documentos debidamente acreditados, dictaminados, hay dict\u00e1menes grafosc\u00f3picos y grafol\u00f3gicos de su firma, pero adem\u00e1s distintos testimonios\u201d sobre el presunto desv\u00edo de recursos&nbsp;entre 2013 y 2015.<\/p>\n\n\n\n<p>Por otra parte,\u00a0el Fiscal C\u00e9sar Augusto Peniche Espejel destac\u00f3 tambi\u00e9n que la carpeta de investigaci\u00f3n contra el legislador \u201ctiene un sustento cient\u00edfico, que vincula al pol\u00edtico a los actos de corrupci\u00f3n que presuntamente oper\u00f3 el exgobernador\u201d.<\/p>\n\n\n\n<p>En entrevista con Pascal Beltr\u00e1n del R\u00edo para&nbsp;<em>Grupo Imagen<\/em>, a\u00f1adi\u00f3 que&nbsp;\u201cel trabajo que ha realizado el Ministerio P\u00fablico, en relaci\u00f3n a este y pr\u00e1cticamente en todas las investigaciones que se llevan en los temas de corrupci\u00f3n, traen un c\u00famulo probatorio suficiente, que sustenta precisamente la actividad que se realiza ante las autoridades judiciales\u201d.<\/p>\n\n\n\n<p>El titular de la FGE expuso que \u201cno solamente hay la versi\u00f3n de un testigo, como se ha dicho, ah\u00ed est\u00e1 la versi\u00f3n de personas que estuvieron, o que directamente tienen conocimiento de estos hechos, no son testigos de o\u00eddas, son testigos presenciales\u201d.<\/p>\n\n\n\n<p>A su vez, explic\u00f3 que hay elementos que \u201cnosotros denominamos como prueba cient\u00edfica, porque hay documentos que han sido perfectamente identificados y trabajados por peritos\u201d.<\/p>\n\n\n\n<blockquote class=\"wp-block-quote is-layout-flow wp-block-quote-is-layout-flow\"><p>\u201cY esos son b\u00e1sicamente los datos que obran en la carpeta de investigaci\u00f3n y que nosotros hemos incorporado en cumplimiento a nuestra obligaci\u00f3n, qu\u00e9 es la de investigar delitos\u201d, asegur\u00f3.<\/p><\/blockquote>\n\n\n\n<p><strong>Fuente: <\/strong>sinembargo<\/p>\n","protected":false},"excerpt":{"rendered":"<p>Ciudad de M\u00e9xico.\u2013 El Gobernador de Chihuahua,\u00a0Javier Corral, y el titular de la\u00a0Fiscal\u00eda General del Estado, C\u00e9sar Peniche Espejel, dijeron hoy que s\u00ed tienen\u00a0pruebas\u00a0de que el Senador\u00a0Cruz P\u00e9rez Cu\u00e9llar, quien busca ser candidato del Movimiento de Regeneraci\u00f3n Nacional (Morena) en esa entidad, recibi\u00f3 un mill\u00f3n 300 mil pesos. Seg\u00fan ambos, fue a trav\u00e9s de una [&hellip;]<\/p>\n","protected":false},"author":2,"featured_media":85673,"comment_status":"open","ping_status":"open","sticky":false,"template":"","format":"standard","meta":{"footnotes":""},"categories":[63],"tags":[],"class_list":["post-85672","post","type-post","status-publish","format-standard","has-post-thumbnail","hentry","category-editorial"],"_links":{"self":[{"href":"http:\/\/elcuartopoder.com.mx\/nw\/wp-json\/wp\/v2\/posts\/85672","targetHints":{"allow":["GET"]}}],"collection":[{"href":"http:\/\/elcuartopoder.com.mx\/nw\/wp-json\/wp\/v2\/posts"}],"about":[{"href":"http:\/\/elcuartopoder.com.mx\/nw\/wp-json\/wp\/v2\/types\/post"}],"author":[{"embeddable":true,"href":"http:\/\/elcuartopoder.com.mx\/nw\/wp-json\/wp\/v2\/users\/2"}],"replies":[{"embeddable":true,"href":"http:\/\/elcuartopoder.com.mx\/nw\/wp-json\/wp\/v2\/comments?post=85672"}],"version-history":[{"count":1,"href":"http:\/\/elcuartopoder.com.mx\/nw\/wp-json\/wp\/v2\/posts\/85672\/revisions"}],"predecessor-version":[{"id":85674,"href":"http:\/\/elcuartopoder.com.mx\/nw\/wp-json\/wp\/v2\/posts\/85672\/revisions\/85674"}],"wp:featuredmedia":[{"embeddable":true,"href":"http:\/\/elcuartopoder.com.mx\/nw\/wp-json\/wp\/v2\/media\/85673"}],"wp:attachment":[{"href":"http:\/\/elcuartopoder.com.mx\/nw\/wp-json\/wp\/v2\/media?parent=85672"}],"wp:term":[{"taxonomy":"category","embeddable":true,"href":"http:\/\/elcuartopoder.com.mx\/nw\/wp-json\/wp\/v2\/categories?post=85672"},{"taxonomy":"post_tag","embeddable":true,"href":"http:\/\/elcuartopoder.com.mx\/nw\/wp-json\/wp\/v2\/tags?post=85672"}],"curies":[{"name":"wp","href":"https:\/\/api.w.org\/{rel}","templated":true}]}}