{"id":85739,"date":"2020-12-08T14:58:14","date_gmt":"2020-12-08T19:58:14","guid":{"rendered":"http:\/\/elcuartopoder.com.mx\/nw\/?p=85739"},"modified":"2020-12-08T14:58:15","modified_gmt":"2020-12-08T19:58:15","slug":"india-rara-enfermedad-manda-al-hospital-a-200-personas","status":"publish","type":"post","link":"http:\/\/elcuartopoder.com.mx\/nw\/internacionales\/india-rara-enfermedad-manda-al-hospital-a-200-personas\/","title":{"rendered":"India: Rara enfermedad manda al hospital a 200 personas"},"content":{"rendered":"\n<p>Nueva Delhi.- Al menos una persona<strong>&nbsp;muri\u00f3 y 200 fueron hospitalizadas<\/strong>&nbsp;debido a una enfermedad no identificada en el estado de Andhra Pradesh, en el sur de India, seg\u00fan reportes publicados el lunes.<\/p>\n\n\n\n<p>La enfermedad se detect\u00f3 el s\u00e1bado por la tarde en Eluru,<strong>\u00a0una ciudad antigua<\/strong>\u00a0famosa por sus productos tejidos a mano. Los pacientes han mostrado s\u00edntomas como n\u00e1useas, ansiedad y p\u00e9rdida de consciencia, seg\u00fan los m\u00e9dicos.<\/p>\n\n\n\n<p>Un hombre de 45 a\u00f1os que estaba hospitalizado&nbsp;<strong>con s\u00edntomas similares<\/strong>&nbsp;a la epilepsia y n\u00e1useas muri\u00f3 el domingo por la noche, seg\u00fan la agencia de noticias Press Trust of India.<\/p>\n\n\n\n<h2 class=\"wp-block-heading\">Exigen una investigaci\u00f3n por la rara enfermedad en India<\/h2>\n\n\n\n<p>Las autoridades<strong>\u00a0intentan determinar la causa de la enfermedad<\/strong>. Por el momento, las muestras de agua de las zonas afectadas no muestran trazas de contaminaci\u00f3n y los pacientes dieron negativo a enfermedades como COVID-19, dengue, chikungu\u00f1a o herpes.<\/p>\n\n\n\n<figure class=\"wp-block-embed-twitter wp-block-embed is-type-rich is-provider-twitter\"><div class=\"wp-block-embed__wrapper\">\n<blockquote class=\"twitter-tweet\" data-width=\"550\" data-dnt=\"true\"><p lang=\"es\" dir=\"ltr\">Una misteriosa enfermedad aparece en una de las regiones de la India m\u00e1s golpeadas por el Covid-19. <a href=\"https:\/\/t.co\/yxred2w3nt\">https:\/\/t.co\/yxred2w3nt<\/a><\/p>&mdash; Melania Su\u00e1rez (@Melaniatwit) <a href=\"https:\/\/twitter.com\/Melaniatwit\/status\/1335928949944315904?ref_src=twsrc%5Etfw\">December 7, 2020<\/a><\/blockquote><script async src=\"https:\/\/platform.twitter.com\/widgets.js\" charset=\"utf-8\"><\/script>\n<\/div><\/figure>\n\n\n\n<p>El ministro jefe del estado, Y.S. Jagan Mohan Reddy,&nbsp;<strong>visit\u00f3 un hospital<\/strong>&nbsp;del gobierno y vio a pacientes afectados. El l\u00edder de la oposici\u00f3n, N. Chandrababu Naidu, exigi\u00f3 en Twitter una \u201cinvestigaci\u00f3n imparcial, completa, sobre el incidente\u201d.<\/p>\n\n\n\n<p>El estado de Andhra Pradesh est\u00e1 entre los m\u00e1s afectados del pa\u00eds por el coronavirus, con m\u00e1s de 800.000 casos identificados. El sistema sanitario en el estado, como en el resto del pa\u00eds,\u00a0<strong>se ha visto devastado por la pandemia.<\/strong><\/p>\n\n\n\n<p><strong>Fuente:<\/strong> SIPSE<\/p>\n","protected":false},"excerpt":{"rendered":"<p>Nueva Delhi.- Al menos una persona&nbsp;muri\u00f3 y 200 fueron hospitalizadas&nbsp;debido a una enfermedad no identificada en el estado de Andhra Pradesh, en el sur de India, seg\u00fan reportes publicados el lunes. La enfermedad se detect\u00f3 el s\u00e1bado por la tarde en Eluru,\u00a0una ciudad antigua\u00a0famosa por sus productos tejidos a mano. Los pacientes han mostrado s\u00edntomas [&hellip;]<\/p>\n","protected":false},"author":2,"featured_media":85740,"comment_status":"open","ping_status":"open","sticky":false,"template":"","format":"standard","meta":{"footnotes":""},"categories":[8],"tags":[],"class_list":["post-85739","post","type-post","status-publish","format-standard","has-post-thumbnail","hentry","category-internacionales"],"_links":{"self":[{"href":"http:\/\/elcuartopoder.com.mx\/nw\/wp-json\/wp\/v2\/posts\/85739","targetHints":{"allow":["GET"]}}],"collection":[{"href":"http:\/\/elcuartopoder.com.mx\/nw\/wp-json\/wp\/v2\/posts"}],"about":[{"href":"http:\/\/elcuartopoder.com.mx\/nw\/wp-json\/wp\/v2\/types\/post"}],"author":[{"embeddable":true,"href":"http:\/\/elcuartopoder.com.mx\/nw\/wp-json\/wp\/v2\/users\/2"}],"replies":[{"embeddable":true,"href":"http:\/\/elcuartopoder.com.mx\/nw\/wp-json\/wp\/v2\/comments?post=85739"}],"version-history":[{"count":1,"href":"http:\/\/elcuartopoder.com.mx\/nw\/wp-json\/wp\/v2\/posts\/85739\/revisions"}],"predecessor-version":[{"id":85741,"href":"http:\/\/elcuartopoder.com.mx\/nw\/wp-json\/wp\/v2\/posts\/85739\/revisions\/85741"}],"wp:featuredmedia":[{"embeddable":true,"href":"http:\/\/elcuartopoder.com.mx\/nw\/wp-json\/wp\/v2\/media\/85740"}],"wp:attachment":[{"href":"http:\/\/elcuartopoder.com.mx\/nw\/wp-json\/wp\/v2\/media?parent=85739"}],"wp:term":[{"taxonomy":"category","embeddable":true,"href":"http:\/\/elcuartopoder.com.mx\/nw\/wp-json\/wp\/v2\/categories?post=85739"},{"taxonomy":"post_tag","embeddable":true,"href":"http:\/\/elcuartopoder.com.mx\/nw\/wp-json\/wp\/v2\/tags?post=85739"}],"curies":[{"name":"wp","href":"https:\/\/api.w.org\/{rel}","templated":true}]}}